{"id":10718,"date":"2023-09-12T12:10:38","date_gmt":"2023-09-12T10:10:38","guid":{"rendered":"https:\/\/www-akustikksenter.wp3.hcweb.dev\/?p=10718"},"modified":"2023-10-05T09:32:22","modified_gmt":"2023-10-05T07:32:22","slug":"maleri-af-efterklang-og-afhjaelpning","status":"publish","type":"post","link":"https:\/\/www.akustikksenter.no\/da\/arkiv\/maling-av-etterklang-og-utbedring\/","title":{"rendered":"M\u00e5ling og afhj\u00e6lpning af efterklang i kontorer"},"content":{"rendered":"<h4>H\u00f8r, hvor lang og kort efterklangstiden opleves! Husk at skrue h\u00f8jt op for lyden!<\/h4>\n<p>Den f\u00f8rste lydisolerende foranstaltning er at installere grundl\u00e6ggende absorption i rummet. Absorberen <a href=\"https:\/\/www.akustikksenter.no\/da\/butik\/direkte-monterede-absorbenter-til-vaeg-og-loft\/eira-40-mm-lyddaempende-plade\/\">Eira\u2122 40 mm sort<\/a> er limet p\u00e5 hele loftet. Rummet blev derefter m\u00f8bleret. Anbefal tekstilm\u00f8bler, gardiner og planter til ekstra lydisolering. Der kan ogs\u00e5 v\u00e6re behov for akustiske skillev\u00e6gge eller bordsk\u00e6rme som\u00a0<a href=\"https:\/\/www.akustikksenter.no\/da\/produktkategorier\/skillevaegge-og-bordskaerme\/\">Hugin\u2122 lydisolerende skillev\u00e6gge og bordsk\u00e6rme.<\/a><\/p>\n\t\n\t<meta itemprop=\"url\" content=\"https:\/\/www.akustikksenter.no\/wp-content\/uploads\/2023\/01\/New-project-smith-film.mp4\" \/><div style=\"width: 640px;\" class=\"wp-video\"><video class=\"wp-video-shortcode\" id=\"video-10718-1\" width=\"640\" height=\"360\" poster=\"https:\/\/www.akustikksenter.no\/wp-content\/uploads\/2022\/12\/Maling-av-etterklangstid-kontor-tiltak1-e1670840327811.png\" preload=\"none\" controls=\"controls\"><source type=\"video\/mp4\" src=\"https:\/\/www.akustikksenter.no\/wp-content\/uploads\/2023\/01\/New-project-smith-film.mp4?_=1\" \/><a href=\"https:\/\/www.akustikksenter.no\/wp-content\/uploads\/2023\/01\/New-project-smith-film.mp4\">https:\/\/www.akustikksenter.no\/wp-content\/uploads\/2023\/01\/New-project-smith-film.mp4<\/a><\/video><\/div>","protected":false},"excerpt":{"rendered":"<p>H\u00f8r, hvor lang og kort efterklangstiden opleves! Husk at skrue h\u00f8jt op for lyden! Den f\u00f8rste lydisolerende foranstaltning er at installere grundl\u00e6ggende absorption i rummet. Eira\u2122 40 mm sort absorbent er limet p\u00e5 hele loftet. Derefter blev rummet m\u00f8bleret. Anbefal tekstilm\u00f8bler, gardiner og planter til yderligere lydabsorption. Der kan ogs\u00e5 v\u00e6re behov for akustiske skillev\u00e6gge...<\/p>","protected":false},"author":1,"featured_media":10713,"comment_status":"closed","ping_status":"open","sticky":false,"template":"","format":"standard","meta":{"_acf_changed":false,"footnotes":""},"categories":[345],"tags":[],"class_list":["post-10718","post","type-post","status-publish","format-standard","has-post-thumbnail","hentry","category-demofilm"],"acf":[],"yoast_head":"<!-- This site is optimized with the Yoast SEO plugin v27.4 - https:\/\/yoast.com\/product\/yoast-seo-wordpress\/ -->\n<title>M\u00e5ling av etterklang og utbedring i kontor - Norsk Akustikksenter<\/title>\n<meta name=\"robots\" content=\"index, follow, max-snippet:-1, max-image-preview:large, max-video-preview:-1\" \/>\n<link rel=\"canonical\" href=\"https:\/\/www.akustikksenter.no\/da\/arkiv\/maleri-af-efterklang-og-afhjaelpning\/\" \/>\n<meta property=\"og:locale\" content=\"da_DK\" \/>\n<meta property=\"og:type\" content=\"article\" \/>\n<meta property=\"og:title\" content=\"M\u00e5ling av etterklang og utbedring i kontor - Norsk Akustikksenter\" \/>\n<meta property=\"og:description\" content=\"H\u00f8r hvordan lang og kort etterklangstid oppleves! Husk \u00e5 skru opp lyden, h\u00f8yt! F\u00f8rste lyddempende tiltak er \u00e5 montere grunnleggende absorbsjon i lokalet. Absorbenten Eira\u2122 40mm svart er limt opp i hele taket. Deretter ble lokalet m\u00f8blert. Anbefaler m\u00f8bler i tekstil, gardiner og planter for ytterligere lyddemping. Det kan ogs\u00e5 v\u00e6re behov for akustikk skillevegger&hellip;\" \/>\n<meta property=\"og:url\" content=\"https:\/\/www.akustikksenter.no\/da\/arkiv\/maleri-af-efterklang-og-afhjaelpning\/\" \/>\n<meta property=\"og:site_name\" content=\"Norsk Akustikksenter\" \/>\n<meta property=\"article:publisher\" content=\"https:\/\/www.facebook.com\/Akustikksenter\/\" \/>\n<meta property=\"article:published_time\" content=\"2023-09-12T10:10:38+00:00\" \/>\n<meta property=\"article:modified_time\" content=\"2023-10-05T07:32:22+00:00\" \/>\n<meta property=\"og:image\" content=\"https:\/\/www.akustikksenter.no\/wp-content\/uploads\/2023\/09\/Skjermbilde-2023-09-12-115523.png\" \/>\n\t<meta property=\"og:image:width\" content=\"1643\" \/>\n\t<meta property=\"og:image:height\" content=\"1021\" \/>\n\t<meta property=\"og:image:type\" content=\"image\/png\" \/>\n<meta name=\"author\" content=\"administrator\" \/>\n<meta name=\"twitter:label1\" content=\"Skrevet af\" \/>\n\t<meta name=\"twitter:data1\" content=\"administrator\" \/>\n<script type=\"application\/ld+json\" class=\"yoast-schema-graph\">{\"@context\":\"https:\\\/\\\/schema.org\",\"@graph\":[{\"@type\":\"Article\",\"@id\":\"https:\\\/\\\/www.akustikksenter.no\\\/arkiv\\\/maling-av-etterklang-og-utbedring\\\/#article\",\"isPartOf\":{\"@id\":\"https:\\\/\\\/www.akustikksenter.no\\\/arkiv\\\/maling-av-etterklang-og-utbedring\\\/\"},\"author\":{\"name\":\"administrator\",\"@id\":\"https:\\\/\\\/www.akustikksenter.no\\\/#\\\/schema\\\/person\\\/8211b23de1062ef1805514ef9bdc3d4b\"},\"headline\":\"M\u00e5ling av etterklang og utbedring i kontor\",\"datePublished\":\"2023-09-12T10:10:38+00:00\",\"dateModified\":\"2023-10-05T07:32:22+00:00\",\"mainEntityOfPage\":{\"@id\":\"https:\\\/\\\/www.akustikksenter.no\\\/arkiv\\\/maling-av-etterklang-og-utbedring\\\/\"},\"wordCount\":98,\"publisher\":{\"@id\":\"https:\\\/\\\/www.akustikksenter.no\\\/#organization\"},\"image\":{\"@id\":\"https:\\\/\\\/www.akustikksenter.no\\\/arkiv\\\/maling-av-etterklang-og-utbedring\\\/#primaryimage\"},\"thumbnailUrl\":\"https:\\\/\\\/www.akustikksenter.no\\\/wp-content\\\/uploads\\\/2023\\\/09\\\/Skjermbilde-2023-09-12-115523.png\",\"articleSection\":[\"Demofilm\"],\"inLanguage\":\"da-DK\"},{\"@type\":\"WebPage\",\"@id\":\"https:\\\/\\\/www.akustikksenter.no\\\/arkiv\\\/maling-av-etterklang-og-utbedring\\\/\",\"url\":\"https:\\\/\\\/www.akustikksenter.no\\\/arkiv\\\/maling-av-etterklang-og-utbedring\\\/\",\"name\":\"M\u00e5ling av etterklang og utbedring i kontor - Norsk Akustikksenter\",\"isPartOf\":{\"@id\":\"https:\\\/\\\/www.akustikksenter.no\\\/#website\"},\"primaryImageOfPage\":{\"@id\":\"https:\\\/\\\/www.akustikksenter.no\\\/arkiv\\\/maling-av-etterklang-og-utbedring\\\/#primaryimage\"},\"image\":{\"@id\":\"https:\\\/\\\/www.akustikksenter.no\\\/arkiv\\\/maling-av-etterklang-og-utbedring\\\/#primaryimage\"},\"thumbnailUrl\":\"https:\\\/\\\/www.akustikksenter.no\\\/wp-content\\\/uploads\\\/2023\\\/09\\\/Skjermbilde-2023-09-12-115523.png\",\"datePublished\":\"2023-09-12T10:10:38+00:00\",\"dateModified\":\"2023-10-05T07:32:22+00:00\",\"breadcrumb\":{\"@id\":\"https:\\\/\\\/www.akustikksenter.no\\\/arkiv\\\/maling-av-etterklang-og-utbedring\\\/#breadcrumb\"},\"inLanguage\":\"da-DK\",\"potentialAction\":[{\"@type\":\"ReadAction\",\"target\":[\"https:\\\/\\\/www.akustikksenter.no\\\/arkiv\\\/maling-av-etterklang-og-utbedring\\\/\"]}]},{\"@type\":\"ImageObject\",\"inLanguage\":\"da-DK\",\"@id\":\"https:\\\/\\\/www.akustikksenter.no\\\/arkiv\\\/maling-av-etterklang-og-utbedring\\\/#primaryimage\",\"url\":\"https:\\\/\\\/www.akustikksenter.no\\\/wp-content\\\/uploads\\\/2023\\\/09\\\/Skjermbilde-2023-09-12-115523.png\",\"contentUrl\":\"https:\\\/\\\/www.akustikksenter.no\\\/wp-content\\\/uploads\\\/2023\\\/09\\\/Skjermbilde-2023-09-12-115523.png\",\"width\":1643,\"height\":1021},{\"@type\":\"BreadcrumbList\",\"@id\":\"https:\\\/\\\/www.akustikksenter.no\\\/arkiv\\\/maling-av-etterklang-og-utbedring\\\/#breadcrumb\",\"itemListElement\":[{\"@type\":\"ListItem\",\"position\":1,\"name\":\"Hjem\",\"item\":\"https:\\\/\\\/www.akustikksenter.no\\\/\"},{\"@type\":\"ListItem\",\"position\":2,\"name\":\"Demofilm\",\"item\":\"https:\\\/\\\/www.akustikksenter.no\\\/kategori\\\/demofilm\\\/\"},{\"@type\":\"ListItem\",\"position\":3,\"name\":\"M\u00e5ling av etterklang og utbedring i kontor\"}]},{\"@type\":\"WebSite\",\"@id\":\"https:\\\/\\\/www.akustikksenter.no\\\/#website\",\"url\":\"https:\\\/\\\/www.akustikksenter.no\\\/\",\"name\":\"Norsk Akustikksenter\",\"description\":\"Totalleverand\u00f8r av akustikkl\u00f8sninger\",\"publisher\":{\"@id\":\"https:\\\/\\\/www.akustikksenter.no\\\/#organization\"},\"potentialAction\":[{\"@type\":\"SearchAction\",\"target\":{\"@type\":\"EntryPoint\",\"urlTemplate\":\"https:\\\/\\\/www.akustikksenter.no\\\/?s={search_term_string}\"},\"query-input\":{\"@type\":\"PropertyValueSpecification\",\"valueRequired\":true,\"valueName\":\"search_term_string\"}}],\"inLanguage\":\"da-DK\"},{\"@type\":\"Organization\",\"@id\":\"https:\\\/\\\/www.akustikksenter.no\\\/#organization\",\"name\":\"Norsk Akustikksenter\",\"alternateName\":\"Akustikksenter\",\"url\":\"https:\\\/\\\/www.akustikksenter.no\\\/\",\"logo\":{\"@type\":\"ImageObject\",\"inLanguage\":\"da-DK\",\"@id\":\"https:\\\/\\\/www.akustikksenter.no\\\/#\\\/schema\\\/logo\\\/image\\\/\",\"url\":\"https:\\\/\\\/www.akustikksenter.no\\\/wp-content\\\/uploads\\\/2018\\\/02\\\/Norsk-Akkustikksenter_nyLogo_payoff-3-e1518606723632.png\",\"contentUrl\":\"https:\\\/\\\/www.akustikksenter.no\\\/wp-content\\\/uploads\\\/2018\\\/02\\\/Norsk-Akkustikksenter_nyLogo_payoff-3-e1518606723632.png\",\"width\":232,\"height\":93,\"caption\":\"Norsk Akustikksenter\"},\"image\":{\"@id\":\"https:\\\/\\\/www.akustikksenter.no\\\/#\\\/schema\\\/logo\\\/image\\\/\"},\"sameAs\":[\"https:\\\/\\\/www.facebook.com\\\/Akustikksenter\\\/\",\"https:\\\/\\\/www.pinterest.com\\\/akustikksenter\\\/\",\"https:\\\/\\\/www.instagram.com\\\/akustikksenter_norway\\\/\",\"https:\\\/\\\/no.linkedin.com\\\/company\\\/norsk-akustikksenter-as\"]},{\"@type\":\"Person\",\"@id\":\"https:\\\/\\\/www.akustikksenter.no\\\/#\\\/schema\\\/person\\\/8211b23de1062ef1805514ef9bdc3d4b\",\"name\":\"administrator\"}]}<\/script>\n<!-- \/ Yoast SEO plugin. -->","yoast_head_json":{"title":"M\u00e5ling og afhj\u00e6lpning af efterklang i kontorer - Norsk Akustikksenter","robots":{"index":"index","follow":"follow","max-snippet":"max-snippet:-1","max-image-preview":"max-image-preview:large","max-video-preview":"max-video-preview:-1"},"canonical":"https:\/\/www.akustikksenter.no\/da\/arkiv\/maleri-af-efterklang-og-afhjaelpning\/","og_locale":"da_DK","og_type":"article","og_title":"M\u00e5ling av etterklang og utbedring i kontor - Norsk Akustikksenter","og_description":"H\u00f8r hvordan lang og kort etterklangstid oppleves! Husk \u00e5 skru opp lyden, h\u00f8yt! F\u00f8rste lyddempende tiltak er \u00e5 montere grunnleggende absorbsjon i lokalet. Absorbenten Eira\u2122 40mm svart er limt opp i hele taket. Deretter ble lokalet m\u00f8blert. Anbefaler m\u00f8bler i tekstil, gardiner og planter for ytterligere lyddemping. Det kan ogs\u00e5 v\u00e6re behov for akustikk skillevegger&hellip;","og_url":"https:\/\/www.akustikksenter.no\/da\/arkiv\/maleri-af-efterklang-og-afhjaelpning\/","og_site_name":"Norsk Akustikksenter","article_publisher":"https:\/\/www.facebook.com\/Akustikksenter\/","article_published_time":"2023-09-12T10:10:38+00:00","article_modified_time":"2023-10-05T07:32:22+00:00","og_image":[{"width":1643,"height":1021,"url":"https:\/\/www.akustikksenter.no\/wp-content\/uploads\/2023\/09\/Skjermbilde-2023-09-12-115523.png","type":"image\/png"}],"author":"administrator","twitter_misc":{"Skrevet af":"administrator"},"schema":{"@context":"https:\/\/schema.org","@graph":[{"@type":"Article","@id":"https:\/\/www.akustikksenter.no\/arkiv\/maling-av-etterklang-og-utbedring\/#article","isPartOf":{"@id":"https:\/\/www.akustikksenter.no\/arkiv\/maling-av-etterklang-og-utbedring\/"},"author":{"name":"administrator","@id":"https:\/\/www.akustikksenter.no\/#\/schema\/person\/8211b23de1062ef1805514ef9bdc3d4b"},"headline":"M\u00e5ling av etterklang og utbedring i kontor","datePublished":"2023-09-12T10:10:38+00:00","dateModified":"2023-10-05T07:32:22+00:00","mainEntityOfPage":{"@id":"https:\/\/www.akustikksenter.no\/arkiv\/maling-av-etterklang-og-utbedring\/"},"wordCount":98,"publisher":{"@id":"https:\/\/www.akustikksenter.no\/#organization"},"image":{"@id":"https:\/\/www.akustikksenter.no\/arkiv\/maling-av-etterklang-og-utbedring\/#primaryimage"},"thumbnailUrl":"https:\/\/www.akustikksenter.no\/wp-content\/uploads\/2023\/09\/Skjermbilde-2023-09-12-115523.png","articleSection":["Demofilm"],"inLanguage":"da-DK"},{"@type":"WebPage","@id":"https:\/\/www.akustikksenter.no\/arkiv\/maling-av-etterklang-og-utbedring\/","url":"https:\/\/www.akustikksenter.no\/arkiv\/maling-av-etterklang-og-utbedring\/","name":"M\u00e5ling og afhj\u00e6lpning af efterklang i kontorer - Norsk Akustikksenter","isPartOf":{"@id":"https:\/\/www.akustikksenter.no\/#website"},"primaryImageOfPage":{"@id":"https:\/\/www.akustikksenter.no\/arkiv\/maling-av-etterklang-og-utbedring\/#primaryimage"},"image":{"@id":"https:\/\/www.akustikksenter.no\/arkiv\/maling-av-etterklang-og-utbedring\/#primaryimage"},"thumbnailUrl":"https:\/\/www.akustikksenter.no\/wp-content\/uploads\/2023\/09\/Skjermbilde-2023-09-12-115523.png","datePublished":"2023-09-12T10:10:38+00:00","dateModified":"2023-10-05T07:32:22+00:00","breadcrumb":{"@id":"https:\/\/www.akustikksenter.no\/arkiv\/maling-av-etterklang-og-utbedring\/#breadcrumb"},"inLanguage":"da-DK","potentialAction":[{"@type":"ReadAction","target":["https:\/\/www.akustikksenter.no\/arkiv\/maling-av-etterklang-og-utbedring\/"]}]},{"@type":"ImageObject","inLanguage":"da-DK","@id":"https:\/\/www.akustikksenter.no\/arkiv\/maling-av-etterklang-og-utbedring\/#primaryimage","url":"https:\/\/www.akustikksenter.no\/wp-content\/uploads\/2023\/09\/Skjermbilde-2023-09-12-115523.png","contentUrl":"https:\/\/www.akustikksenter.no\/wp-content\/uploads\/2023\/09\/Skjermbilde-2023-09-12-115523.png","width":1643,"height":1021},{"@type":"BreadcrumbList","@id":"https:\/\/www.akustikksenter.no\/arkiv\/maling-av-etterklang-og-utbedring\/#breadcrumb","itemListElement":[{"@type":"ListItem","position":1,"name":"Hjem","item":"https:\/\/www.akustikksenter.no\/"},{"@type":"ListItem","position":2,"name":"Demofilm","item":"https:\/\/www.akustikksenter.no\/kategori\/demofilm\/"},{"@type":"ListItem","position":3,"name":"M\u00e5ling av etterklang og utbedring i kontor"}]},{"@type":"WebSite","@id":"https:\/\/www.akustikksenter.no\/#website","url":"https:\/\/www.akustikksenter.no\/","name":"Norsk Akustik Center","description":"Totalleverand\u00f8r af akustiske l\u00f8sninger","publisher":{"@id":"https:\/\/www.akustikksenter.no\/#organization"},"potentialAction":[{"@type":"SearchAction","target":{"@type":"EntryPoint","urlTemplate":"https:\/\/www.akustikksenter.no\/?s={search_term_string}"},"query-input":{"@type":"PropertyValueSpecification","valueRequired":true,"valueName":"search_term_string"}}],"inLanguage":"da-DK"},{"@type":"Organization","@id":"https:\/\/www.akustikksenter.no\/#organization","name":"Norsk Akustik Center","alternateName":"Akustikksenter","url":"https:\/\/www.akustikksenter.no\/","logo":{"@type":"ImageObject","inLanguage":"da-DK","@id":"https:\/\/www.akustikksenter.no\/#\/schema\/logo\/image\/","url":"https:\/\/www.akustikksenter.no\/wp-content\/uploads\/2018\/02\/Norsk-Akkustikksenter_nyLogo_payoff-3-e1518606723632.png","contentUrl":"https:\/\/www.akustikksenter.no\/wp-content\/uploads\/2018\/02\/Norsk-Akkustikksenter_nyLogo_payoff-3-e1518606723632.png","width":232,"height":93,"caption":"Norsk Akustikksenter"},"image":{"@id":"https:\/\/www.akustikksenter.no\/#\/schema\/logo\/image\/"},"sameAs":["https:\/\/www.facebook.com\/Akustikksenter\/","https:\/\/www.pinterest.com\/akustikksenter\/","https:\/\/www.instagram.com\/akustikksenter_norway\/","https:\/\/no.linkedin.com\/company\/norsk-akustikksenter-as"]},{"@type":"Person","@id":"https:\/\/www.akustikksenter.no\/#\/schema\/person\/8211b23de1062ef1805514ef9bdc3d4b","name":"Administrator"}]}},"_links":{"self":[{"href":"https:\/\/www.akustikksenter.no\/da\/wp-json\/wp\/v2\/posts\/10718","targetHints":{"allow":["GET"]}}],"collection":[{"href":"https:\/\/www.akustikksenter.no\/da\/wp-json\/wp\/v2\/posts"}],"about":[{"href":"https:\/\/www.akustikksenter.no\/da\/wp-json\/wp\/v2\/types\/post"}],"author":[{"embeddable":true,"href":"https:\/\/www.akustikksenter.no\/da\/wp-json\/wp\/v2\/users\/1"}],"replies":[{"embeddable":true,"href":"https:\/\/www.akustikksenter.no\/da\/wp-json\/wp\/v2\/comments?post=10718"}],"version-history":[{"count":0,"href":"https:\/\/www.akustikksenter.no\/da\/wp-json\/wp\/v2\/posts\/10718\/revisions"}],"wp:featuredmedia":[{"embeddable":true,"href":"https:\/\/www.akustikksenter.no\/da\/wp-json\/wp\/v2\/media\/10713"}],"wp:attachment":[{"href":"https:\/\/www.akustikksenter.no\/da\/wp-json\/wp\/v2\/media?parent=10718"}],"wp:term":[{"taxonomy":"category","embeddable":true,"href":"https:\/\/www.akustikksenter.no\/da\/wp-json\/wp\/v2\/categories?post=10718"},{"taxonomy":"post_tag","embeddable":true,"href":"https:\/\/www.akustikksenter.no\/da\/wp-json\/wp\/v2\/tags?post=10718"}],"curies":[{"name":"wp","href":"https:\/\/api.w.org\/{rel}","templated":true}]}}