{"id":11208,"date":"2023-11-28T12:39:16","date_gmt":"2023-11-28T11:39:16","guid":{"rendered":"https:\/\/www-akustikksenter.wp3.hcweb.dev\/?p=11208"},"modified":"2023-11-28T15:17:28","modified_gmt":"2023-11-28T14:17:28","slug":"vi-er-oko-tarn-certificerede","status":"publish","type":"post","link":"https:\/\/www.akustikksenter.no\/da\/arkiv\/vi-er-miljotarn-sertifisert\/","title":{"rendered":"Vi er Eco-Lighthouse-certificerede"},"content":{"rendered":"<p><\/p>\n\n\n\n<p class=\"has-medium-font-size\">Norsk Akustisk Senter har taget en bevidst beslutning om at p\u00e5tage sig et klima- og milj\u00f8ansvar gennem <a href=\"https:\/\/www.miljofyrtarn.no\/\" target=\"_blank\" rel=\"noreferrer noopener\">Milj\u00f8fyrt\u00e5rn<\/a> certificering. <\/p>\n\n\n\n<p>Dette norske offentlige certifikat, der st\u00f8ttes og anbefales af Milj\u00f8ministeriet, repr\u00e6senterer en forpligtelse, der ikke kun er et bevis p\u00e5 vores milj\u00f8indsats, men som ogs\u00e5 anerkendes af myndighederne i forbindelse med offentlige indk\u00f8b og udbudskonkurrencer.<\/p>\n\n\n\n<p>Milj\u00f8fyrt\u00e5rn giver os en konkret ramme som milj\u00f8ledelsessystem, hvor vi aktivt har sat milj\u00f8m\u00e5l og opfylder n\u00f8je definerede krav inden for sundhed, milj\u00f8, sikkerhed, arbejdsmilj\u00f8, energi, affald, transport og \u00e6stetik. Gennem en grundig milj\u00f8analyse har vi nu opn\u00e5et en Milj\u00f8fyrt\u00e5rn-certificering, som understreger vores engagement i b\u00e6redygtige principper.<\/p>\n\n\n\n<h2 class=\"wp-block-heading has-medium-font-size\"><strong>Anerkendt i Europa<\/strong><\/h2>\n\n\n\n<p>Vi er stolte over at kunne fort\u00e6lle, at vores indsats ikke kun er nationalt anerkendt, men ogs\u00e5 internationalt. Eco-Lighthouse, ogs\u00e5 kendt som <a href=\"https:\/\/eco-lighthouse.org\/\" target=\"_blank\" rel=\"noreferrer noopener\">Milj\u00f8fyrt\u00e5rn,<\/a> er den f\u00f8rste nationale ordning i Europa, der er anerkendt af EU. Vores certificering giver os ogs\u00e5 mulighed for at fremvise vores Eco-Lighthouse-certifikat som dokumentation i situationer, hvor der kr\u00e6ves overholdelse af EMAS eller andre milj\u00f8ledelsessystemer. Det er et vigtigt skridt mod en gr\u00f8nnere og mere b\u00e6redygtig fremtid, og vi ser frem til at forts\u00e6tte vores rejse mod en stadig mere milj\u00f8venlig drift.<\/p>\n\n\n\n<p><a href=\"https:\/\/www.akustikksenter.no\/da\/om-os\/certificeringer-og-ekspertise\/#sertifisering\">Se alle vores certificeringer her<\/a><\/p>\n\n\n\n<figure class=\"wp-block-image size-large\"><img decoding=\"async\" width=\"1024\" height=\"576\" src=\"https:\/\/www.akustikksenter.no\/wp-content\/uploads\/2023\/11\/Miljofyrtarn-v3-Banner-1920x1080px-1024x576.jpg\" alt=\"\" class=\"wp-image-11221\" srcset=\"https:\/\/www.akustikksenter.no\/wp-content\/uploads\/2023\/11\/Miljofyrtarn-v3-Banner-1920x1080px-1024x576.jpg 1024w, https:\/\/www.akustikksenter.no\/wp-content\/uploads\/2023\/11\/Miljofyrtarn-v3-Banner-1920x1080px-400x225.jpg 400w, https:\/\/www.akustikksenter.no\/wp-content\/uploads\/2023\/11\/Miljofyrtarn-v3-Banner-1920x1080px-200x113.jpg 200w, https:\/\/www.akustikksenter.no\/wp-content\/uploads\/2023\/11\/Miljofyrtarn-v3-Banner-1920x1080px-768x432.jpg 768w, https:\/\/www.akustikksenter.no\/wp-content\/uploads\/2023\/11\/Miljofyrtarn-v3-Banner-1920x1080px-1536x864.jpg 1536w, https:\/\/www.akustikksenter.no\/wp-content\/uploads\/2023\/11\/Miljofyrtarn-v3-Banner-1920x1080px-2048x1152.jpg 2048w, https:\/\/www.akustikksenter.no\/wp-content\/uploads\/2023\/11\/Miljofyrtarn-v3-Banner-1920x1080px-800x450.jpg 800w\" sizes=\"(max-width: 1024px) 100vw, 1024px\" \/><\/figure>\n\n\n\n<p><\/p>","protected":false},"excerpt":{"rendered":"<p>Norsk Akustikksenter har truffet en bevidst beslutning om at p\u00e5tage sig et klima- og milj\u00f8ansvar gennem Milj\u00f8fyrt\u00e5rn-certificeringen. Dette norske offentlige certifikat, som er st\u00f8ttet og anbefalet af Milj\u00f8ministeriet, repr\u00e6senterer en forpligtelse, som ikke kun er et bevis p\u00e5 vores milj\u00f8indsats, men som ogs\u00e5 anerkendes af myndighederne i forbindelse med offentlige indk\u00f8b og udbud. Milj\u00f8fyrt\u00e5rn giver os et konkret...<\/p>","protected":false},"author":1,"featured_media":11210,"comment_status":"closed","ping_status":"open","sticky":false,"template":"","format":"standard","meta":{"_acf_changed":false,"footnotes":""},"categories":[26],"tags":[],"class_list":["post-11208","post","type-post","status-publish","format-standard","has-post-thumbnail","hentry","category-aktuelt"],"acf":[],"yoast_head":"<!-- This site is optimized with the Yoast SEO plugin v27.4 - https:\/\/yoast.com\/product\/yoast-seo-wordpress\/ -->\n<title>Vi er Milj\u00f8fyrt\u00e5rn-sertifisert - Norsk Akustikksenter<\/title>\n<meta name=\"description\" content=\"Norsk Akustikksenter har tatt et bevisst valg om \u00e5 p\u00e5ta seg klima- og milj\u00f8ansvar gjennom Milj\u00f8fyrt\u00e5rn sertifiseringen.\" \/>\n<meta name=\"robots\" content=\"index, follow, max-snippet:-1, max-image-preview:large, max-video-preview:-1\" \/>\n<link rel=\"canonical\" href=\"https:\/\/www.akustikksenter.no\/da\/arkiv\/vi-er-oko-tarn-certificerede\/\" \/>\n<meta property=\"og:locale\" content=\"da_DK\" \/>\n<meta property=\"og:type\" content=\"article\" \/>\n<meta property=\"og:title\" content=\"Vi er Milj\u00f8fyrt\u00e5rn-sertifisert - Norsk Akustikksenter\" \/>\n<meta property=\"og:description\" content=\"Norsk Akustikksenter har tatt et bevisst valg om \u00e5 p\u00e5ta seg klima- og milj\u00f8ansvar gjennom Milj\u00f8fyrt\u00e5rn sertifiseringen.\" \/>\n<meta property=\"og:url\" content=\"https:\/\/www.akustikksenter.no\/da\/arkiv\/vi-er-oko-tarn-certificerede\/\" \/>\n<meta property=\"og:site_name\" content=\"Norsk Akustikksenter\" \/>\n<meta property=\"article:publisher\" content=\"https:\/\/www.facebook.com\/Akustikksenter\/\" \/>\n<meta property=\"article:published_time\" content=\"2023-11-28T11:39:16+00:00\" \/>\n<meta property=\"article:modified_time\" content=\"2023-11-28T14:17:28+00:00\" \/>\n<meta property=\"og:image\" content=\"https:\/\/www.akustikksenter.no\/wp-content\/uploads\/2023\/11\/Banner-SOME-4-vi-er-sertifisert.jpg\" \/>\n\t<meta property=\"og:image:width\" content=\"1080\" \/>\n\t<meta property=\"og:image:height\" content=\"1080\" \/>\n\t<meta property=\"og:image:type\" content=\"image\/jpeg\" \/>\n<meta name=\"author\" content=\"administrator\" \/>\n<meta name=\"twitter:label1\" content=\"Skrevet af\" \/>\n\t<meta name=\"twitter:data1\" content=\"administrator\" \/>\n\t<meta name=\"twitter:label2\" content=\"Estimeret l\u00e6setid\" \/>\n\t<meta name=\"twitter:data2\" content=\"1 minut\" \/>\n<script type=\"application\/ld+json\" class=\"yoast-schema-graph\">{\"@context\":\"https:\\\/\\\/schema.org\",\"@graph\":[{\"@type\":\"Article\",\"@id\":\"https:\\\/\\\/www.akustikksenter.no\\\/arkiv\\\/vi-er-miljotarn-sertifisert\\\/#article\",\"isPartOf\":{\"@id\":\"https:\\\/\\\/www.akustikksenter.no\\\/arkiv\\\/vi-er-miljotarn-sertifisert\\\/\"},\"author\":{\"name\":\"administrator\",\"@id\":\"https:\\\/\\\/www.akustikksenter.no\\\/#\\\/schema\\\/person\\\/8211b23de1062ef1805514ef9bdc3d4b\"},\"headline\":\"Vi er Milj\u00f8fyrt\u00e5rn-sertifisert\",\"datePublished\":\"2023-11-28T11:39:16+00:00\",\"dateModified\":\"2023-11-28T14:17:28+00:00\",\"mainEntityOfPage\":{\"@id\":\"https:\\\/\\\/www.akustikksenter.no\\\/arkiv\\\/vi-er-miljotarn-sertifisert\\\/\"},\"wordCount\":231,\"publisher\":{\"@id\":\"https:\\\/\\\/www.akustikksenter.no\\\/#organization\"},\"image\":{\"@id\":\"https:\\\/\\\/www.akustikksenter.no\\\/arkiv\\\/vi-er-miljotarn-sertifisert\\\/#primaryimage\"},\"thumbnailUrl\":\"https:\\\/\\\/www.akustikksenter.no\\\/wp-content\\\/uploads\\\/2023\\\/11\\\/Banner-SOME-4-vi-er-sertifisert.jpg\",\"articleSection\":[\"Aktuelt\"],\"inLanguage\":\"da-DK\"},{\"@type\":\"WebPage\",\"@id\":\"https:\\\/\\\/www.akustikksenter.no\\\/arkiv\\\/vi-er-miljotarn-sertifisert\\\/\",\"url\":\"https:\\\/\\\/www.akustikksenter.no\\\/arkiv\\\/vi-er-miljotarn-sertifisert\\\/\",\"name\":\"Vi er Milj\u00f8fyrt\u00e5rn-sertifisert - Norsk Akustikksenter\",\"isPartOf\":{\"@id\":\"https:\\\/\\\/www.akustikksenter.no\\\/#website\"},\"primaryImageOfPage\":{\"@id\":\"https:\\\/\\\/www.akustikksenter.no\\\/arkiv\\\/vi-er-miljotarn-sertifisert\\\/#primaryimage\"},\"image\":{\"@id\":\"https:\\\/\\\/www.akustikksenter.no\\\/arkiv\\\/vi-er-miljotarn-sertifisert\\\/#primaryimage\"},\"thumbnailUrl\":\"https:\\\/\\\/www.akustikksenter.no\\\/wp-content\\\/uploads\\\/2023\\\/11\\\/Banner-SOME-4-vi-er-sertifisert.jpg\",\"datePublished\":\"2023-11-28T11:39:16+00:00\",\"dateModified\":\"2023-11-28T14:17:28+00:00\",\"description\":\"Norsk Akustikksenter har tatt et bevisst valg om \u00e5 p\u00e5ta seg klima- og milj\u00f8ansvar gjennom Milj\u00f8fyrt\u00e5rn sertifiseringen.\",\"breadcrumb\":{\"@id\":\"https:\\\/\\\/www.akustikksenter.no\\\/arkiv\\\/vi-er-miljotarn-sertifisert\\\/#breadcrumb\"},\"inLanguage\":\"da-DK\",\"potentialAction\":[{\"@type\":\"ReadAction\",\"target\":[\"https:\\\/\\\/www.akustikksenter.no\\\/arkiv\\\/vi-er-miljotarn-sertifisert\\\/\"]}]},{\"@type\":\"ImageObject\",\"inLanguage\":\"da-DK\",\"@id\":\"https:\\\/\\\/www.akustikksenter.no\\\/arkiv\\\/vi-er-miljotarn-sertifisert\\\/#primaryimage\",\"url\":\"https:\\\/\\\/www.akustikksenter.no\\\/wp-content\\\/uploads\\\/2023\\\/11\\\/Banner-SOME-4-vi-er-sertifisert.jpg\",\"contentUrl\":\"https:\\\/\\\/www.akustikksenter.no\\\/wp-content\\\/uploads\\\/2023\\\/11\\\/Banner-SOME-4-vi-er-sertifisert.jpg\",\"width\":1080,\"height\":1080},{\"@type\":\"BreadcrumbList\",\"@id\":\"https:\\\/\\\/www.akustikksenter.no\\\/arkiv\\\/vi-er-miljotarn-sertifisert\\\/#breadcrumb\",\"itemListElement\":[{\"@type\":\"ListItem\",\"position\":1,\"name\":\"Hjem\",\"item\":\"https:\\\/\\\/www.akustikksenter.no\\\/\"},{\"@type\":\"ListItem\",\"position\":2,\"name\":\"Aktuelt\",\"item\":\"https:\\\/\\\/www.akustikksenter.no\\\/kategori\\\/aktuelt\\\/\"},{\"@type\":\"ListItem\",\"position\":3,\"name\":\"Vi er Milj\u00f8fyrt\u00e5rn-sertifisert\"}]},{\"@type\":\"WebSite\",\"@id\":\"https:\\\/\\\/www.akustikksenter.no\\\/#website\",\"url\":\"https:\\\/\\\/www.akustikksenter.no\\\/\",\"name\":\"Norsk Akustikksenter\",\"description\":\"Totalleverand\u00f8r av akustikkl\u00f8sninger\",\"publisher\":{\"@id\":\"https:\\\/\\\/www.akustikksenter.no\\\/#organization\"},\"potentialAction\":[{\"@type\":\"SearchAction\",\"target\":{\"@type\":\"EntryPoint\",\"urlTemplate\":\"https:\\\/\\\/www.akustikksenter.no\\\/?s={search_term_string}\"},\"query-input\":{\"@type\":\"PropertyValueSpecification\",\"valueRequired\":true,\"valueName\":\"search_term_string\"}}],\"inLanguage\":\"da-DK\"},{\"@type\":\"Organization\",\"@id\":\"https:\\\/\\\/www.akustikksenter.no\\\/#organization\",\"name\":\"Norsk Akustikksenter\",\"alternateName\":\"Akustikksenter\",\"url\":\"https:\\\/\\\/www.akustikksenter.no\\\/\",\"logo\":{\"@type\":\"ImageObject\",\"inLanguage\":\"da-DK\",\"@id\":\"https:\\\/\\\/www.akustikksenter.no\\\/#\\\/schema\\\/logo\\\/image\\\/\",\"url\":\"https:\\\/\\\/www.akustikksenter.no\\\/wp-content\\\/uploads\\\/2018\\\/02\\\/Norsk-Akkustikksenter_nyLogo_payoff-3-e1518606723632.png\",\"contentUrl\":\"https:\\\/\\\/www.akustikksenter.no\\\/wp-content\\\/uploads\\\/2018\\\/02\\\/Norsk-Akkustikksenter_nyLogo_payoff-3-e1518606723632.png\",\"width\":232,\"height\":93,\"caption\":\"Norsk Akustikksenter\"},\"image\":{\"@id\":\"https:\\\/\\\/www.akustikksenter.no\\\/#\\\/schema\\\/logo\\\/image\\\/\"},\"sameAs\":[\"https:\\\/\\\/www.facebook.com\\\/Akustikksenter\\\/\",\"https:\\\/\\\/www.pinterest.com\\\/akustikksenter\\\/\",\"https:\\\/\\\/www.instagram.com\\\/akustikksenter_norway\\\/\",\"https:\\\/\\\/no.linkedin.com\\\/company\\\/norsk-akustikksenter-as\"]},{\"@type\":\"Person\",\"@id\":\"https:\\\/\\\/www.akustikksenter.no\\\/#\\\/schema\\\/person\\\/8211b23de1062ef1805514ef9bdc3d4b\",\"name\":\"administrator\"}]}<\/script>\n<!-- \/ Yoast SEO plugin. -->","yoast_head_json":{"title":"Vi er certificeret som Milj\u00f8fyrt\u00e5rn - Norsk Akustikksenter","description":"Norsk Akustikksenter har taget en bevidst beslutning om at p\u00e5tage sig et klima- og milj\u00f8ansvar gennem Milj\u00f8fyrt\u00e5rn-certificering.","robots":{"index":"index","follow":"follow","max-snippet":"max-snippet:-1","max-image-preview":"max-image-preview:large","max-video-preview":"max-video-preview:-1"},"canonical":"https:\/\/www.akustikksenter.no\/da\/arkiv\/vi-er-oko-tarn-certificerede\/","og_locale":"da_DK","og_type":"article","og_title":"Vi er Milj\u00f8fyrt\u00e5rn-sertifisert - Norsk Akustikksenter","og_description":"Norsk Akustikksenter har tatt et bevisst valg om \u00e5 p\u00e5ta seg klima- og milj\u00f8ansvar gjennom Milj\u00f8fyrt\u00e5rn sertifiseringen.","og_url":"https:\/\/www.akustikksenter.no\/da\/arkiv\/vi-er-oko-tarn-certificerede\/","og_site_name":"Norsk Akustikksenter","article_publisher":"https:\/\/www.facebook.com\/Akustikksenter\/","article_published_time":"2023-11-28T11:39:16+00:00","article_modified_time":"2023-11-28T14:17:28+00:00","og_image":[{"width":1080,"height":1080,"url":"https:\/\/www.akustikksenter.no\/wp-content\/uploads\/2023\/11\/Banner-SOME-4-vi-er-sertifisert.jpg","type":"image\/jpeg"}],"author":"administrator","twitter_misc":{"Skrevet af":"administrator","Estimeret l\u00e6setid":"1 minut"},"schema":{"@context":"https:\/\/schema.org","@graph":[{"@type":"Article","@id":"https:\/\/www.akustikksenter.no\/arkiv\/vi-er-miljotarn-sertifisert\/#article","isPartOf":{"@id":"https:\/\/www.akustikksenter.no\/arkiv\/vi-er-miljotarn-sertifisert\/"},"author":{"name":"administrator","@id":"https:\/\/www.akustikksenter.no\/#\/schema\/person\/8211b23de1062ef1805514ef9bdc3d4b"},"headline":"Vi er Milj\u00f8fyrt\u00e5rn-sertifisert","datePublished":"2023-11-28T11:39:16+00:00","dateModified":"2023-11-28T14:17:28+00:00","mainEntityOfPage":{"@id":"https:\/\/www.akustikksenter.no\/arkiv\/vi-er-miljotarn-sertifisert\/"},"wordCount":231,"publisher":{"@id":"https:\/\/www.akustikksenter.no\/#organization"},"image":{"@id":"https:\/\/www.akustikksenter.no\/arkiv\/vi-er-miljotarn-sertifisert\/#primaryimage"},"thumbnailUrl":"https:\/\/www.akustikksenter.no\/wp-content\/uploads\/2023\/11\/Banner-SOME-4-vi-er-sertifisert.jpg","articleSection":["Aktuelt"],"inLanguage":"da-DK"},{"@type":"WebPage","@id":"https:\/\/www.akustikksenter.no\/arkiv\/vi-er-miljotarn-sertifisert\/","url":"https:\/\/www.akustikksenter.no\/arkiv\/vi-er-miljotarn-sertifisert\/","name":"Vi er certificeret som Milj\u00f8fyrt\u00e5rn - Norsk Akustikksenter","isPartOf":{"@id":"https:\/\/www.akustikksenter.no\/#website"},"primaryImageOfPage":{"@id":"https:\/\/www.akustikksenter.no\/arkiv\/vi-er-miljotarn-sertifisert\/#primaryimage"},"image":{"@id":"https:\/\/www.akustikksenter.no\/arkiv\/vi-er-miljotarn-sertifisert\/#primaryimage"},"thumbnailUrl":"https:\/\/www.akustikksenter.no\/wp-content\/uploads\/2023\/11\/Banner-SOME-4-vi-er-sertifisert.jpg","datePublished":"2023-11-28T11:39:16+00:00","dateModified":"2023-11-28T14:17:28+00:00","description":"Norsk Akustikksenter har taget en bevidst beslutning om at p\u00e5tage sig et klima- og milj\u00f8ansvar gennem Milj\u00f8fyrt\u00e5rn-certificering.","breadcrumb":{"@id":"https:\/\/www.akustikksenter.no\/arkiv\/vi-er-miljotarn-sertifisert\/#breadcrumb"},"inLanguage":"da-DK","potentialAction":[{"@type":"ReadAction","target":["https:\/\/www.akustikksenter.no\/arkiv\/vi-er-miljotarn-sertifisert\/"]}]},{"@type":"ImageObject","inLanguage":"da-DK","@id":"https:\/\/www.akustikksenter.no\/arkiv\/vi-er-miljotarn-sertifisert\/#primaryimage","url":"https:\/\/www.akustikksenter.no\/wp-content\/uploads\/2023\/11\/Banner-SOME-4-vi-er-sertifisert.jpg","contentUrl":"https:\/\/www.akustikksenter.no\/wp-content\/uploads\/2023\/11\/Banner-SOME-4-vi-er-sertifisert.jpg","width":1080,"height":1080},{"@type":"BreadcrumbList","@id":"https:\/\/www.akustikksenter.no\/arkiv\/vi-er-miljotarn-sertifisert\/#breadcrumb","itemListElement":[{"@type":"ListItem","position":1,"name":"Hjem","item":"https:\/\/www.akustikksenter.no\/"},{"@type":"ListItem","position":2,"name":"Aktuelt","item":"https:\/\/www.akustikksenter.no\/kategori\/aktuelt\/"},{"@type":"ListItem","position":3,"name":"Vi er Milj\u00f8fyrt\u00e5rn-sertifisert"}]},{"@type":"WebSite","@id":"https:\/\/www.akustikksenter.no\/#website","url":"https:\/\/www.akustikksenter.no\/","name":"Norsk Akustik Center","description":"Totalleverand\u00f8r af akustiske l\u00f8sninger","publisher":{"@id":"https:\/\/www.akustikksenter.no\/#organization"},"potentialAction":[{"@type":"SearchAction","target":{"@type":"EntryPoint","urlTemplate":"https:\/\/www.akustikksenter.no\/?s={search_term_string}"},"query-input":{"@type":"PropertyValueSpecification","valueRequired":true,"valueName":"search_term_string"}}],"inLanguage":"da-DK"},{"@type":"Organization","@id":"https:\/\/www.akustikksenter.no\/#organization","name":"Norsk Akustik Center","alternateName":"Akustikksenter","url":"https:\/\/www.akustikksenter.no\/","logo":{"@type":"ImageObject","inLanguage":"da-DK","@id":"https:\/\/www.akustikksenter.no\/#\/schema\/logo\/image\/","url":"https:\/\/www.akustikksenter.no\/wp-content\/uploads\/2018\/02\/Norsk-Akkustikksenter_nyLogo_payoff-3-e1518606723632.png","contentUrl":"https:\/\/www.akustikksenter.no\/wp-content\/uploads\/2018\/02\/Norsk-Akkustikksenter_nyLogo_payoff-3-e1518606723632.png","width":232,"height":93,"caption":"Norsk Akustikksenter"},"image":{"@id":"https:\/\/www.akustikksenter.no\/#\/schema\/logo\/image\/"},"sameAs":["https:\/\/www.facebook.com\/Akustikksenter\/","https:\/\/www.pinterest.com\/akustikksenter\/","https:\/\/www.instagram.com\/akustikksenter_norway\/","https:\/\/no.linkedin.com\/company\/norsk-akustikksenter-as"]},{"@type":"Person","@id":"https:\/\/www.akustikksenter.no\/#\/schema\/person\/8211b23de1062ef1805514ef9bdc3d4b","name":"Administrator"}]}},"_links":{"self":[{"href":"https:\/\/www.akustikksenter.no\/da\/wp-json\/wp\/v2\/posts\/11208","targetHints":{"allow":["GET"]}}],"collection":[{"href":"https:\/\/www.akustikksenter.no\/da\/wp-json\/wp\/v2\/posts"}],"about":[{"href":"https:\/\/www.akustikksenter.no\/da\/wp-json\/wp\/v2\/types\/post"}],"author":[{"embeddable":true,"href":"https:\/\/www.akustikksenter.no\/da\/wp-json\/wp\/v2\/users\/1"}],"replies":[{"embeddable":true,"href":"https:\/\/www.akustikksenter.no\/da\/wp-json\/wp\/v2\/comments?post=11208"}],"version-history":[{"count":0,"href":"https:\/\/www.akustikksenter.no\/da\/wp-json\/wp\/v2\/posts\/11208\/revisions"}],"wp:featuredmedia":[{"embeddable":true,"href":"https:\/\/www.akustikksenter.no\/da\/wp-json\/wp\/v2\/media\/11210"}],"wp:attachment":[{"href":"https:\/\/www.akustikksenter.no\/da\/wp-json\/wp\/v2\/media?parent=11208"}],"wp:term":[{"taxonomy":"category","embeddable":true,"href":"https:\/\/www.akustikksenter.no\/da\/wp-json\/wp\/v2\/categories?post=11208"},{"taxonomy":"post_tag","embeddable":true,"href":"https:\/\/www.akustikksenter.no\/da\/wp-json\/wp\/v2\/tags?post=11208"}],"curies":[{"name":"wp","href":"https:\/\/api.w.org\/{rel}","templated":true}]}}