{"id":13562,"date":"2025-09-08T12:00:40","date_gmt":"2025-09-08T10:00:40","guid":{"rendered":"https:\/\/www-akustikksenter.wp3.hcweb.dev\/?p=13562"},"modified":"2025-09-08T16:07:25","modified_gmt":"2025-09-08T14:07:25","slug":"fotokunst-kan-ogsa-vaere-effektiv-lydisolering","status":"publish","type":"post","link":"https:\/\/www.akustikksenter.no\/da\/arkiv\/fotokunst-kan-ogsa-vaere-effektiv-lyddemping\/","title":{"rendered":"Fotokunst kan ogs\u00e5 v\u00e6re effektiv lydisolering."},"content":{"rendered":"<p>Mission for <a href=\"https:\/\/www.eidra.com\">Eidra Consulting AS<\/a>. Kunst trykt p\u00e5\u00a0<a href=\"https:\/\/www.akustikksenter.no\/da\/butik\/direkte-monterede-absorbenter-til-vaeg-og-loft\/frigg40mm-tekstil\/\" target=\"_blank\" rel=\"noreferrer noopener\">Frigg<sup>TM<\/sup>40 absorberende<\/a>st\u00f8rrelse 1200\u00d72000 mm. Skr\u00e6ddersyet og monteret i specialfremstillede stativer, placeret i atriet hos Eidra Consulting i Oslo.<\/p>\n\n\n\n<p>Fotograf: <a href=\"https:\/\/christine-istad.no\" target=\"_blank\" rel=\"noreferrer noopener\">Christine Istad<\/a><br>Galleri: <a href=\"https:\/\/semmingsen.no\" target=\"_blank\" rel=\"noreferrer noopener\">Galleri Semmingsen<\/a><br><\/p>\n\n\n\n<figure class=\"wp-block-gallery has-nested-images columns-2 is-cropped wp-block-gallery-1 is-layout-flex wp-block-gallery-is-layout-flex\">\n<figure class=\"wp-block-image size-1536x1536\"><img decoding=\"async\" width=\"1152\" height=\"1536\" data-id=\"13566\" src=\"https:\/\/www.akustikksenter.no\/wp-content\/uploads\/2025\/09\/LookingThrough_IstadArt_04_2025-1152x1536.jpg\" alt=\"\" class=\"wp-image-13566\" srcset=\"https:\/\/www.akustikksenter.no\/wp-content\/uploads\/2025\/09\/LookingThrough_IstadArt_04_2025-1152x1536.jpg 1152w, https:\/\/www.akustikksenter.no\/wp-content\/uploads\/2025\/09\/LookingThrough_IstadArt_04_2025-300x400.jpg 300w, https:\/\/www.akustikksenter.no\/wp-content\/uploads\/2025\/09\/LookingThrough_IstadArt_04_2025-768x1024.jpg 768w, https:\/\/www.akustikksenter.no\/wp-content\/uploads\/2025\/09\/LookingThrough_IstadArt_04_2025-150x200.jpg 150w, https:\/\/www.akustikksenter.no\/wp-content\/uploads\/2025\/09\/LookingThrough_IstadArt_04_2025-1536x2048.jpg 1536w, https:\/\/www.akustikksenter.no\/wp-content\/uploads\/2025\/09\/LookingThrough_IstadArt_04_2025-9x12.jpg 9w, https:\/\/www.akustikksenter.no\/wp-content\/uploads\/2025\/09\/LookingThrough_IstadArt_04_2025-800x1067.jpg 800w, https:\/\/www.akustikksenter.no\/wp-content\/uploads\/2025\/09\/LookingThrough_IstadArt_04_2025-scaled.jpg 1920w\" sizes=\"(max-width: 1152px) 100vw, 1152px\" \/><\/figure>\n\n\n\n<figure class=\"wp-block-image size-1536x1536\"><img decoding=\"async\" width=\"1120\" height=\"1536\" data-id=\"13564\" src=\"https:\/\/www.akustikksenter.no\/wp-content\/uploads\/2025\/09\/LookingThrough_IstadArt_03_2025-1120x1536.jpg\" alt=\"\" class=\"wp-image-13564\" srcset=\"https:\/\/www.akustikksenter.no\/wp-content\/uploads\/2025\/09\/LookingThrough_IstadArt_03_2025-1120x1536.jpg 1120w, https:\/\/www.akustikksenter.no\/wp-content\/uploads\/2025\/09\/LookingThrough_IstadArt_03_2025-292x400.jpg 292w, https:\/\/www.akustikksenter.no\/wp-content\/uploads\/2025\/09\/LookingThrough_IstadArt_03_2025-746x1024.jpg 746w, https:\/\/www.akustikksenter.no\/wp-content\/uploads\/2025\/09\/LookingThrough_IstadArt_03_2025-146x200.jpg 146w, https:\/\/www.akustikksenter.no\/wp-content\/uploads\/2025\/09\/LookingThrough_IstadArt_03_2025-768x1054.jpg 768w, https:\/\/www.akustikksenter.no\/wp-content\/uploads\/2025\/09\/LookingThrough_IstadArt_03_2025-1493x2048.jpg 1493w, https:\/\/www.akustikksenter.no\/wp-content\/uploads\/2025\/09\/LookingThrough_IstadArt_03_2025-9x12.jpg 9w, https:\/\/www.akustikksenter.no\/wp-content\/uploads\/2025\/09\/LookingThrough_IstadArt_03_2025-800x1098.jpg 800w, https:\/\/www.akustikksenter.no\/wp-content\/uploads\/2025\/09\/LookingThrough_IstadArt_03_2025-scaled.jpg 1866w\" sizes=\"(max-width: 1120px) 100vw, 1120px\" \/><\/figure>\n\n\n\n<figure class=\"wp-block-image size-1536x1536\"><img decoding=\"async\" width=\"1152\" height=\"1536\" data-id=\"13565\" src=\"https:\/\/www.akustikksenter.no\/wp-content\/uploads\/2025\/09\/LookingThrough_001_IstadArt_2025-1152x1536.jpg\" alt=\"\" class=\"wp-image-13565\" srcset=\"https:\/\/www.akustikksenter.no\/wp-content\/uploads\/2025\/09\/LookingThrough_001_IstadArt_2025-1152x1536.jpg 1152w, https:\/\/www.akustikksenter.no\/wp-content\/uploads\/2025\/09\/LookingThrough_001_IstadArt_2025-300x400.jpg 300w, https:\/\/www.akustikksenter.no\/wp-content\/uploads\/2025\/09\/LookingThrough_001_IstadArt_2025-768x1024.jpg 768w, https:\/\/www.akustikksenter.no\/wp-content\/uploads\/2025\/09\/LookingThrough_001_IstadArt_2025-150x200.jpg 150w, https:\/\/www.akustikksenter.no\/wp-content\/uploads\/2025\/09\/LookingThrough_001_IstadArt_2025-1536x2048.jpg 1536w, https:\/\/www.akustikksenter.no\/wp-content\/uploads\/2025\/09\/LookingThrough_001_IstadArt_2025-9x12.jpg 9w, https:\/\/www.akustikksenter.no\/wp-content\/uploads\/2025\/09\/LookingThrough_001_IstadArt_2025-800x1067.jpg 800w, https:\/\/www.akustikksenter.no\/wp-content\/uploads\/2025\/09\/LookingThrough_001_IstadArt_2025-scaled.jpg 1920w\" sizes=\"(max-width: 1152px) 100vw, 1152px\" \/><\/figure>\n<\/figure>\n\n\n\n<p><\/p>","protected":false},"excerpt":{"rendered":"<p>Opgave for Eidra Consulting AS. Kunst trykt p\u00e5 FriggTM40 absorbent, st\u00f8rrelse 1200\u00d72000 mm. Skr\u00e6ddersyet og monteret i specialproduceret stativ, placeret i atriet hos Eidra Consulting i Oslo. Fotograf: Christine IstadGalleri: Galleri Semmingsen<\/p>","protected":false},"author":1,"featured_media":13563,"comment_status":"closed","ping_status":"open","sticky":false,"template":"","format":"standard","meta":{"_acf_changed":false,"footnotes":""},"categories":[26,299,28],"tags":[],"class_list":["post-13562","post","type-post","status-publish","format-standard","has-post-thumbnail","hentry","category-aktuelt","category-kontor-moterom-og-kantine","category-referanser"],"acf":[],"yoast_head":"<!-- This site is optimized with the Yoast SEO plugin v27.4 - https:\/\/yoast.com\/product\/yoast-seo-wordpress\/ -->\n<title>Fotokunst kan ogs\u00e5 v\u00e6re effektiv lyddemping. - Norsk Akustikksenter<\/title>\n<meta name=\"robots\" content=\"index, follow, max-snippet:-1, max-image-preview:large, max-video-preview:-1\" \/>\n<link rel=\"canonical\" href=\"https:\/\/www.akustikksenter.no\/da\/arkiv\/fotokunst-kan-ogsa-vaere-effektiv-lydisolering\/\" \/>\n<meta property=\"og:locale\" content=\"da_DK\" \/>\n<meta property=\"og:type\" content=\"article\" \/>\n<meta property=\"og:title\" content=\"Fotokunst kan ogs\u00e5 v\u00e6re effektiv lyddemping. - Norsk Akustikksenter\" \/>\n<meta property=\"og:description\" content=\"Oppdrag for Eidra Consulting AS. Kunst trykket p\u00e5\u00a0FriggTM40 absorbent, st\u00f8rrelse 1200&#215;2000 mm.\u00a0Tilpasset og montert i spesialproduserte stativ, plassert i atrium hos Eidra Consulting i Oslo. Fotograf: Christine IstadGalleri: Galleri Semmingsen\" \/>\n<meta property=\"og:url\" content=\"https:\/\/www.akustikksenter.no\/da\/arkiv\/fotokunst-kan-ogsa-vaere-effektiv-lydisolering\/\" \/>\n<meta property=\"og:site_name\" content=\"Norsk Akustikksenter\" \/>\n<meta property=\"article:publisher\" content=\"https:\/\/www.facebook.com\/Akustikksenter\/\" \/>\n<meta property=\"article:published_time\" content=\"2025-09-08T10:00:40+00:00\" \/>\n<meta property=\"article:modified_time\" content=\"2025-09-08T14:07:25+00:00\" \/>\n<meta property=\"og:image\" content=\"https:\/\/www.akustikksenter.no\/wp-content\/uploads\/2025\/09\/LookingThrough_002_IstadArt_2025-scaled.jpg\" \/>\n\t<meta property=\"og:image:width\" content=\"2560\" \/>\n\t<meta property=\"og:image:height\" content=\"1925\" \/>\n\t<meta property=\"og:image:type\" content=\"image\/jpeg\" \/>\n<meta name=\"author\" content=\"administrator\" \/>\n<meta name=\"twitter:label1\" content=\"Skrevet af\" \/>\n\t<meta name=\"twitter:data1\" content=\"administrator\" \/>\n<script type=\"application\/ld+json\" class=\"yoast-schema-graph\">{\"@context\":\"https:\\\/\\\/schema.org\",\"@graph\":[{\"@type\":\"Article\",\"@id\":\"https:\\\/\\\/www.akustikksenter.no\\\/arkiv\\\/fotokunst-kan-ogsa-vaere-effektiv-lyddemping\\\/#article\",\"isPartOf\":{\"@id\":\"https:\\\/\\\/www.akustikksenter.no\\\/arkiv\\\/fotokunst-kan-ogsa-vaere-effektiv-lyddemping\\\/\"},\"author\":{\"name\":\"administrator\",\"@id\":\"https:\\\/\\\/www.akustikksenter.no\\\/#\\\/schema\\\/person\\\/8211b23de1062ef1805514ef9bdc3d4b\"},\"headline\":\"Fotokunst kan ogs\u00e5 v\u00e6re effektiv lyddemping.\",\"datePublished\":\"2025-09-08T10:00:40+00:00\",\"dateModified\":\"2025-09-08T14:07:25+00:00\",\"mainEntityOfPage\":{\"@id\":\"https:\\\/\\\/www.akustikksenter.no\\\/arkiv\\\/fotokunst-kan-ogsa-vaere-effektiv-lyddemping\\\/\"},\"wordCount\":41,\"publisher\":{\"@id\":\"https:\\\/\\\/www.akustikksenter.no\\\/#organization\"},\"image\":{\"@id\":\"https:\\\/\\\/www.akustikksenter.no\\\/arkiv\\\/fotokunst-kan-ogsa-vaere-effektiv-lyddemping\\\/#primaryimage\"},\"thumbnailUrl\":\"https:\\\/\\\/www.akustikksenter.no\\\/wp-content\\\/uploads\\\/2025\\\/09\\\/LookingThrough_002_IstadArt_2025-scaled.jpg\",\"articleSection\":[\"Aktuelt\",\"Kontor, m\u00f8terom og kantine\",\"Referanser\"],\"inLanguage\":\"da-DK\"},{\"@type\":\"WebPage\",\"@id\":\"https:\\\/\\\/www.akustikksenter.no\\\/arkiv\\\/fotokunst-kan-ogsa-vaere-effektiv-lyddemping\\\/\",\"url\":\"https:\\\/\\\/www.akustikksenter.no\\\/arkiv\\\/fotokunst-kan-ogsa-vaere-effektiv-lyddemping\\\/\",\"name\":\"Fotokunst kan ogs\u00e5 v\u00e6re effektiv lyddemping. - Norsk Akustikksenter\",\"isPartOf\":{\"@id\":\"https:\\\/\\\/www.akustikksenter.no\\\/#website\"},\"primaryImageOfPage\":{\"@id\":\"https:\\\/\\\/www.akustikksenter.no\\\/arkiv\\\/fotokunst-kan-ogsa-vaere-effektiv-lyddemping\\\/#primaryimage\"},\"image\":{\"@id\":\"https:\\\/\\\/www.akustikksenter.no\\\/arkiv\\\/fotokunst-kan-ogsa-vaere-effektiv-lyddemping\\\/#primaryimage\"},\"thumbnailUrl\":\"https:\\\/\\\/www.akustikksenter.no\\\/wp-content\\\/uploads\\\/2025\\\/09\\\/LookingThrough_002_IstadArt_2025-scaled.jpg\",\"datePublished\":\"2025-09-08T10:00:40+00:00\",\"dateModified\":\"2025-09-08T14:07:25+00:00\",\"breadcrumb\":{\"@id\":\"https:\\\/\\\/www.akustikksenter.no\\\/arkiv\\\/fotokunst-kan-ogsa-vaere-effektiv-lyddemping\\\/#breadcrumb\"},\"inLanguage\":\"da-DK\",\"potentialAction\":[{\"@type\":\"ReadAction\",\"target\":[\"https:\\\/\\\/www.akustikksenter.no\\\/arkiv\\\/fotokunst-kan-ogsa-vaere-effektiv-lyddemping\\\/\"]}]},{\"@type\":\"ImageObject\",\"inLanguage\":\"da-DK\",\"@id\":\"https:\\\/\\\/www.akustikksenter.no\\\/arkiv\\\/fotokunst-kan-ogsa-vaere-effektiv-lyddemping\\\/#primaryimage\",\"url\":\"https:\\\/\\\/www.akustikksenter.no\\\/wp-content\\\/uploads\\\/2025\\\/09\\\/LookingThrough_002_IstadArt_2025-scaled.jpg\",\"contentUrl\":\"https:\\\/\\\/www.akustikksenter.no\\\/wp-content\\\/uploads\\\/2025\\\/09\\\/LookingThrough_002_IstadArt_2025-scaled.jpg\",\"width\":2560,\"height\":1925},{\"@type\":\"BreadcrumbList\",\"@id\":\"https:\\\/\\\/www.akustikksenter.no\\\/arkiv\\\/fotokunst-kan-ogsa-vaere-effektiv-lyddemping\\\/#breadcrumb\",\"itemListElement\":[{\"@type\":\"ListItem\",\"position\":1,\"name\":\"Hjem\",\"item\":\"https:\\\/\\\/www.akustikksenter.no\\\/\"},{\"@type\":\"ListItem\",\"position\":2,\"name\":\"Referanser\",\"item\":\"https:\\\/\\\/www.akustikksenter.no\\\/kategori\\\/referanser\\\/\"},{\"@type\":\"ListItem\",\"position\":3,\"name\":\"Fotokunst kan ogs\u00e5 v\u00e6re effektiv lyddemping.\"}]},{\"@type\":\"WebSite\",\"@id\":\"https:\\\/\\\/www.akustikksenter.no\\\/#website\",\"url\":\"https:\\\/\\\/www.akustikksenter.no\\\/\",\"name\":\"Norsk Akustikksenter\",\"description\":\"Totalleverand\u00f8r av akustikkl\u00f8sninger\",\"publisher\":{\"@id\":\"https:\\\/\\\/www.akustikksenter.no\\\/#organization\"},\"potentialAction\":[{\"@type\":\"SearchAction\",\"target\":{\"@type\":\"EntryPoint\",\"urlTemplate\":\"https:\\\/\\\/www.akustikksenter.no\\\/?s={search_term_string}\"},\"query-input\":{\"@type\":\"PropertyValueSpecification\",\"valueRequired\":true,\"valueName\":\"search_term_string\"}}],\"inLanguage\":\"da-DK\"},{\"@type\":\"Organization\",\"@id\":\"https:\\\/\\\/www.akustikksenter.no\\\/#organization\",\"name\":\"Norsk Akustikksenter\",\"alternateName\":\"Akustikksenter\",\"url\":\"https:\\\/\\\/www.akustikksenter.no\\\/\",\"logo\":{\"@type\":\"ImageObject\",\"inLanguage\":\"da-DK\",\"@id\":\"https:\\\/\\\/www.akustikksenter.no\\\/#\\\/schema\\\/logo\\\/image\\\/\",\"url\":\"https:\\\/\\\/www.akustikksenter.no\\\/wp-content\\\/uploads\\\/2018\\\/02\\\/Norsk-Akkustikksenter_nyLogo_payoff-3-e1518606723632.png\",\"contentUrl\":\"https:\\\/\\\/www.akustikksenter.no\\\/wp-content\\\/uploads\\\/2018\\\/02\\\/Norsk-Akkustikksenter_nyLogo_payoff-3-e1518606723632.png\",\"width\":232,\"height\":93,\"caption\":\"Norsk Akustikksenter\"},\"image\":{\"@id\":\"https:\\\/\\\/www.akustikksenter.no\\\/#\\\/schema\\\/logo\\\/image\\\/\"},\"sameAs\":[\"https:\\\/\\\/www.facebook.com\\\/Akustikksenter\\\/\",\"https:\\\/\\\/www.pinterest.com\\\/akustikksenter\\\/\",\"https:\\\/\\\/www.instagram.com\\\/akustikksenter_norway\\\/\",\"https:\\\/\\\/no.linkedin.com\\\/company\\\/norsk-akustikksenter-as\"]},{\"@type\":\"Person\",\"@id\":\"https:\\\/\\\/www.akustikksenter.no\\\/#\\\/schema\\\/person\\\/8211b23de1062ef1805514ef9bdc3d4b\",\"name\":\"administrator\"}]}<\/script>\n<!-- \/ Yoast SEO plugin. -->","yoast_head_json":{"title":"Fotokunst kan ogs\u00e5 v\u00e6re effektiv lydisolering. - Norsk Akustikcenter","robots":{"index":"index","follow":"follow","max-snippet":"max-snippet:-1","max-image-preview":"max-image-preview:large","max-video-preview":"max-video-preview:-1"},"canonical":"https:\/\/www.akustikksenter.no\/da\/arkiv\/fotokunst-kan-ogsa-vaere-effektiv-lydisolering\/","og_locale":"da_DK","og_type":"article","og_title":"Fotokunst kan ogs\u00e5 v\u00e6re effektiv lyddemping. - Norsk Akustikksenter","og_description":"Oppdrag for Eidra Consulting AS. Kunst trykket p\u00e5\u00a0FriggTM40 absorbent, st\u00f8rrelse 1200&#215;2000 mm.\u00a0Tilpasset og montert i spesialproduserte stativ, plassert i atrium hos Eidra Consulting i Oslo. Fotograf: Christine IstadGalleri: Galleri Semmingsen","og_url":"https:\/\/www.akustikksenter.no\/da\/arkiv\/fotokunst-kan-ogsa-vaere-effektiv-lydisolering\/","og_site_name":"Norsk Akustikksenter","article_publisher":"https:\/\/www.facebook.com\/Akustikksenter\/","article_published_time":"2025-09-08T10:00:40+00:00","article_modified_time":"2025-09-08T14:07:25+00:00","og_image":[{"width":2560,"height":1925,"url":"https:\/\/www.akustikksenter.no\/wp-content\/uploads\/2025\/09\/LookingThrough_002_IstadArt_2025-scaled.jpg","type":"image\/jpeg"}],"author":"administrator","twitter_misc":{"Skrevet af":"administrator"},"schema":{"@context":"https:\/\/schema.org","@graph":[{"@type":"Article","@id":"https:\/\/www.akustikksenter.no\/arkiv\/fotokunst-kan-ogsa-vaere-effektiv-lyddemping\/#article","isPartOf":{"@id":"https:\/\/www.akustikksenter.no\/arkiv\/fotokunst-kan-ogsa-vaere-effektiv-lyddemping\/"},"author":{"name":"administrator","@id":"https:\/\/www.akustikksenter.no\/#\/schema\/person\/8211b23de1062ef1805514ef9bdc3d4b"},"headline":"Fotokunst kan ogs\u00e5 v\u00e6re effektiv lyddemping.","datePublished":"2025-09-08T10:00:40+00:00","dateModified":"2025-09-08T14:07:25+00:00","mainEntityOfPage":{"@id":"https:\/\/www.akustikksenter.no\/arkiv\/fotokunst-kan-ogsa-vaere-effektiv-lyddemping\/"},"wordCount":41,"publisher":{"@id":"https:\/\/www.akustikksenter.no\/#organization"},"image":{"@id":"https:\/\/www.akustikksenter.no\/arkiv\/fotokunst-kan-ogsa-vaere-effektiv-lyddemping\/#primaryimage"},"thumbnailUrl":"https:\/\/www.akustikksenter.no\/wp-content\/uploads\/2025\/09\/LookingThrough_002_IstadArt_2025-scaled.jpg","articleSection":["Aktuelt","Kontor, m\u00f8terom og kantine","Referanser"],"inLanguage":"da-DK"},{"@type":"WebPage","@id":"https:\/\/www.akustikksenter.no\/arkiv\/fotokunst-kan-ogsa-vaere-effektiv-lyddemping\/","url":"https:\/\/www.akustikksenter.no\/arkiv\/fotokunst-kan-ogsa-vaere-effektiv-lyddemping\/","name":"Fotokunst kan ogs\u00e5 v\u00e6re effektiv lydisolering. - Norsk Akustikcenter","isPartOf":{"@id":"https:\/\/www.akustikksenter.no\/#website"},"primaryImageOfPage":{"@id":"https:\/\/www.akustikksenter.no\/arkiv\/fotokunst-kan-ogsa-vaere-effektiv-lyddemping\/#primaryimage"},"image":{"@id":"https:\/\/www.akustikksenter.no\/arkiv\/fotokunst-kan-ogsa-vaere-effektiv-lyddemping\/#primaryimage"},"thumbnailUrl":"https:\/\/www.akustikksenter.no\/wp-content\/uploads\/2025\/09\/LookingThrough_002_IstadArt_2025-scaled.jpg","datePublished":"2025-09-08T10:00:40+00:00","dateModified":"2025-09-08T14:07:25+00:00","breadcrumb":{"@id":"https:\/\/www.akustikksenter.no\/arkiv\/fotokunst-kan-ogsa-vaere-effektiv-lyddemping\/#breadcrumb"},"inLanguage":"da-DK","potentialAction":[{"@type":"ReadAction","target":["https:\/\/www.akustikksenter.no\/arkiv\/fotokunst-kan-ogsa-vaere-effektiv-lyddemping\/"]}]},{"@type":"ImageObject","inLanguage":"da-DK","@id":"https:\/\/www.akustikksenter.no\/arkiv\/fotokunst-kan-ogsa-vaere-effektiv-lyddemping\/#primaryimage","url":"https:\/\/www.akustikksenter.no\/wp-content\/uploads\/2025\/09\/LookingThrough_002_IstadArt_2025-scaled.jpg","contentUrl":"https:\/\/www.akustikksenter.no\/wp-content\/uploads\/2025\/09\/LookingThrough_002_IstadArt_2025-scaled.jpg","width":2560,"height":1925},{"@type":"BreadcrumbList","@id":"https:\/\/www.akustikksenter.no\/arkiv\/fotokunst-kan-ogsa-vaere-effektiv-lyddemping\/#breadcrumb","itemListElement":[{"@type":"ListItem","position":1,"name":"Hjem","item":"https:\/\/www.akustikksenter.no\/"},{"@type":"ListItem","position":2,"name":"Referanser","item":"https:\/\/www.akustikksenter.no\/kategori\/referanser\/"},{"@type":"ListItem","position":3,"name":"Fotokunst kan ogs\u00e5 v\u00e6re effektiv lyddemping."}]},{"@type":"WebSite","@id":"https:\/\/www.akustikksenter.no\/#website","url":"https:\/\/www.akustikksenter.no\/","name":"Norsk Akustik Center","description":"Totalleverand\u00f8r af akustiske l\u00f8sninger","publisher":{"@id":"https:\/\/www.akustikksenter.no\/#organization"},"potentialAction":[{"@type":"SearchAction","target":{"@type":"EntryPoint","urlTemplate":"https:\/\/www.akustikksenter.no\/?s={search_term_string}"},"query-input":{"@type":"PropertyValueSpecification","valueRequired":true,"valueName":"search_term_string"}}],"inLanguage":"da-DK"},{"@type":"Organization","@id":"https:\/\/www.akustikksenter.no\/#organization","name":"Norsk Akustik Center","alternateName":"Akustikksenter","url":"https:\/\/www.akustikksenter.no\/","logo":{"@type":"ImageObject","inLanguage":"da-DK","@id":"https:\/\/www.akustikksenter.no\/#\/schema\/logo\/image\/","url":"https:\/\/www.akustikksenter.no\/wp-content\/uploads\/2018\/02\/Norsk-Akkustikksenter_nyLogo_payoff-3-e1518606723632.png","contentUrl":"https:\/\/www.akustikksenter.no\/wp-content\/uploads\/2018\/02\/Norsk-Akkustikksenter_nyLogo_payoff-3-e1518606723632.png","width":232,"height":93,"caption":"Norsk Akustikksenter"},"image":{"@id":"https:\/\/www.akustikksenter.no\/#\/schema\/logo\/image\/"},"sameAs":["https:\/\/www.facebook.com\/Akustikksenter\/","https:\/\/www.pinterest.com\/akustikksenter\/","https:\/\/www.instagram.com\/akustikksenter_norway\/","https:\/\/no.linkedin.com\/company\/norsk-akustikksenter-as"]},{"@type":"Person","@id":"https:\/\/www.akustikksenter.no\/#\/schema\/person\/8211b23de1062ef1805514ef9bdc3d4b","name":"Administrator"}]}},"_links":{"self":[{"href":"https:\/\/www.akustikksenter.no\/da\/wp-json\/wp\/v2\/posts\/13562","targetHints":{"allow":["GET"]}}],"collection":[{"href":"https:\/\/www.akustikksenter.no\/da\/wp-json\/wp\/v2\/posts"}],"about":[{"href":"https:\/\/www.akustikksenter.no\/da\/wp-json\/wp\/v2\/types\/post"}],"author":[{"embeddable":true,"href":"https:\/\/www.akustikksenter.no\/da\/wp-json\/wp\/v2\/users\/1"}],"replies":[{"embeddable":true,"href":"https:\/\/www.akustikksenter.no\/da\/wp-json\/wp\/v2\/comments?post=13562"}],"version-history":[{"count":5,"href":"https:\/\/www.akustikksenter.no\/da\/wp-json\/wp\/v2\/posts\/13562\/revisions"}],"predecessor-version":[{"id":13576,"href":"https:\/\/www.akustikksenter.no\/da\/wp-json\/wp\/v2\/posts\/13562\/revisions\/13576"}],"wp:featuredmedia":[{"embeddable":true,"href":"https:\/\/www.akustikksenter.no\/da\/wp-json\/wp\/v2\/media\/13563"}],"wp:attachment":[{"href":"https:\/\/www.akustikksenter.no\/da\/wp-json\/wp\/v2\/media?parent=13562"}],"wp:term":[{"taxonomy":"category","embeddable":true,"href":"https:\/\/www.akustikksenter.no\/da\/wp-json\/wp\/v2\/categories?post=13562"},{"taxonomy":"post_tag","embeddable":true,"href":"https:\/\/www.akustikksenter.no\/da\/wp-json\/wp\/v2\/tags?post=13562"}],"curies":[{"name":"wp","href":"https:\/\/api.w.org\/{rel}","templated":true}]}}