{"id":2732,"date":"2017-01-13T08:43:04","date_gmt":"2017-01-13T07:43:04","guid":{"rendered":"https:\/\/www-akustikksenter.wp3.hcweb.dev\/?p=2732"},"modified":"2022-08-17T14:22:17","modified_gmt":"2022-08-17T12:22:17","slug":"lydisolerede-diskoteker-hos-rode-kors","status":"publish","type":"post","link":"https:\/\/www.akustikksenter.no\/da\/arkiv\/lyddempede-plater-dekor-hos-rode-kors\/","title":{"rendered":"Lydisolerede diske med indretning hos R\u00f8de Kors"},"content":{"rendered":"<p><img decoding=\"async\" class=\"size-full wp-image-2733 alignnone\" src=\"https:\/\/www.akustikksenter.no\/wp-content\/uploads\/2017\/01\/Ny-dekor.jpg\" alt=\"Ny indretning\" width=\"640\" height=\"480\" srcset=\"https:\/\/www.akustikksenter.no\/wp-content\/uploads\/2017\/01\/Ny-dekor.jpg 640w, https:\/\/www.akustikksenter.no\/wp-content\/uploads\/2017\/01\/Ny-dekor-450x338.jpg 450w, https:\/\/www.akustikksenter.no\/wp-content\/uploads\/2017\/01\/Ny-dekor-300x225.jpg 300w, https:\/\/www.akustikksenter.no\/wp-content\/uploads\/2017\/01\/Ny-dekor-250x188.jpg 250w, https:\/\/www.akustikksenter.no\/wp-content\/uploads\/2017\/01\/Ny-dekor-500x375.jpg 500w\" sizes=\"(max-width: 640px) 100vw, 640px\" \/><\/p>\n<p>Panelerne blev installeret i begyndelsen af december, og vi bruger nu stuen meget mere end f\u00f8r...<br \/>\nLyden er behagelig, og vi har ogs\u00e5 f\u00e5et indretning ved hj\u00e6lp af skiverne.<br \/>\nTak for din hj\u00e6lp til at rette op p\u00e5 dette!<\/p>\n<p>Med venlig hilsen<br \/>\nAnne, Kverneland R\u00f8de Kors.<\/p>","protected":false},"excerpt":{"rendered":"<p>Panelerne blev installeret i begyndelsen af december, og vi bruger nu stuen meget mere end f\u00f8r ... Lyden er behagelig, og vi har indrettet os ved hj\u00e6lp af panelerne. Jeg s\u00e6tter stor pris p\u00e5 jeres hj\u00e6lp til at udbedre dette! Med venlig hilsen Anne, Kverneland R\u00f8de Kors.<\/p>","protected":false},"author":1,"featured_media":2733,"comment_status":"closed","ping_status":"closed","sticky":false,"template":"","format":"standard","meta":{"_acf_changed":false,"footnotes":""},"categories":[299,28],"tags":[],"class_list":["post-2732","post","type-post","status-publish","format-standard","has-post-thumbnail","hentry","category-kontor-moterom-og-kantine","category-referanser"],"acf":[],"yoast_head":"<!-- This site is optimized with the Yoast SEO plugin v27.4 - https:\/\/yoast.com\/product\/yoast-seo-wordpress\/ -->\n<title>Lyddempede plater med dekor hos R\u00f8de Kors - Norsk Akustikksenter<\/title>\n<meta name=\"robots\" content=\"index, follow, max-snippet:-1, max-image-preview:large, max-video-preview:-1\" \/>\n<link rel=\"canonical\" href=\"https:\/\/www.akustikksenter.no\/da\/arkiv\/lydisolerede-diskoteker-hos-rode-kors\/\" \/>\n<meta property=\"og:locale\" content=\"da_DK\" \/>\n<meta property=\"og:type\" content=\"article\" \/>\n<meta property=\"og:title\" content=\"Lyddempede plater med dekor hos R\u00f8de Kors - Norsk Akustikksenter\" \/>\n<meta property=\"og:description\" content=\"Platene ble montert tidlig i desember og vi bruker n\u00e5 storstue mye mer enn f\u00f8r&#8230; Lyden er behagelig og vi har og f\u00e5tt dekor ved hjelp av platene. Setter stor pris p\u00e5 din hjelp for \u00e5 utbedre dette! Vennlig hilsen Anne, \u00a0Kverneland R\u00f8de Kors.\" \/>\n<meta property=\"og:url\" content=\"https:\/\/www.akustikksenter.no\/da\/arkiv\/lydisolerede-diskoteker-hos-rode-kors\/\" \/>\n<meta property=\"og:site_name\" content=\"Norsk Akustikksenter\" \/>\n<meta property=\"article:publisher\" content=\"https:\/\/www.facebook.com\/Akustikksenter\/\" \/>\n<meta property=\"article:published_time\" content=\"2017-01-13T07:43:04+00:00\" \/>\n<meta property=\"article:modified_time\" content=\"2022-08-17T12:22:17+00:00\" \/>\n<meta property=\"og:image\" content=\"https:\/\/www.akustikksenter.no\/wp-content\/uploads\/2017\/01\/Ny-dekor.jpg\" \/>\n\t<meta property=\"og:image:width\" content=\"640\" \/>\n\t<meta property=\"og:image:height\" content=\"480\" \/>\n\t<meta property=\"og:image:type\" content=\"image\/jpeg\" \/>\n<meta name=\"author\" content=\"administrator\" \/>\n<meta name=\"twitter:label1\" content=\"Skrevet af\" \/>\n\t<meta name=\"twitter:data1\" content=\"administrator\" \/>\n<script type=\"application\/ld+json\" class=\"yoast-schema-graph\">{\"@context\":\"https:\\\/\\\/schema.org\",\"@graph\":[{\"@type\":\"Article\",\"@id\":\"https:\\\/\\\/www.akustikksenter.no\\\/arkiv\\\/lyddempede-plater-dekor-hos-rode-kors\\\/#article\",\"isPartOf\":{\"@id\":\"https:\\\/\\\/www.akustikksenter.no\\\/arkiv\\\/lyddempede-plater-dekor-hos-rode-kors\\\/\"},\"author\":{\"name\":\"administrator\",\"@id\":\"https:\\\/\\\/www.akustikksenter.no\\\/#\\\/schema\\\/person\\\/8211b23de1062ef1805514ef9bdc3d4b\"},\"headline\":\"Lyddempede plater med dekor hos R\u00f8de Kors\",\"datePublished\":\"2017-01-13T07:43:04+00:00\",\"dateModified\":\"2022-08-17T12:22:17+00:00\",\"mainEntityOfPage\":{\"@id\":\"https:\\\/\\\/www.akustikksenter.no\\\/arkiv\\\/lyddempede-plater-dekor-hos-rode-kors\\\/\"},\"wordCount\":54,\"publisher\":{\"@id\":\"https:\\\/\\\/www.akustikksenter.no\\\/#organization\"},\"image\":{\"@id\":\"https:\\\/\\\/www.akustikksenter.no\\\/arkiv\\\/lyddempede-plater-dekor-hos-rode-kors\\\/#primaryimage\"},\"thumbnailUrl\":\"https:\\\/\\\/www.akustikksenter.no\\\/wp-content\\\/uploads\\\/2017\\\/01\\\/Ny-dekor.jpg\",\"articleSection\":[\"Kontor, m\u00f8terom og kantine\",\"Referanser\"],\"inLanguage\":\"da-DK\"},{\"@type\":\"WebPage\",\"@id\":\"https:\\\/\\\/www.akustikksenter.no\\\/arkiv\\\/lyddempede-plater-dekor-hos-rode-kors\\\/\",\"url\":\"https:\\\/\\\/www.akustikksenter.no\\\/arkiv\\\/lyddempede-plater-dekor-hos-rode-kors\\\/\",\"name\":\"Lyddempede plater med dekor hos R\u00f8de Kors - Norsk Akustikksenter\",\"isPartOf\":{\"@id\":\"https:\\\/\\\/www.akustikksenter.no\\\/#website\"},\"primaryImageOfPage\":{\"@id\":\"https:\\\/\\\/www.akustikksenter.no\\\/arkiv\\\/lyddempede-plater-dekor-hos-rode-kors\\\/#primaryimage\"},\"image\":{\"@id\":\"https:\\\/\\\/www.akustikksenter.no\\\/arkiv\\\/lyddempede-plater-dekor-hos-rode-kors\\\/#primaryimage\"},\"thumbnailUrl\":\"https:\\\/\\\/www.akustikksenter.no\\\/wp-content\\\/uploads\\\/2017\\\/01\\\/Ny-dekor.jpg\",\"datePublished\":\"2017-01-13T07:43:04+00:00\",\"dateModified\":\"2022-08-17T12:22:17+00:00\",\"breadcrumb\":{\"@id\":\"https:\\\/\\\/www.akustikksenter.no\\\/arkiv\\\/lyddempede-plater-dekor-hos-rode-kors\\\/#breadcrumb\"},\"inLanguage\":\"da-DK\",\"potentialAction\":[{\"@type\":\"ReadAction\",\"target\":[\"https:\\\/\\\/www.akustikksenter.no\\\/arkiv\\\/lyddempede-plater-dekor-hos-rode-kors\\\/\"]}]},{\"@type\":\"ImageObject\",\"inLanguage\":\"da-DK\",\"@id\":\"https:\\\/\\\/www.akustikksenter.no\\\/arkiv\\\/lyddempede-plater-dekor-hos-rode-kors\\\/#primaryimage\",\"url\":\"https:\\\/\\\/www.akustikksenter.no\\\/wp-content\\\/uploads\\\/2017\\\/01\\\/Ny-dekor.jpg\",\"contentUrl\":\"https:\\\/\\\/www.akustikksenter.no\\\/wp-content\\\/uploads\\\/2017\\\/01\\\/Ny-dekor.jpg\",\"width\":640,\"height\":480,\"caption\":\"Lydempende plater med dekor hos Kverneland R\u00f8de Kors\"},{\"@type\":\"BreadcrumbList\",\"@id\":\"https:\\\/\\\/www.akustikksenter.no\\\/arkiv\\\/lyddempede-plater-dekor-hos-rode-kors\\\/#breadcrumb\",\"itemListElement\":[{\"@type\":\"ListItem\",\"position\":1,\"name\":\"Hjem\",\"item\":\"https:\\\/\\\/www.akustikksenter.no\\\/\"},{\"@type\":\"ListItem\",\"position\":2,\"name\":\"Referanser\",\"item\":\"https:\\\/\\\/www.akustikksenter.no\\\/kategori\\\/referanser\\\/\"},{\"@type\":\"ListItem\",\"position\":3,\"name\":\"Lyddempede plater med dekor hos R\u00f8de Kors\"}]},{\"@type\":\"WebSite\",\"@id\":\"https:\\\/\\\/www.akustikksenter.no\\\/#website\",\"url\":\"https:\\\/\\\/www.akustikksenter.no\\\/\",\"name\":\"Norsk Akustikksenter\",\"description\":\"Totalleverand\u00f8r av akustikkl\u00f8sninger\",\"publisher\":{\"@id\":\"https:\\\/\\\/www.akustikksenter.no\\\/#organization\"},\"potentialAction\":[{\"@type\":\"SearchAction\",\"target\":{\"@type\":\"EntryPoint\",\"urlTemplate\":\"https:\\\/\\\/www.akustikksenter.no\\\/?s={search_term_string}\"},\"query-input\":{\"@type\":\"PropertyValueSpecification\",\"valueRequired\":true,\"valueName\":\"search_term_string\"}}],\"inLanguage\":\"da-DK\"},{\"@type\":\"Organization\",\"@id\":\"https:\\\/\\\/www.akustikksenter.no\\\/#organization\",\"name\":\"Norsk Akustikksenter\",\"alternateName\":\"Akustikksenter\",\"url\":\"https:\\\/\\\/www.akustikksenter.no\\\/\",\"logo\":{\"@type\":\"ImageObject\",\"inLanguage\":\"da-DK\",\"@id\":\"https:\\\/\\\/www.akustikksenter.no\\\/#\\\/schema\\\/logo\\\/image\\\/\",\"url\":\"https:\\\/\\\/www.akustikksenter.no\\\/wp-content\\\/uploads\\\/2018\\\/02\\\/Norsk-Akkustikksenter_nyLogo_payoff-3-e1518606723632.png\",\"contentUrl\":\"https:\\\/\\\/www.akustikksenter.no\\\/wp-content\\\/uploads\\\/2018\\\/02\\\/Norsk-Akkustikksenter_nyLogo_payoff-3-e1518606723632.png\",\"width\":232,\"height\":93,\"caption\":\"Norsk Akustikksenter\"},\"image\":{\"@id\":\"https:\\\/\\\/www.akustikksenter.no\\\/#\\\/schema\\\/logo\\\/image\\\/\"},\"sameAs\":[\"https:\\\/\\\/www.facebook.com\\\/Akustikksenter\\\/\",\"https:\\\/\\\/www.pinterest.com\\\/akustikksenter\\\/\",\"https:\\\/\\\/www.instagram.com\\\/akustikksenter_norway\\\/\",\"https:\\\/\\\/no.linkedin.com\\\/company\\\/norsk-akustikksenter-as\"]},{\"@type\":\"Person\",\"@id\":\"https:\\\/\\\/www.akustikksenter.no\\\/#\\\/schema\\\/person\\\/8211b23de1062ef1805514ef9bdc3d4b\",\"name\":\"administrator\"}]}<\/script>\n<!-- \/ Yoast SEO plugin. -->","yoast_head_json":{"title":"Lydisolerede paneler med indretning hos R\u00f8de Kors - Norsk Akustikksenter","robots":{"index":"index","follow":"follow","max-snippet":"max-snippet:-1","max-image-preview":"max-image-preview:large","max-video-preview":"max-video-preview:-1"},"canonical":"https:\/\/www.akustikksenter.no\/da\/arkiv\/lydisolerede-diskoteker-hos-rode-kors\/","og_locale":"da_DK","og_type":"article","og_title":"Lyddempede plater med dekor hos R\u00f8de Kors - Norsk Akustikksenter","og_description":"Platene ble montert tidlig i desember og vi bruker n\u00e5 storstue mye mer enn f\u00f8r&#8230; Lyden er behagelig og vi har og f\u00e5tt dekor ved hjelp av platene. Setter stor pris p\u00e5 din hjelp for \u00e5 utbedre dette! Vennlig hilsen Anne, \u00a0Kverneland R\u00f8de Kors.","og_url":"https:\/\/www.akustikksenter.no\/da\/arkiv\/lydisolerede-diskoteker-hos-rode-kors\/","og_site_name":"Norsk Akustikksenter","article_publisher":"https:\/\/www.facebook.com\/Akustikksenter\/","article_published_time":"2017-01-13T07:43:04+00:00","article_modified_time":"2022-08-17T12:22:17+00:00","og_image":[{"width":640,"height":480,"url":"https:\/\/www.akustikksenter.no\/wp-content\/uploads\/2017\/01\/Ny-dekor.jpg","type":"image\/jpeg"}],"author":"administrator","twitter_misc":{"Skrevet af":"administrator"},"schema":{"@context":"https:\/\/schema.org","@graph":[{"@type":"Article","@id":"https:\/\/www.akustikksenter.no\/arkiv\/lyddempede-plater-dekor-hos-rode-kors\/#article","isPartOf":{"@id":"https:\/\/www.akustikksenter.no\/arkiv\/lyddempede-plater-dekor-hos-rode-kors\/"},"author":{"name":"administrator","@id":"https:\/\/www.akustikksenter.no\/#\/schema\/person\/8211b23de1062ef1805514ef9bdc3d4b"},"headline":"Lyddempede plater med dekor hos R\u00f8de Kors","datePublished":"2017-01-13T07:43:04+00:00","dateModified":"2022-08-17T12:22:17+00:00","mainEntityOfPage":{"@id":"https:\/\/www.akustikksenter.no\/arkiv\/lyddempede-plater-dekor-hos-rode-kors\/"},"wordCount":54,"publisher":{"@id":"https:\/\/www.akustikksenter.no\/#organization"},"image":{"@id":"https:\/\/www.akustikksenter.no\/arkiv\/lyddempede-plater-dekor-hos-rode-kors\/#primaryimage"},"thumbnailUrl":"https:\/\/www.akustikksenter.no\/wp-content\/uploads\/2017\/01\/Ny-dekor.jpg","articleSection":["Kontor, m\u00f8terom og kantine","Referanser"],"inLanguage":"da-DK"},{"@type":"WebPage","@id":"https:\/\/www.akustikksenter.no\/arkiv\/lyddempede-plater-dekor-hos-rode-kors\/","url":"https:\/\/www.akustikksenter.no\/arkiv\/lyddempede-plater-dekor-hos-rode-kors\/","name":"Lydisolerede paneler med indretning hos R\u00f8de Kors - Norsk Akustikksenter","isPartOf":{"@id":"https:\/\/www.akustikksenter.no\/#website"},"primaryImageOfPage":{"@id":"https:\/\/www.akustikksenter.no\/arkiv\/lyddempede-plater-dekor-hos-rode-kors\/#primaryimage"},"image":{"@id":"https:\/\/www.akustikksenter.no\/arkiv\/lyddempede-plater-dekor-hos-rode-kors\/#primaryimage"},"thumbnailUrl":"https:\/\/www.akustikksenter.no\/wp-content\/uploads\/2017\/01\/Ny-dekor.jpg","datePublished":"2017-01-13T07:43:04+00:00","dateModified":"2022-08-17T12:22:17+00:00","breadcrumb":{"@id":"https:\/\/www.akustikksenter.no\/arkiv\/lyddempede-plater-dekor-hos-rode-kors\/#breadcrumb"},"inLanguage":"da-DK","potentialAction":[{"@type":"ReadAction","target":["https:\/\/www.akustikksenter.no\/arkiv\/lyddempede-plater-dekor-hos-rode-kors\/"]}]},{"@type":"ImageObject","inLanguage":"da-DK","@id":"https:\/\/www.akustikksenter.no\/arkiv\/lyddempede-plater-dekor-hos-rode-kors\/#primaryimage","url":"https:\/\/www.akustikksenter.no\/wp-content\/uploads\/2017\/01\/Ny-dekor.jpg","contentUrl":"https:\/\/www.akustikksenter.no\/wp-content\/uploads\/2017\/01\/Ny-dekor.jpg","width":640,"height":480,"caption":"Lydempende plater med dekor hos Kverneland R\u00f8de Kors"},{"@type":"BreadcrumbList","@id":"https:\/\/www.akustikksenter.no\/arkiv\/lyddempede-plater-dekor-hos-rode-kors\/#breadcrumb","itemListElement":[{"@type":"ListItem","position":1,"name":"Hjem","item":"https:\/\/www.akustikksenter.no\/"},{"@type":"ListItem","position":2,"name":"Referanser","item":"https:\/\/www.akustikksenter.no\/kategori\/referanser\/"},{"@type":"ListItem","position":3,"name":"Lyddempede plater med dekor hos R\u00f8de Kors"}]},{"@type":"WebSite","@id":"https:\/\/www.akustikksenter.no\/#website","url":"https:\/\/www.akustikksenter.no\/","name":"Norsk Akustik Center","description":"Totalleverand\u00f8r af akustiske l\u00f8sninger","publisher":{"@id":"https:\/\/www.akustikksenter.no\/#organization"},"potentialAction":[{"@type":"SearchAction","target":{"@type":"EntryPoint","urlTemplate":"https:\/\/www.akustikksenter.no\/?s={search_term_string}"},"query-input":{"@type":"PropertyValueSpecification","valueRequired":true,"valueName":"search_term_string"}}],"inLanguage":"da-DK"},{"@type":"Organization","@id":"https:\/\/www.akustikksenter.no\/#organization","name":"Norsk Akustik Center","alternateName":"Akustikksenter","url":"https:\/\/www.akustikksenter.no\/","logo":{"@type":"ImageObject","inLanguage":"da-DK","@id":"https:\/\/www.akustikksenter.no\/#\/schema\/logo\/image\/","url":"https:\/\/www.akustikksenter.no\/wp-content\/uploads\/2018\/02\/Norsk-Akkustikksenter_nyLogo_payoff-3-e1518606723632.png","contentUrl":"https:\/\/www.akustikksenter.no\/wp-content\/uploads\/2018\/02\/Norsk-Akkustikksenter_nyLogo_payoff-3-e1518606723632.png","width":232,"height":93,"caption":"Norsk Akustikksenter"},"image":{"@id":"https:\/\/www.akustikksenter.no\/#\/schema\/logo\/image\/"},"sameAs":["https:\/\/www.facebook.com\/Akustikksenter\/","https:\/\/www.pinterest.com\/akustikksenter\/","https:\/\/www.instagram.com\/akustikksenter_norway\/","https:\/\/no.linkedin.com\/company\/norsk-akustikksenter-as"]},{"@type":"Person","@id":"https:\/\/www.akustikksenter.no\/#\/schema\/person\/8211b23de1062ef1805514ef9bdc3d4b","name":"Administrator"}]}},"_links":{"self":[{"href":"https:\/\/www.akustikksenter.no\/da\/wp-json\/wp\/v2\/posts\/2732","targetHints":{"allow":["GET"]}}],"collection":[{"href":"https:\/\/www.akustikksenter.no\/da\/wp-json\/wp\/v2\/posts"}],"about":[{"href":"https:\/\/www.akustikksenter.no\/da\/wp-json\/wp\/v2\/types\/post"}],"author":[{"embeddable":true,"href":"https:\/\/www.akustikksenter.no\/da\/wp-json\/wp\/v2\/users\/1"}],"replies":[{"embeddable":true,"href":"https:\/\/www.akustikksenter.no\/da\/wp-json\/wp\/v2\/comments?post=2732"}],"version-history":[{"count":0,"href":"https:\/\/www.akustikksenter.no\/da\/wp-json\/wp\/v2\/posts\/2732\/revisions"}],"wp:featuredmedia":[{"embeddable":true,"href":"https:\/\/www.akustikksenter.no\/da\/wp-json\/wp\/v2\/media\/2733"}],"wp:attachment":[{"href":"https:\/\/www.akustikksenter.no\/da\/wp-json\/wp\/v2\/media?parent=2732"}],"wp:term":[{"taxonomy":"category","embeddable":true,"href":"https:\/\/www.akustikksenter.no\/da\/wp-json\/wp\/v2\/categories?post=2732"},{"taxonomy":"post_tag","embeddable":true,"href":"https:\/\/www.akustikksenter.no\/da\/wp-json\/wp\/v2\/tags?post=2732"}],"curies":[{"name":"wp","href":"https:\/\/api.w.org\/{rel}","templated":true}]}}