{"id":3019,"date":"2017-04-20T08:30:13","date_gmt":"2017-04-20T06:30:13","guid":{"rendered":"https:\/\/www-akustikksenter.wp3.hcweb.dev\/?p=3019"},"modified":"2018-11-15T15:17:22","modified_gmt":"2018-11-15T14:17:22","slug":"korntroberget-bornehave","status":"publish","type":"post","link":"https:\/\/www.akustikksenter.no\/da\/arkiv\/korntroberget-barnehage\/","title":{"rendered":"Korntr\u00f8berget B\u00f8rnehave"},"content":{"rendered":"<p><strong>En meget tilfreds kunde!<\/strong><br \/>\nKunden installerede<a href=\"https:\/\/www.akustikksenter.no\/da\/butik\/lydabsorberende-produkter\/loke-40mm\/\"> Loke 40 mm<\/a> selv og har nu opfyldt kravet om lydisolering i daginstitutionen.<\/p>\n<p><em>\"Hej med jer. I b\u00f8rnehaven Korntr\u00f8berget er vi meget glade for resultatet af det tiltag, du foreslog. B\u00e5de voksne og b\u00f8rn kan m\u00e6rke en stor forskel, og nu er der en rigtig god lyd i lokalet. Vedlagt er nogle billeder, der viser, hvordan vi l\u00f8ste det.\"<\/em><\/p>\n<p>Med venlig hilsen Anne Fagrell<br \/>\nDaglig leder, Korntr\u00f8berget Bhg<\/p>\n<p>&nbsp;<\/p>\n\n\t\t<style>\n\t\t\t#gallery-1 {\n\t\t\t\tmargin: auto;\n\t\t\t}\n\t\t\t#gallery-1 .gallery-item {\n\t\t\t\tfloat: left;\n\t\t\t\tmargin-top: 10px;\n\t\t\t\ttext-align: center;\n\t\t\t\twidth: 33%;\n\t\t\t}\n\t\t\t#gallery-1 img {\n\t\t\t\tborder: 2px solid #cfcfcf;\n\t\t\t}\n\t\t\t#gallery-1 .gallery-caption {\n\t\t\t\tmargin-left: 0;\n\t\t\t}\n\t\t\t\/* see gallery_shortcode() in wp-includes\/media.php *\/\n\t\t<\/style>\n\t\t<div id='gallery-1' class='gallery galleryid-3019 gallery-columns-3 gallery-size-large'><dl class='gallery-item'>\n\t\t\t<dt class='gallery-icon landscape'>\n\t\t\t\t<img decoding=\"async\" width=\"1024\" height=\"619\" src=\"https:\/\/www.akustikksenter.no\/wp-content\/uploads\/2017\/04\/image4-1024x619.jpg\" class=\"attachment-large size-large\" alt=\"\" aria-describedby=\"gallery-1-3023\" srcset=\"https:\/\/www.akustikksenter.no\/wp-content\/uploads\/2017\/04\/image4-1024x619.jpg 1024w, https:\/\/www.akustikksenter.no\/wp-content\/uploads\/2017\/04\/image4-800x484.jpg 800w, https:\/\/www.akustikksenter.no\/wp-content\/uploads\/2017\/04\/image4-300x181.jpg 300w, https:\/\/www.akustikksenter.no\/wp-content\/uploads\/2017\/04\/image4-768x464.jpg 768w, https:\/\/www.akustikksenter.no\/wp-content\/uploads\/2017\/04\/image4-250x151.jpg 250w, https:\/\/www.akustikksenter.no\/wp-content\/uploads\/2017\/04\/image4-500x302.jpg 500w, https:\/\/www.akustikksenter.no\/wp-content\/uploads\/2017\/04\/image4.jpg 1856w\" sizes=\"(max-width: 1024px) 100vw, 1024px\" \/>\n\t\t\t<\/dt>\n\t\t\t\t<dd class='wp-caption-text gallery-caption' id='gallery-1-3023'>\n\t\t\t\tLydisolering i b\u00f8rnev\u00e6relset - Loke 40mm\n\t\t\t\t<\/dd><\/dl><dl class='gallery-item'>\n\t\t\t<dt class='gallery-icon landscape'>\n\t\t\t\t<img decoding=\"async\" width=\"1024\" height=\"768\" src=\"https:\/\/www.akustikksenter.no\/wp-content\/uploads\/2017\/04\/image6-1024x768.jpg\" class=\"attachment-large size-large\" alt=\"\" aria-describedby=\"gallery-1-3025\" srcset=\"https:\/\/www.akustikksenter.no\/wp-content\/uploads\/2017\/04\/image6-1024x768.jpg 1024w, https:\/\/www.akustikksenter.no\/wp-content\/uploads\/2017\/04\/image6-800x600.jpg 800w, https:\/\/www.akustikksenter.no\/wp-content\/uploads\/2017\/04\/image6-300x225.jpg 300w, https:\/\/www.akustikksenter.no\/wp-content\/uploads\/2017\/04\/image6-768x576.jpg 768w, https:\/\/www.akustikksenter.no\/wp-content\/uploads\/2017\/04\/image6-250x188.jpg 250w, https:\/\/www.akustikksenter.no\/wp-content\/uploads\/2017\/04\/image6-500x375.jpg 500w, https:\/\/www.akustikksenter.no\/wp-content\/uploads\/2017\/04\/image6.jpg 2016w\" sizes=\"(max-width: 1024px) 100vw, 1024px\" \/>\n\t\t\t<\/dt>\n\t\t\t\t<dd class='wp-caption-text gallery-caption' id='gallery-1-3025'>\n\t\t\t\tLydisolering i b\u00f8rnev\u00e6relset - Loke 40mm\n\t\t\t\t<\/dd><\/dl><dl class='gallery-item'>\n\t\t\t<dt class='gallery-icon landscape'>\n\t\t\t\t<img decoding=\"async\" width=\"1024\" height=\"768\" src=\"https:\/\/www.akustikksenter.no\/wp-content\/uploads\/2017\/04\/image5-1024x768.jpg\" class=\"attachment-large size-large\" alt=\"\" srcset=\"https:\/\/www.akustikksenter.no\/wp-content\/uploads\/2017\/04\/image5-1024x768.jpg 1024w, https:\/\/www.akustikksenter.no\/wp-content\/uploads\/2017\/04\/image5-800x600.jpg 800w, https:\/\/www.akustikksenter.no\/wp-content\/uploads\/2017\/04\/image5-300x225.jpg 300w, https:\/\/www.akustikksenter.no\/wp-content\/uploads\/2017\/04\/image5-768x576.jpg 768w, https:\/\/www.akustikksenter.no\/wp-content\/uploads\/2017\/04\/image5-250x188.jpg 250w, https:\/\/www.akustikksenter.no\/wp-content\/uploads\/2017\/04\/image5-500x375.jpg 500w, https:\/\/www.akustikksenter.no\/wp-content\/uploads\/2017\/04\/image5.jpg 2016w\" sizes=\"(max-width: 1024px) 100vw, 1024px\" \/>\n\t\t\t<\/dt><\/dl><br style=\"clear: both\" \/><dl class='gallery-item'>\n\t\t\t<dt class='gallery-icon landscape'>\n\t\t\t\t<img decoding=\"async\" width=\"1024\" height=\"768\" src=\"https:\/\/www.akustikksenter.no\/wp-content\/uploads\/2017\/04\/image3-1024x768.jpg\" class=\"attachment-large size-large\" alt=\"\" srcset=\"https:\/\/www.akustikksenter.no\/wp-content\/uploads\/2017\/04\/image3-1024x768.jpg 1024w, https:\/\/www.akustikksenter.no\/wp-content\/uploads\/2017\/04\/image3-800x600.jpg 800w, https:\/\/www.akustikksenter.no\/wp-content\/uploads\/2017\/04\/image3-300x225.jpg 300w, https:\/\/www.akustikksenter.no\/wp-content\/uploads\/2017\/04\/image3-768x576.jpg 768w, https:\/\/www.akustikksenter.no\/wp-content\/uploads\/2017\/04\/image3-250x188.jpg 250w, https:\/\/www.akustikksenter.no\/wp-content\/uploads\/2017\/04\/image3-500x375.jpg 500w, https:\/\/www.akustikksenter.no\/wp-content\/uploads\/2017\/04\/image3.jpg 2016w\" sizes=\"(max-width: 1024px) 100vw, 1024px\" \/>\n\t\t\t<\/dt><\/dl><dl class='gallery-item'>\n\t\t\t<dt class='gallery-icon landscape'>\n\t\t\t\t<img decoding=\"async\" width=\"1024\" height=\"733\" src=\"https:\/\/www.akustikksenter.no\/wp-content\/uploads\/2017\/04\/image1-1024x733.jpg\" class=\"attachment-large size-large\" alt=\"\" srcset=\"https:\/\/www.akustikksenter.no\/wp-content\/uploads\/2017\/04\/image1-1024x733.jpg 1024w, https:\/\/www.akustikksenter.no\/wp-content\/uploads\/2017\/04\/image1-800x573.jpg 800w, https:\/\/www.akustikksenter.no\/wp-content\/uploads\/2017\/04\/image1-300x215.jpg 300w, https:\/\/www.akustikksenter.no\/wp-content\/uploads\/2017\/04\/image1-768x550.jpg 768w, https:\/\/www.akustikksenter.no\/wp-content\/uploads\/2017\/04\/image1-250x179.jpg 250w, https:\/\/www.akustikksenter.no\/wp-content\/uploads\/2017\/04\/image1-500x358.jpg 500w, https:\/\/www.akustikksenter.no\/wp-content\/uploads\/2017\/04\/image1.jpg 1902w\" sizes=\"(max-width: 1024px) 100vw, 1024px\" \/>\n\t\t\t<\/dt><\/dl><dl class='gallery-item'>\n\t\t\t<dt class='gallery-icon landscape'>\n\t\t\t\t<img decoding=\"async\" width=\"1024\" height=\"768\" src=\"https:\/\/www.akustikksenter.no\/wp-content\/uploads\/2017\/04\/image2.2-1024x768.jpg\" class=\"attachment-large size-large\" alt=\"\" aria-describedby=\"gallery-1-3027\" srcset=\"https:\/\/www.akustikksenter.no\/wp-content\/uploads\/2017\/04\/image2.2-1024x768.jpg 1024w, https:\/\/www.akustikksenter.no\/wp-content\/uploads\/2017\/04\/image2.2-800x600.jpg 800w, https:\/\/www.akustikksenter.no\/wp-content\/uploads\/2017\/04\/image2.2-300x225.jpg 300w, https:\/\/www.akustikksenter.no\/wp-content\/uploads\/2017\/04\/image2.2-768x576.jpg 768w, https:\/\/www.akustikksenter.no\/wp-content\/uploads\/2017\/04\/image2.2-250x188.jpg 250w, https:\/\/www.akustikksenter.no\/wp-content\/uploads\/2017\/04\/image2.2-500x375.jpg 500w, https:\/\/www.akustikksenter.no\/wp-content\/uploads\/2017\/04\/image2.2.jpg 2016w\" sizes=\"(max-width: 1024px) 100vw, 1024px\" \/>\n\t\t\t<\/dt>\n\t\t\t\t<dd class='wp-caption-text gallery-caption' id='gallery-1-3027'>\n\t\t\t\tLydisolering i b\u00f8rnev\u00e6relset - Loke 40mm\n\t\t\t\t<\/dd><\/dl><br style=\"clear: both\" \/>\n\t\t<\/div>\n\n<p>&nbsp;<\/p>","protected":false},"excerpt":{"rendered":"<p>En begejstret kunde! Kunden installerede selv Loke 40 mm og har nu opfyldt kravet om lydisolering i b\u00f8rnehaven. \"Hej. Vi i vuggestuen Korntr\u00f8berget er meget tilfredse med resultatet af den foranstaltning, du foreslog. B\u00e5de voksne og b\u00f8rn har bem\u00e6rket en stor forskel, og lydniveauet i rummet er nu helt i orden. Vedh\u00e6ftet er nogle billeder, der viser, hvordan...<\/p>","protected":false},"author":1,"featured_media":3027,"comment_status":"closed","ping_status":"closed","sticky":false,"template":"","format":"standard","meta":{"_acf_changed":false,"footnotes":""},"categories":[28,301],"tags":[],"class_list":["post-3019","post","type-post","status-publish","format-standard","has-post-thumbnail","hentry","category-referanser","category-skoler-barnehage"],"acf":[],"yoast_head":"<!-- This site is optimized with the Yoast SEO plugin v27.4 - https:\/\/yoast.com\/product\/yoast-seo-wordpress\/ -->\n<title>Korntr\u00f8berget Barnehage - Norsk Akustikksenter<\/title>\n<meta name=\"robots\" content=\"index, follow, max-snippet:-1, max-image-preview:large, max-video-preview:-1\" \/>\n<link rel=\"canonical\" href=\"https:\/\/www.akustikksenter.no\/da\/arkiv\/korntroberget-bornehave\/\" \/>\n<meta property=\"og:locale\" content=\"da_DK\" \/>\n<meta property=\"og:type\" content=\"article\" \/>\n<meta property=\"og:title\" content=\"Korntr\u00f8berget Barnehage - Norsk Akustikksenter\" \/>\n<meta property=\"og:description\" content=\"En str\u00e5lende forn\u00f8yd kunde! Kunden monterte Loke 40mm selv og har n\u00e5 innfridd kravet til lyddemping i barnehagen. \u00abHei. Vi i Korntr\u00f8berget barnehage er str\u00e5lende forn\u00f8yd med resultatet av tiltaket dere foreslo. B\u00e5de voksne og barn merker himmelvid forskjell og n\u00e5 er det helt ok lydbilde i rommet. Legger ved noen bilder som viser hvordan&hellip;\" \/>\n<meta property=\"og:url\" content=\"https:\/\/www.akustikksenter.no\/da\/arkiv\/korntroberget-bornehave\/\" \/>\n<meta property=\"og:site_name\" content=\"Norsk Akustikksenter\" \/>\n<meta property=\"article:publisher\" content=\"https:\/\/www.facebook.com\/Akustikksenter\/\" \/>\n<meta property=\"article:published_time\" content=\"2017-04-20T06:30:13+00:00\" \/>\n<meta property=\"article:modified_time\" content=\"2018-11-15T14:17:22+00:00\" \/>\n<meta property=\"og:image\" content=\"https:\/\/www.akustikksenter.no\/wp-content\/uploads\/2017\/04\/image2.2.jpg\" \/>\n\t<meta property=\"og:image:width\" content=\"2016\" \/>\n\t<meta property=\"og:image:height\" content=\"1512\" \/>\n\t<meta property=\"og:image:type\" content=\"image\/jpeg\" \/>\n<meta name=\"author\" content=\"administrator\" \/>\n<meta name=\"twitter:label1\" content=\"Skrevet af\" \/>\n\t<meta name=\"twitter:data1\" content=\"administrator\" \/>\n<script type=\"application\/ld+json\" class=\"yoast-schema-graph\">{\"@context\":\"https:\\\/\\\/schema.org\",\"@graph\":[{\"@type\":\"Article\",\"@id\":\"https:\\\/\\\/www.akustikksenter.no\\\/arkiv\\\/korntroberget-barnehage\\\/#article\",\"isPartOf\":{\"@id\":\"https:\\\/\\\/www.akustikksenter.no\\\/arkiv\\\/korntroberget-barnehage\\\/\"},\"author\":{\"name\":\"administrator\",\"@id\":\"https:\\\/\\\/www.akustikksenter.no\\\/#\\\/schema\\\/person\\\/8211b23de1062ef1805514ef9bdc3d4b\"},\"headline\":\"Korntr\u00f8berget Barnehage\",\"datePublished\":\"2017-04-20T06:30:13+00:00\",\"dateModified\":\"2018-11-15T14:17:22+00:00\",\"mainEntityOfPage\":{\"@id\":\"https:\\\/\\\/www.akustikksenter.no\\\/arkiv\\\/korntroberget-barnehage\\\/\"},\"wordCount\":86,\"publisher\":{\"@id\":\"https:\\\/\\\/www.akustikksenter.no\\\/#organization\"},\"image\":{\"@id\":\"https:\\\/\\\/www.akustikksenter.no\\\/arkiv\\\/korntroberget-barnehage\\\/#primaryimage\"},\"thumbnailUrl\":\"https:\\\/\\\/www.akustikksenter.no\\\/wp-content\\\/uploads\\\/2017\\\/04\\\/image2.2.jpg\",\"articleSection\":[\"Referanser\",\"Skoler og barnehager\"],\"inLanguage\":\"da-DK\"},{\"@type\":\"WebPage\",\"@id\":\"https:\\\/\\\/www.akustikksenter.no\\\/arkiv\\\/korntroberget-barnehage\\\/\",\"url\":\"https:\\\/\\\/www.akustikksenter.no\\\/arkiv\\\/korntroberget-barnehage\\\/\",\"name\":\"Korntr\u00f8berget Barnehage - Norsk Akustikksenter\",\"isPartOf\":{\"@id\":\"https:\\\/\\\/www.akustikksenter.no\\\/#website\"},\"primaryImageOfPage\":{\"@id\":\"https:\\\/\\\/www.akustikksenter.no\\\/arkiv\\\/korntroberget-barnehage\\\/#primaryimage\"},\"image\":{\"@id\":\"https:\\\/\\\/www.akustikksenter.no\\\/arkiv\\\/korntroberget-barnehage\\\/#primaryimage\"},\"thumbnailUrl\":\"https:\\\/\\\/www.akustikksenter.no\\\/wp-content\\\/uploads\\\/2017\\\/04\\\/image2.2.jpg\",\"datePublished\":\"2017-04-20T06:30:13+00:00\",\"dateModified\":\"2018-11-15T14:17:22+00:00\",\"breadcrumb\":{\"@id\":\"https:\\\/\\\/www.akustikksenter.no\\\/arkiv\\\/korntroberget-barnehage\\\/#breadcrumb\"},\"inLanguage\":\"da-DK\",\"potentialAction\":[{\"@type\":\"ReadAction\",\"target\":[\"https:\\\/\\\/www.akustikksenter.no\\\/arkiv\\\/korntroberget-barnehage\\\/\"]}]},{\"@type\":\"ImageObject\",\"inLanguage\":\"da-DK\",\"@id\":\"https:\\\/\\\/www.akustikksenter.no\\\/arkiv\\\/korntroberget-barnehage\\\/#primaryimage\",\"url\":\"https:\\\/\\\/www.akustikksenter.no\\\/wp-content\\\/uploads\\\/2017\\\/04\\\/image2.2.jpg\",\"contentUrl\":\"https:\\\/\\\/www.akustikksenter.no\\\/wp-content\\\/uploads\\\/2017\\\/04\\\/image2.2.jpg\",\"width\":2016,\"height\":1512,\"caption\":\"Lyddemping i barnehage - Loke 40mm\"},{\"@type\":\"BreadcrumbList\",\"@id\":\"https:\\\/\\\/www.akustikksenter.no\\\/arkiv\\\/korntroberget-barnehage\\\/#breadcrumb\",\"itemListElement\":[{\"@type\":\"ListItem\",\"position\":1,\"name\":\"Hjem\",\"item\":\"https:\\\/\\\/www.akustikksenter.no\\\/\"},{\"@type\":\"ListItem\",\"position\":2,\"name\":\"Referanser\",\"item\":\"https:\\\/\\\/www.akustikksenter.no\\\/kategori\\\/referanser\\\/\"},{\"@type\":\"ListItem\",\"position\":3,\"name\":\"Korntr\u00f8berget Barnehage\"}]},{\"@type\":\"WebSite\",\"@id\":\"https:\\\/\\\/www.akustikksenter.no\\\/#website\",\"url\":\"https:\\\/\\\/www.akustikksenter.no\\\/\",\"name\":\"Norsk Akustikksenter\",\"description\":\"Totalleverand\u00f8r av akustikkl\u00f8sninger\",\"publisher\":{\"@id\":\"https:\\\/\\\/www.akustikksenter.no\\\/#organization\"},\"potentialAction\":[{\"@type\":\"SearchAction\",\"target\":{\"@type\":\"EntryPoint\",\"urlTemplate\":\"https:\\\/\\\/www.akustikksenter.no\\\/?s={search_term_string}\"},\"query-input\":{\"@type\":\"PropertyValueSpecification\",\"valueRequired\":true,\"valueName\":\"search_term_string\"}}],\"inLanguage\":\"da-DK\"},{\"@type\":\"Organization\",\"@id\":\"https:\\\/\\\/www.akustikksenter.no\\\/#organization\",\"name\":\"Norsk Akustikksenter\",\"alternateName\":\"Akustikksenter\",\"url\":\"https:\\\/\\\/www.akustikksenter.no\\\/\",\"logo\":{\"@type\":\"ImageObject\",\"inLanguage\":\"da-DK\",\"@id\":\"https:\\\/\\\/www.akustikksenter.no\\\/#\\\/schema\\\/logo\\\/image\\\/\",\"url\":\"https:\\\/\\\/www.akustikksenter.no\\\/wp-content\\\/uploads\\\/2018\\\/02\\\/Norsk-Akkustikksenter_nyLogo_payoff-3-e1518606723632.png\",\"contentUrl\":\"https:\\\/\\\/www.akustikksenter.no\\\/wp-content\\\/uploads\\\/2018\\\/02\\\/Norsk-Akkustikksenter_nyLogo_payoff-3-e1518606723632.png\",\"width\":232,\"height\":93,\"caption\":\"Norsk Akustikksenter\"},\"image\":{\"@id\":\"https:\\\/\\\/www.akustikksenter.no\\\/#\\\/schema\\\/logo\\\/image\\\/\"},\"sameAs\":[\"https:\\\/\\\/www.facebook.com\\\/Akustikksenter\\\/\",\"https:\\\/\\\/www.pinterest.com\\\/akustikksenter\\\/\",\"https:\\\/\\\/www.instagram.com\\\/akustikksenter_norway\\\/\",\"https:\\\/\\\/no.linkedin.com\\\/company\\\/norsk-akustikksenter-as\"]},{\"@type\":\"Person\",\"@id\":\"https:\\\/\\\/www.akustikksenter.no\\\/#\\\/schema\\\/person\\\/8211b23de1062ef1805514ef9bdc3d4b\",\"name\":\"administrator\"}]}<\/script>\n<!-- \/ Yoast SEO plugin. -->","yoast_head_json":{"title":"Korntr\u00f8berget B\u00f8rnehave - Norsk Akustikcenter","robots":{"index":"index","follow":"follow","max-snippet":"max-snippet:-1","max-image-preview":"max-image-preview:large","max-video-preview":"max-video-preview:-1"},"canonical":"https:\/\/www.akustikksenter.no\/da\/arkiv\/korntroberget-bornehave\/","og_locale":"da_DK","og_type":"article","og_title":"Korntr\u00f8berget Barnehage - Norsk Akustikksenter","og_description":"En str\u00e5lende forn\u00f8yd kunde! Kunden monterte Loke 40mm selv og har n\u00e5 innfridd kravet til lyddemping i barnehagen. \u00abHei. Vi i Korntr\u00f8berget barnehage er str\u00e5lende forn\u00f8yd med resultatet av tiltaket dere foreslo. B\u00e5de voksne og barn merker himmelvid forskjell og n\u00e5 er det helt ok lydbilde i rommet. Legger ved noen bilder som viser hvordan&hellip;","og_url":"https:\/\/www.akustikksenter.no\/da\/arkiv\/korntroberget-bornehave\/","og_site_name":"Norsk Akustikksenter","article_publisher":"https:\/\/www.facebook.com\/Akustikksenter\/","article_published_time":"2017-04-20T06:30:13+00:00","article_modified_time":"2018-11-15T14:17:22+00:00","og_image":[{"width":2016,"height":1512,"url":"https:\/\/www.akustikksenter.no\/wp-content\/uploads\/2017\/04\/image2.2.jpg","type":"image\/jpeg"}],"author":"administrator","twitter_misc":{"Skrevet af":"administrator"},"schema":{"@context":"https:\/\/schema.org","@graph":[{"@type":"Article","@id":"https:\/\/www.akustikksenter.no\/arkiv\/korntroberget-barnehage\/#article","isPartOf":{"@id":"https:\/\/www.akustikksenter.no\/arkiv\/korntroberget-barnehage\/"},"author":{"name":"administrator","@id":"https:\/\/www.akustikksenter.no\/#\/schema\/person\/8211b23de1062ef1805514ef9bdc3d4b"},"headline":"Korntr\u00f8berget Barnehage","datePublished":"2017-04-20T06:30:13+00:00","dateModified":"2018-11-15T14:17:22+00:00","mainEntityOfPage":{"@id":"https:\/\/www.akustikksenter.no\/arkiv\/korntroberget-barnehage\/"},"wordCount":86,"publisher":{"@id":"https:\/\/www.akustikksenter.no\/#organization"},"image":{"@id":"https:\/\/www.akustikksenter.no\/arkiv\/korntroberget-barnehage\/#primaryimage"},"thumbnailUrl":"https:\/\/www.akustikksenter.no\/wp-content\/uploads\/2017\/04\/image2.2.jpg","articleSection":["Referanser","Skoler og barnehager"],"inLanguage":"da-DK"},{"@type":"WebPage","@id":"https:\/\/www.akustikksenter.no\/arkiv\/korntroberget-barnehage\/","url":"https:\/\/www.akustikksenter.no\/arkiv\/korntroberget-barnehage\/","name":"Korntr\u00f8berget B\u00f8rnehave - Norsk Akustikcenter","isPartOf":{"@id":"https:\/\/www.akustikksenter.no\/#website"},"primaryImageOfPage":{"@id":"https:\/\/www.akustikksenter.no\/arkiv\/korntroberget-barnehage\/#primaryimage"},"image":{"@id":"https:\/\/www.akustikksenter.no\/arkiv\/korntroberget-barnehage\/#primaryimage"},"thumbnailUrl":"https:\/\/www.akustikksenter.no\/wp-content\/uploads\/2017\/04\/image2.2.jpg","datePublished":"2017-04-20T06:30:13+00:00","dateModified":"2018-11-15T14:17:22+00:00","breadcrumb":{"@id":"https:\/\/www.akustikksenter.no\/arkiv\/korntroberget-barnehage\/#breadcrumb"},"inLanguage":"da-DK","potentialAction":[{"@type":"ReadAction","target":["https:\/\/www.akustikksenter.no\/arkiv\/korntroberget-barnehage\/"]}]},{"@type":"ImageObject","inLanguage":"da-DK","@id":"https:\/\/www.akustikksenter.no\/arkiv\/korntroberget-barnehage\/#primaryimage","url":"https:\/\/www.akustikksenter.no\/wp-content\/uploads\/2017\/04\/image2.2.jpg","contentUrl":"https:\/\/www.akustikksenter.no\/wp-content\/uploads\/2017\/04\/image2.2.jpg","width":2016,"height":1512,"caption":"Lyddemping i barnehage - Loke 40mm"},{"@type":"BreadcrumbList","@id":"https:\/\/www.akustikksenter.no\/arkiv\/korntroberget-barnehage\/#breadcrumb","itemListElement":[{"@type":"ListItem","position":1,"name":"Hjem","item":"https:\/\/www.akustikksenter.no\/"},{"@type":"ListItem","position":2,"name":"Referanser","item":"https:\/\/www.akustikksenter.no\/kategori\/referanser\/"},{"@type":"ListItem","position":3,"name":"Korntr\u00f8berget Barnehage"}]},{"@type":"WebSite","@id":"https:\/\/www.akustikksenter.no\/#website","url":"https:\/\/www.akustikksenter.no\/","name":"Norsk Akustik Center","description":"Totalleverand\u00f8r af akustiske l\u00f8sninger","publisher":{"@id":"https:\/\/www.akustikksenter.no\/#organization"},"potentialAction":[{"@type":"SearchAction","target":{"@type":"EntryPoint","urlTemplate":"https:\/\/www.akustikksenter.no\/?s={search_term_string}"},"query-input":{"@type":"PropertyValueSpecification","valueRequired":true,"valueName":"search_term_string"}}],"inLanguage":"da-DK"},{"@type":"Organization","@id":"https:\/\/www.akustikksenter.no\/#organization","name":"Norsk Akustik Center","alternateName":"Akustikksenter","url":"https:\/\/www.akustikksenter.no\/","logo":{"@type":"ImageObject","inLanguage":"da-DK","@id":"https:\/\/www.akustikksenter.no\/#\/schema\/logo\/image\/","url":"https:\/\/www.akustikksenter.no\/wp-content\/uploads\/2018\/02\/Norsk-Akkustikksenter_nyLogo_payoff-3-e1518606723632.png","contentUrl":"https:\/\/www.akustikksenter.no\/wp-content\/uploads\/2018\/02\/Norsk-Akkustikksenter_nyLogo_payoff-3-e1518606723632.png","width":232,"height":93,"caption":"Norsk Akustikksenter"},"image":{"@id":"https:\/\/www.akustikksenter.no\/#\/schema\/logo\/image\/"},"sameAs":["https:\/\/www.facebook.com\/Akustikksenter\/","https:\/\/www.pinterest.com\/akustikksenter\/","https:\/\/www.instagram.com\/akustikksenter_norway\/","https:\/\/no.linkedin.com\/company\/norsk-akustikksenter-as"]},{"@type":"Person","@id":"https:\/\/www.akustikksenter.no\/#\/schema\/person\/8211b23de1062ef1805514ef9bdc3d4b","name":"Administrator"}]}},"_links":{"self":[{"href":"https:\/\/www.akustikksenter.no\/da\/wp-json\/wp\/v2\/posts\/3019","targetHints":{"allow":["GET"]}}],"collection":[{"href":"https:\/\/www.akustikksenter.no\/da\/wp-json\/wp\/v2\/posts"}],"about":[{"href":"https:\/\/www.akustikksenter.no\/da\/wp-json\/wp\/v2\/types\/post"}],"author":[{"embeddable":true,"href":"https:\/\/www.akustikksenter.no\/da\/wp-json\/wp\/v2\/users\/1"}],"replies":[{"embeddable":true,"href":"https:\/\/www.akustikksenter.no\/da\/wp-json\/wp\/v2\/comments?post=3019"}],"version-history":[{"count":0,"href":"https:\/\/www.akustikksenter.no\/da\/wp-json\/wp\/v2\/posts\/3019\/revisions"}],"wp:featuredmedia":[{"embeddable":true,"href":"https:\/\/www.akustikksenter.no\/da\/wp-json\/wp\/v2\/media\/3027"}],"wp:attachment":[{"href":"https:\/\/www.akustikksenter.no\/da\/wp-json\/wp\/v2\/media?parent=3019"}],"wp:term":[{"taxonomy":"category","embeddable":true,"href":"https:\/\/www.akustikksenter.no\/da\/wp-json\/wp\/v2\/categories?post=3019"},{"taxonomy":"post_tag","embeddable":true,"href":"https:\/\/www.akustikksenter.no\/da\/wp-json\/wp\/v2\/tags?post=3019"}],"curies":[{"name":"wp","href":"https:\/\/api.w.org\/{rel}","templated":true}]}}