{"id":3043,"date":"2017-05-12T09:37:33","date_gmt":"2017-05-12T07:37:33","guid":{"rendered":"https:\/\/www-akustikksenter.wp3.hcweb.dev\/?p=3043"},"modified":"2018-11-05T21:46:18","modified_gmt":"2018-11-05T20:46:18","slug":"bagerens-horn","status":"publish","type":"post","link":"https:\/\/www.akustikksenter.no\/da\/arkiv\/bakerhjornet\/","title":{"rendered":"Tillykke til Bakerhj\u00f8rnet med deres flotte nye lokaler"},"content":{"rendered":"<p><strong>Vi lyk\u00f8nsker <a href=\"http:\/\/bakerhjornet.no\/\" target=\"_blank\" rel=\"noopener noreferrer\">Bageriets hj\u00f8rne <\/a>med smukke nye lokaler i <a href=\"http:\/\/www.lurabyen.no\/\" target=\"_blank\" rel=\"noopener noreferrer\">Luraby<\/a> i Sandnes.<\/strong><\/p>\n<p>Lydisoleret ved hj\u00e6lp af akustiske paneler<a href=\"https:\/\/www.akustikksenter.no\/da\/produktkategorier\/loftpaneler-til-system\/loke-hygiene\/\"> <em>Loke-hygiejne<\/em><\/a> i f\u00f8devarezonen (hvid), <a href=\"https:\/\/www.akustikksenter.no\/da\/butik\/lydabsorberende-produkter\/loke-40mm\/\">\u00a0<em>Loki gr\u00e5<\/em><\/a> i shoppingzonen og <a href=\"https:\/\/www.akustikksenter.no\/da\/butik\/lydabsorberende-produkter\/eira-40-sort\/\"><em>Eira sort<\/em><\/a> og <a href=\"https:\/\/www.akustikksenter.no\/da\/butik\/lydabsorberende-produkter\/loke-40mm\/\"><em>Loki hvid<\/em><\/a> i \u00e5rstiderne.<\/p>\n<p>Alt i alt har Bakerhj\u00f8rnet f\u00e5et det, som de ville have det, og b\u00e5de kunder og medarbejdere er glade for at arbejde her.<\/p>\n\n\t\t<style>\n\t\t\t#gallery-1 {\n\t\t\t\tmargin: auto;\n\t\t\t}\n\t\t\t#gallery-1 .gallery-item {\n\t\t\t\tfloat: left;\n\t\t\t\tmargin-top: 10px;\n\t\t\t\ttext-align: center;\n\t\t\t\twidth: 33%;\n\t\t\t}\n\t\t\t#gallery-1 img {\n\t\t\t\tborder: 2px solid #cfcfcf;\n\t\t\t}\n\t\t\t#gallery-1 .gallery-caption {\n\t\t\t\tmargin-left: 0;\n\t\t\t}\n\t\t\t\/* see gallery_shortcode() in wp-includes\/media.php *\/\n\t\t<\/style>\n\t\t<div id='gallery-1' class='gallery galleryid-3043 gallery-columns-3 gallery-size-full'><dl class='gallery-item'>\n\t\t\t<dt class='gallery-icon portrait'>\n\t\t\t\t<a href='https:\/\/www.akustikksenter.no\/da\/arkiv\/bakerhjornet\/08-05-2017_17_57_33_andreas_sandvold_baker_hjornet\/'><img decoding=\"async\" width=\"984\" height=\"1312\" src=\"https:\/\/www.akustikksenter.no\/wp-content\/uploads\/2017\/05\/08.05.2017_17_57_33_Andreas_Sandvold_baker_hjornet.jpg\" class=\"attachment-full size-full\" alt=\"\" srcset=\"https:\/\/www.akustikksenter.no\/wp-content\/uploads\/2017\/05\/08.05.2017_17_57_33_Andreas_Sandvold_baker_hjornet.jpg 984w, https:\/\/www.akustikksenter.no\/wp-content\/uploads\/2017\/05\/08.05.2017_17_57_33_Andreas_Sandvold_baker_hjornet-800x1067.jpg 800w, https:\/\/www.akustikksenter.no\/wp-content\/uploads\/2017\/05\/08.05.2017_17_57_33_Andreas_Sandvold_baker_hjornet-225x300.jpg 225w, https:\/\/www.akustikksenter.no\/wp-content\/uploads\/2017\/05\/08.05.2017_17_57_33_Andreas_Sandvold_baker_hjornet-768x1024.jpg 768w, https:\/\/www.akustikksenter.no\/wp-content\/uploads\/2017\/05\/08.05.2017_17_57_33_Andreas_Sandvold_baker_hjornet-250x333.jpg 250w, https:\/\/www.akustikksenter.no\/wp-content\/uploads\/2017\/05\/08.05.2017_17_57_33_Andreas_Sandvold_baker_hjornet-500x667.jpg 500w\" sizes=\"(max-width: 984px) 100vw, 984px\" \/><\/a>\n\t\t\t<\/dt><\/dl><dl class='gallery-item'>\n\t\t\t<dt class='gallery-icon portrait'>\n\t\t\t\t<a href='https:\/\/www.akustikksenter.no\/da\/arkiv\/bakerhjornet\/img_1468\/'><img decoding=\"async\" width=\"1512\" height=\"2016\" src=\"https:\/\/www.akustikksenter.no\/wp-content\/uploads\/2017\/05\/IMG_1468.jpg\" class=\"attachment-full size-full\" alt=\"\" srcset=\"https:\/\/www.akustikksenter.no\/wp-content\/uploads\/2017\/05\/IMG_1468.jpg 1512w, https:\/\/www.akustikksenter.no\/wp-content\/uploads\/2017\/05\/IMG_1468-800x1067.jpg 800w, https:\/\/www.akustikksenter.no\/wp-content\/uploads\/2017\/05\/IMG_1468-225x300.jpg 225w, https:\/\/www.akustikksenter.no\/wp-content\/uploads\/2017\/05\/IMG_1468-768x1024.jpg 768w, https:\/\/www.akustikksenter.no\/wp-content\/uploads\/2017\/05\/IMG_1468-250x333.jpg 250w, https:\/\/www.akustikksenter.no\/wp-content\/uploads\/2017\/05\/IMG_1468-500x667.jpg 500w\" sizes=\"(max-width: 1512px) 100vw, 1512px\" \/><\/a>\n\t\t\t<\/dt><\/dl><dl class='gallery-item'>\n\t\t\t<dt class='gallery-icon portrait'>\n\t\t\t\t<a href='https:\/\/www.akustikksenter.no\/da\/arkiv\/bakerhjornet\/img_1467\/'><img decoding=\"async\" width=\"1512\" height=\"2016\" src=\"https:\/\/www.akustikksenter.no\/wp-content\/uploads\/2017\/05\/IMG_1467.jpg\" class=\"attachment-full size-full\" alt=\"\" srcset=\"https:\/\/www.akustikksenter.no\/wp-content\/uploads\/2017\/05\/IMG_1467.jpg 1512w, https:\/\/www.akustikksenter.no\/wp-content\/uploads\/2017\/05\/IMG_1467-800x1067.jpg 800w, https:\/\/www.akustikksenter.no\/wp-content\/uploads\/2017\/05\/IMG_1467-225x300.jpg 225w, https:\/\/www.akustikksenter.no\/wp-content\/uploads\/2017\/05\/IMG_1467-768x1024.jpg 768w, https:\/\/www.akustikksenter.no\/wp-content\/uploads\/2017\/05\/IMG_1467-250x333.jpg 250w, https:\/\/www.akustikksenter.no\/wp-content\/uploads\/2017\/05\/IMG_1467-500x667.jpg 500w\" sizes=\"(max-width: 1512px) 100vw, 1512px\" \/><\/a>\n\t\t\t<\/dt><\/dl><br style=\"clear: both\" \/><dl class='gallery-item'>\n\t\t\t<dt class='gallery-icon portrait'>\n\t\t\t\t<a href='https:\/\/www.akustikksenter.no\/da\/arkiv\/bakerhjornet\/img_1466\/'><img decoding=\"async\" width=\"1512\" height=\"2016\" src=\"https:\/\/www.akustikksenter.no\/wp-content\/uploads\/2017\/05\/IMG_1466.jpg\" class=\"attachment-full size-full\" alt=\"\" aria-describedby=\"gallery-1-3048\" srcset=\"https:\/\/www.akustikksenter.no\/wp-content\/uploads\/2017\/05\/IMG_1466.jpg 1512w, https:\/\/www.akustikksenter.no\/wp-content\/uploads\/2017\/05\/IMG_1466-800x1067.jpg 800w, https:\/\/www.akustikksenter.no\/wp-content\/uploads\/2017\/05\/IMG_1466-225x300.jpg 225w, https:\/\/www.akustikksenter.no\/wp-content\/uploads\/2017\/05\/IMG_1466-768x1024.jpg 768w, https:\/\/www.akustikksenter.no\/wp-content\/uploads\/2017\/05\/IMG_1466-250x333.jpg 250w, https:\/\/www.akustikksenter.no\/wp-content\/uploads\/2017\/05\/IMG_1466-500x667.jpg 500w\" sizes=\"(max-width: 1512px) 100vw, 1512px\" \/><\/a>\n\t\t\t<\/dt>\n\t\t\t\t<dd class='wp-caption-text gallery-caption' id='gallery-1-3048'>\n\t\t\t\tBakerhj\u00f8rnet, Sandnes\n\t\t\t\t<\/dd><\/dl><dl class='gallery-item'>\n\t\t\t<dt class='gallery-icon portrait'>\n\t\t\t\t<a href='https:\/\/www.akustikksenter.no\/da\/arkiv\/bakerhjornet\/img_1464\/'><img decoding=\"async\" width=\"1512\" height=\"2016\" src=\"https:\/\/www.akustikksenter.no\/wp-content\/uploads\/2017\/05\/IMG_1464.jpg\" class=\"attachment-full size-full\" alt=\"\" aria-describedby=\"gallery-1-3047\" srcset=\"https:\/\/www.akustikksenter.no\/wp-content\/uploads\/2017\/05\/IMG_1464.jpg 1512w, https:\/\/www.akustikksenter.no\/wp-content\/uploads\/2017\/05\/IMG_1464-800x1067.jpg 800w, https:\/\/www.akustikksenter.no\/wp-content\/uploads\/2017\/05\/IMG_1464-225x300.jpg 225w, https:\/\/www.akustikksenter.no\/wp-content\/uploads\/2017\/05\/IMG_1464-768x1024.jpg 768w, https:\/\/www.akustikksenter.no\/wp-content\/uploads\/2017\/05\/IMG_1464-250x333.jpg 250w, https:\/\/www.akustikksenter.no\/wp-content\/uploads\/2017\/05\/IMG_1464-500x667.jpg 500w\" sizes=\"(max-width: 1512px) 100vw, 1512px\" \/><\/a>\n\t\t\t<\/dt>\n\t\t\t\t<dd class='wp-caption-text gallery-caption' id='gallery-1-3047'>\n\t\t\t\tBakerhj\u00f8rnet, Sandnes\n\t\t\t\t<\/dd><\/dl><dl class='gallery-item'>\n\t\t\t<dt class='gallery-icon landscape'>\n\t\t\t\t<a href='https:\/\/www.akustikksenter.no\/da\/arkiv\/bakerhjornet\/img_1462\/'><img decoding=\"async\" width=\"2016\" height=\"1512\" src=\"https:\/\/www.akustikksenter.no\/wp-content\/uploads\/2017\/05\/IMG_1462.jpg\" class=\"attachment-full size-full\" alt=\"\" srcset=\"https:\/\/www.akustikksenter.no\/wp-content\/uploads\/2017\/05\/IMG_1462.jpg 2016w, https:\/\/www.akustikksenter.no\/wp-content\/uploads\/2017\/05\/IMG_1462-800x600.jpg 800w, https:\/\/www.akustikksenter.no\/wp-content\/uploads\/2017\/05\/IMG_1462-300x225.jpg 300w, https:\/\/www.akustikksenter.no\/wp-content\/uploads\/2017\/05\/IMG_1462-768x576.jpg 768w, https:\/\/www.akustikksenter.no\/wp-content\/uploads\/2017\/05\/IMG_1462-1024x768.jpg 1024w, https:\/\/www.akustikksenter.no\/wp-content\/uploads\/2017\/05\/IMG_1462-250x188.jpg 250w, https:\/\/www.akustikksenter.no\/wp-content\/uploads\/2017\/05\/IMG_1462-500x375.jpg 500w\" sizes=\"(max-width: 2016px) 100vw, 2016px\" \/><\/a>\n\t\t\t<\/dt><\/dl><br style=\"clear: both\" \/><dl class='gallery-item'>\n\t\t\t<dt class='gallery-icon portrait'>\n\t\t\t\t<a href='https:\/\/www.akustikksenter.no\/da\/arkiv\/bakerhjornet\/bakerhjornet\/'><img decoding=\"async\" width=\"1210\" height=\"1613\" src=\"https:\/\/www.akustikksenter.no\/wp-content\/uploads\/2017\/05\/Bakerhj\u00f8rnet.jpg\" class=\"attachment-full size-full\" alt=\"\" srcset=\"https:\/\/www.akustikksenter.no\/wp-content\/uploads\/2017\/05\/Bakerhj\u00f8rnet.jpg 1210w, https:\/\/www.akustikksenter.no\/wp-content\/uploads\/2017\/05\/Bakerhj\u00f8rnet-800x1066.jpg 800w, https:\/\/www.akustikksenter.no\/wp-content\/uploads\/2017\/05\/Bakerhj\u00f8rnet-225x300.jpg 225w, https:\/\/www.akustikksenter.no\/wp-content\/uploads\/2017\/05\/Bakerhj\u00f8rnet-768x1024.jpg 768w, https:\/\/www.akustikksenter.no\/wp-content\/uploads\/2017\/05\/Bakerhj\u00f8rnet-250x333.jpg 250w, https:\/\/www.akustikksenter.no\/wp-content\/uploads\/2017\/05\/Bakerhj\u00f8rnet-500x667.jpg 500w\" sizes=\"(max-width: 1210px) 100vw, 1210px\" \/><\/a>\n\t\t\t<\/dt><\/dl>\n\t\t\t<br style='clear: both' \/>\n\t\t<\/div>","protected":false},"excerpt":{"rendered":"<p>Vi \u00f8nsker Bakerhj\u00f8rnet tillykke med deres nye lokaler i Lurabyen i Sandnes. Lydisoleret med akustikpladerne Loke hygiene i foodzonen (hvid), Loke grey i shoppingzonen og Eira black og Loke white i siddezonerne. Alt i alt har Bakerhj\u00f8rnet f\u00e5et det, som de ville have det, og b\u00e5de kunder og medarbejdere er glade for at v\u00e6re her.<\/p>","protected":false},"author":1,"featured_media":3047,"comment_status":"closed","ping_status":"closed","sticky":false,"template":"","format":"standard","meta":{"_acf_changed":false,"footnotes":""},"categories":[297,28],"tags":[],"class_list":["post-3043","post","type-post","status-publish","format-standard","has-post-thumbnail","hentry","category-restaurant-uteliv","category-referanser"],"acf":[],"yoast_head":"<!-- This site is optimized with the Yoast SEO plugin v27.4 - https:\/\/yoast.com\/product\/yoast-seo-wordpress\/ -->\n<title>Gratulerer til Bakerhj\u00f8rnet med flotte nye lokaler - Norsk Akustikksenter<\/title>\n<meta name=\"robots\" content=\"index, follow, max-snippet:-1, max-image-preview:large, max-video-preview:-1\" \/>\n<link rel=\"canonical\" href=\"https:\/\/www.akustikksenter.no\/da\/arkiv\/bagerens-horn\/\" \/>\n<meta property=\"og:locale\" content=\"da_DK\" \/>\n<meta property=\"og:type\" content=\"article\" \/>\n<meta property=\"og:title\" content=\"Gratulerer til Bakerhj\u00f8rnet med flotte nye lokaler - Norsk Akustikksenter\" \/>\n<meta property=\"og:description\" content=\"Vi gratulerer Bakerhj\u00f8rnet med flotte nye lokaler i Lurabyen i Sandnes. Lyddempet ved hjelp av akustikkplatene Loke hygiene i matsonen (hvit), \u00a0Loke gr\u00e5 i handlesonen og Eira svart og Loke hvit i sittesonene. Alt i alt ble det som Bakerhj\u00f8rnet \u00f8nsket, og b\u00e5de kunder og ansatte trives her.\" \/>\n<meta property=\"og:url\" content=\"https:\/\/www.akustikksenter.no\/da\/arkiv\/bagerens-horn\/\" \/>\n<meta property=\"og:site_name\" content=\"Norsk Akustikksenter\" \/>\n<meta property=\"article:publisher\" content=\"https:\/\/www.facebook.com\/Akustikksenter\/\" \/>\n<meta property=\"article:published_time\" content=\"2017-05-12T07:37:33+00:00\" \/>\n<meta property=\"article:modified_time\" content=\"2018-11-05T20:46:18+00:00\" \/>\n<meta property=\"og:image\" content=\"https:\/\/www.akustikksenter.no\/wp-content\/uploads\/2017\/05\/IMG_1464.jpg\" \/>\n\t<meta property=\"og:image:width\" content=\"1512\" \/>\n\t<meta property=\"og:image:height\" content=\"2016\" \/>\n\t<meta property=\"og:image:type\" content=\"image\/jpeg\" \/>\n<meta name=\"author\" content=\"administrator\" \/>\n<meta name=\"twitter:label1\" content=\"Skrevet af\" \/>\n\t<meta name=\"twitter:data1\" content=\"administrator\" \/>\n<script type=\"application\/ld+json\" class=\"yoast-schema-graph\">{\"@context\":\"https:\\\/\\\/schema.org\",\"@graph\":[{\"@type\":\"Article\",\"@id\":\"https:\\\/\\\/www.akustikksenter.no\\\/arkiv\\\/bakerhjornet\\\/#article\",\"isPartOf\":{\"@id\":\"https:\\\/\\\/www.akustikksenter.no\\\/arkiv\\\/bakerhjornet\\\/\"},\"author\":{\"name\":\"administrator\",\"@id\":\"https:\\\/\\\/www.akustikksenter.no\\\/#\\\/schema\\\/person\\\/8211b23de1062ef1805514ef9bdc3d4b\"},\"headline\":\"Gratulerer til Bakerhj\u00f8rnet med flotte nye lokaler\",\"datePublished\":\"2017-05-12T07:37:33+00:00\",\"dateModified\":\"2018-11-05T20:46:18+00:00\",\"mainEntityOfPage\":{\"@id\":\"https:\\\/\\\/www.akustikksenter.no\\\/arkiv\\\/bakerhjornet\\\/\"},\"wordCount\":63,\"publisher\":{\"@id\":\"https:\\\/\\\/www.akustikksenter.no\\\/#organization\"},\"image\":{\"@id\":\"https:\\\/\\\/www.akustikksenter.no\\\/arkiv\\\/bakerhjornet\\\/#primaryimage\"},\"thumbnailUrl\":\"https:\\\/\\\/www.akustikksenter.no\\\/wp-content\\\/uploads\\\/2017\\\/05\\\/IMG_1464.jpg\",\"articleSection\":[\"Hotell, restaurant og uteliv\",\"Referanser\"],\"inLanguage\":\"da-DK\"},{\"@type\":\"WebPage\",\"@id\":\"https:\\\/\\\/www.akustikksenter.no\\\/arkiv\\\/bakerhjornet\\\/\",\"url\":\"https:\\\/\\\/www.akustikksenter.no\\\/arkiv\\\/bakerhjornet\\\/\",\"name\":\"Gratulerer til Bakerhj\u00f8rnet med flotte nye lokaler - Norsk Akustikksenter\",\"isPartOf\":{\"@id\":\"https:\\\/\\\/www.akustikksenter.no\\\/#website\"},\"primaryImageOfPage\":{\"@id\":\"https:\\\/\\\/www.akustikksenter.no\\\/arkiv\\\/bakerhjornet\\\/#primaryimage\"},\"image\":{\"@id\":\"https:\\\/\\\/www.akustikksenter.no\\\/arkiv\\\/bakerhjornet\\\/#primaryimage\"},\"thumbnailUrl\":\"https:\\\/\\\/www.akustikksenter.no\\\/wp-content\\\/uploads\\\/2017\\\/05\\\/IMG_1464.jpg\",\"datePublished\":\"2017-05-12T07:37:33+00:00\",\"dateModified\":\"2018-11-05T20:46:18+00:00\",\"breadcrumb\":{\"@id\":\"https:\\\/\\\/www.akustikksenter.no\\\/arkiv\\\/bakerhjornet\\\/#breadcrumb\"},\"inLanguage\":\"da-DK\",\"potentialAction\":[{\"@type\":\"ReadAction\",\"target\":[\"https:\\\/\\\/www.akustikksenter.no\\\/arkiv\\\/bakerhjornet\\\/\"]}]},{\"@type\":\"ImageObject\",\"inLanguage\":\"da-DK\",\"@id\":\"https:\\\/\\\/www.akustikksenter.no\\\/arkiv\\\/bakerhjornet\\\/#primaryimage\",\"url\":\"https:\\\/\\\/www.akustikksenter.no\\\/wp-content\\\/uploads\\\/2017\\\/05\\\/IMG_1464.jpg\",\"contentUrl\":\"https:\\\/\\\/www.akustikksenter.no\\\/wp-content\\\/uploads\\\/2017\\\/05\\\/IMG_1464.jpg\",\"width\":1512,\"height\":2016,\"caption\":\"Bakerhj\u00f8rnet, Sandnes\"},{\"@type\":\"BreadcrumbList\",\"@id\":\"https:\\\/\\\/www.akustikksenter.no\\\/arkiv\\\/bakerhjornet\\\/#breadcrumb\",\"itemListElement\":[{\"@type\":\"ListItem\",\"position\":1,\"name\":\"Hjem\",\"item\":\"https:\\\/\\\/www.akustikksenter.no\\\/\"},{\"@type\":\"ListItem\",\"position\":2,\"name\":\"Referanser\",\"item\":\"https:\\\/\\\/www.akustikksenter.no\\\/kategori\\\/referanser\\\/\"},{\"@type\":\"ListItem\",\"position\":3,\"name\":\"Gratulerer til Bakerhj\u00f8rnet med flotte nye lokaler\"}]},{\"@type\":\"WebSite\",\"@id\":\"https:\\\/\\\/www.akustikksenter.no\\\/#website\",\"url\":\"https:\\\/\\\/www.akustikksenter.no\\\/\",\"name\":\"Norsk Akustikksenter\",\"description\":\"Totalleverand\u00f8r av akustikkl\u00f8sninger\",\"publisher\":{\"@id\":\"https:\\\/\\\/www.akustikksenter.no\\\/#organization\"},\"potentialAction\":[{\"@type\":\"SearchAction\",\"target\":{\"@type\":\"EntryPoint\",\"urlTemplate\":\"https:\\\/\\\/www.akustikksenter.no\\\/?s={search_term_string}\"},\"query-input\":{\"@type\":\"PropertyValueSpecification\",\"valueRequired\":true,\"valueName\":\"search_term_string\"}}],\"inLanguage\":\"da-DK\"},{\"@type\":\"Organization\",\"@id\":\"https:\\\/\\\/www.akustikksenter.no\\\/#organization\",\"name\":\"Norsk Akustikksenter\",\"alternateName\":\"Akustikksenter\",\"url\":\"https:\\\/\\\/www.akustikksenter.no\\\/\",\"logo\":{\"@type\":\"ImageObject\",\"inLanguage\":\"da-DK\",\"@id\":\"https:\\\/\\\/www.akustikksenter.no\\\/#\\\/schema\\\/logo\\\/image\\\/\",\"url\":\"https:\\\/\\\/www.akustikksenter.no\\\/wp-content\\\/uploads\\\/2018\\\/02\\\/Norsk-Akkustikksenter_nyLogo_payoff-3-e1518606723632.png\",\"contentUrl\":\"https:\\\/\\\/www.akustikksenter.no\\\/wp-content\\\/uploads\\\/2018\\\/02\\\/Norsk-Akkustikksenter_nyLogo_payoff-3-e1518606723632.png\",\"width\":232,\"height\":93,\"caption\":\"Norsk Akustikksenter\"},\"image\":{\"@id\":\"https:\\\/\\\/www.akustikksenter.no\\\/#\\\/schema\\\/logo\\\/image\\\/\"},\"sameAs\":[\"https:\\\/\\\/www.facebook.com\\\/Akustikksenter\\\/\",\"https:\\\/\\\/www.pinterest.com\\\/akustikksenter\\\/\",\"https:\\\/\\\/www.instagram.com\\\/akustikksenter_norway\\\/\",\"https:\\\/\\\/no.linkedin.com\\\/company\\\/norsk-akustikksenter-as\"]},{\"@type\":\"Person\",\"@id\":\"https:\\\/\\\/www.akustikksenter.no\\\/#\\\/schema\\\/person\\\/8211b23de1062ef1805514ef9bdc3d4b\",\"name\":\"administrator\"}]}<\/script>\n<!-- \/ Yoast SEO plugin. -->","yoast_head_json":{"title":"Tillykke til Bakerhj\u00f8rnet med flotte nye lokaler - Norsk Akustikksenter","robots":{"index":"index","follow":"follow","max-snippet":"max-snippet:-1","max-image-preview":"max-image-preview:large","max-video-preview":"max-video-preview:-1"},"canonical":"https:\/\/www.akustikksenter.no\/da\/arkiv\/bagerens-horn\/","og_locale":"da_DK","og_type":"article","og_title":"Gratulerer til Bakerhj\u00f8rnet med flotte nye lokaler - Norsk Akustikksenter","og_description":"Vi gratulerer Bakerhj\u00f8rnet med flotte nye lokaler i Lurabyen i Sandnes. Lyddempet ved hjelp av akustikkplatene Loke hygiene i matsonen (hvit), \u00a0Loke gr\u00e5 i handlesonen og Eira svart og Loke hvit i sittesonene. Alt i alt ble det som Bakerhj\u00f8rnet \u00f8nsket, og b\u00e5de kunder og ansatte trives her.","og_url":"https:\/\/www.akustikksenter.no\/da\/arkiv\/bagerens-horn\/","og_site_name":"Norsk Akustikksenter","article_publisher":"https:\/\/www.facebook.com\/Akustikksenter\/","article_published_time":"2017-05-12T07:37:33+00:00","article_modified_time":"2018-11-05T20:46:18+00:00","og_image":[{"width":1512,"height":2016,"url":"https:\/\/www.akustikksenter.no\/wp-content\/uploads\/2017\/05\/IMG_1464.jpg","type":"image\/jpeg"}],"author":"administrator","twitter_misc":{"Skrevet af":"administrator"},"schema":{"@context":"https:\/\/schema.org","@graph":[{"@type":"Article","@id":"https:\/\/www.akustikksenter.no\/arkiv\/bakerhjornet\/#article","isPartOf":{"@id":"https:\/\/www.akustikksenter.no\/arkiv\/bakerhjornet\/"},"author":{"name":"administrator","@id":"https:\/\/www.akustikksenter.no\/#\/schema\/person\/8211b23de1062ef1805514ef9bdc3d4b"},"headline":"Gratulerer til Bakerhj\u00f8rnet med flotte nye lokaler","datePublished":"2017-05-12T07:37:33+00:00","dateModified":"2018-11-05T20:46:18+00:00","mainEntityOfPage":{"@id":"https:\/\/www.akustikksenter.no\/arkiv\/bakerhjornet\/"},"wordCount":63,"publisher":{"@id":"https:\/\/www.akustikksenter.no\/#organization"},"image":{"@id":"https:\/\/www.akustikksenter.no\/arkiv\/bakerhjornet\/#primaryimage"},"thumbnailUrl":"https:\/\/www.akustikksenter.no\/wp-content\/uploads\/2017\/05\/IMG_1464.jpg","articleSection":["Hotell, restaurant og uteliv","Referanser"],"inLanguage":"da-DK"},{"@type":"WebPage","@id":"https:\/\/www.akustikksenter.no\/arkiv\/bakerhjornet\/","url":"https:\/\/www.akustikksenter.no\/arkiv\/bakerhjornet\/","name":"Tillykke til Bakerhj\u00f8rnet med flotte nye lokaler - Norsk Akustikksenter","isPartOf":{"@id":"https:\/\/www.akustikksenter.no\/#website"},"primaryImageOfPage":{"@id":"https:\/\/www.akustikksenter.no\/arkiv\/bakerhjornet\/#primaryimage"},"image":{"@id":"https:\/\/www.akustikksenter.no\/arkiv\/bakerhjornet\/#primaryimage"},"thumbnailUrl":"https:\/\/www.akustikksenter.no\/wp-content\/uploads\/2017\/05\/IMG_1464.jpg","datePublished":"2017-05-12T07:37:33+00:00","dateModified":"2018-11-05T20:46:18+00:00","breadcrumb":{"@id":"https:\/\/www.akustikksenter.no\/arkiv\/bakerhjornet\/#breadcrumb"},"inLanguage":"da-DK","potentialAction":[{"@type":"ReadAction","target":["https:\/\/www.akustikksenter.no\/arkiv\/bakerhjornet\/"]}]},{"@type":"ImageObject","inLanguage":"da-DK","@id":"https:\/\/www.akustikksenter.no\/arkiv\/bakerhjornet\/#primaryimage","url":"https:\/\/www.akustikksenter.no\/wp-content\/uploads\/2017\/05\/IMG_1464.jpg","contentUrl":"https:\/\/www.akustikksenter.no\/wp-content\/uploads\/2017\/05\/IMG_1464.jpg","width":1512,"height":2016,"caption":"Bakerhj\u00f8rnet, Sandnes"},{"@type":"BreadcrumbList","@id":"https:\/\/www.akustikksenter.no\/arkiv\/bakerhjornet\/#breadcrumb","itemListElement":[{"@type":"ListItem","position":1,"name":"Hjem","item":"https:\/\/www.akustikksenter.no\/"},{"@type":"ListItem","position":2,"name":"Referanser","item":"https:\/\/www.akustikksenter.no\/kategori\/referanser\/"},{"@type":"ListItem","position":3,"name":"Gratulerer til Bakerhj\u00f8rnet med flotte nye lokaler"}]},{"@type":"WebSite","@id":"https:\/\/www.akustikksenter.no\/#website","url":"https:\/\/www.akustikksenter.no\/","name":"Norsk Akustik Center","description":"Totalleverand\u00f8r af akustiske l\u00f8sninger","publisher":{"@id":"https:\/\/www.akustikksenter.no\/#organization"},"potentialAction":[{"@type":"SearchAction","target":{"@type":"EntryPoint","urlTemplate":"https:\/\/www.akustikksenter.no\/?s={search_term_string}"},"query-input":{"@type":"PropertyValueSpecification","valueRequired":true,"valueName":"search_term_string"}}],"inLanguage":"da-DK"},{"@type":"Organization","@id":"https:\/\/www.akustikksenter.no\/#organization","name":"Norsk Akustik Center","alternateName":"Akustikksenter","url":"https:\/\/www.akustikksenter.no\/","logo":{"@type":"ImageObject","inLanguage":"da-DK","@id":"https:\/\/www.akustikksenter.no\/#\/schema\/logo\/image\/","url":"https:\/\/www.akustikksenter.no\/wp-content\/uploads\/2018\/02\/Norsk-Akkustikksenter_nyLogo_payoff-3-e1518606723632.png","contentUrl":"https:\/\/www.akustikksenter.no\/wp-content\/uploads\/2018\/02\/Norsk-Akkustikksenter_nyLogo_payoff-3-e1518606723632.png","width":232,"height":93,"caption":"Norsk Akustikksenter"},"image":{"@id":"https:\/\/www.akustikksenter.no\/#\/schema\/logo\/image\/"},"sameAs":["https:\/\/www.facebook.com\/Akustikksenter\/","https:\/\/www.pinterest.com\/akustikksenter\/","https:\/\/www.instagram.com\/akustikksenter_norway\/","https:\/\/no.linkedin.com\/company\/norsk-akustikksenter-as"]},{"@type":"Person","@id":"https:\/\/www.akustikksenter.no\/#\/schema\/person\/8211b23de1062ef1805514ef9bdc3d4b","name":"Administrator"}]}},"_links":{"self":[{"href":"https:\/\/www.akustikksenter.no\/da\/wp-json\/wp\/v2\/posts\/3043","targetHints":{"allow":["GET"]}}],"collection":[{"href":"https:\/\/www.akustikksenter.no\/da\/wp-json\/wp\/v2\/posts"}],"about":[{"href":"https:\/\/www.akustikksenter.no\/da\/wp-json\/wp\/v2\/types\/post"}],"author":[{"embeddable":true,"href":"https:\/\/www.akustikksenter.no\/da\/wp-json\/wp\/v2\/users\/1"}],"replies":[{"embeddable":true,"href":"https:\/\/www.akustikksenter.no\/da\/wp-json\/wp\/v2\/comments?post=3043"}],"version-history":[{"count":0,"href":"https:\/\/www.akustikksenter.no\/da\/wp-json\/wp\/v2\/posts\/3043\/revisions"}],"wp:featuredmedia":[{"embeddable":true,"href":"https:\/\/www.akustikksenter.no\/da\/wp-json\/wp\/v2\/media\/3047"}],"wp:attachment":[{"href":"https:\/\/www.akustikksenter.no\/da\/wp-json\/wp\/v2\/media?parent=3043"}],"wp:term":[{"taxonomy":"category","embeddable":true,"href":"https:\/\/www.akustikksenter.no\/da\/wp-json\/wp\/v2\/categories?post=3043"},{"taxonomy":"post_tag","embeddable":true,"href":"https:\/\/www.akustikksenter.no\/da\/wp-json\/wp\/v2\/tags?post=3043"}],"curies":[{"name":"wp","href":"https:\/\/api.w.org\/{rel}","templated":true}]}}