{"id":3235,"date":"2017-09-11T16:08:06","date_gmt":"2017-09-11T14:08:06","guid":{"rendered":"https:\/\/www-akustikksenter.wp3.hcweb.dev\/?p=3235"},"modified":"2019-03-20T10:52:15","modified_gmt":"2019-03-20T09:52:15","slug":"u-vil-have-et-hus-hvor-du-kan-finde-fred-og-leve-godt","status":"publish","type":"post","link":"https:\/\/www.akustikksenter.no\/da\/arkiv\/onsker-du-et-hus-du-kan-finne-ro-og-leve-godt\/","title":{"rendered":"Vil du have et hus, hvor du kan finde ro og leve godt?"},"content":{"rendered":"<p>Vi leverer omfattende og effektive l\u00f8sninger til private hjem. L\u00e6s mere om <a href=\"https:\/\/www.akustikksenter.no\/da\/arkiv\/stoy-bolig-akustikk-lydmaling-inkludert-befaring\/\">akustik lydm\u00e5ling<\/a>\u00a0og vores <a href=\"https:\/\/www.akustikksenter.no\/da\/arkiv\/om-vare-lydabsorberende-plater-og-produkter\/\">lydisolerende produkter.<\/a><br \/>\nHer kan du se et lille udvalg af projekter, der er udf\u00f8rt for private kunder:<\/p>\n\n\t\t<style>\n\t\t\t#gallery-1 {\n\t\t\t\tmargin: auto;\n\t\t\t}\n\t\t\t#gallery-1 .gallery-item {\n\t\t\t\tfloat: left;\n\t\t\t\tmargin-top: 10px;\n\t\t\t\ttext-align: center;\n\t\t\t\twidth: 33%;\n\t\t\t}\n\t\t\t#gallery-1 img {\n\t\t\t\tborder: 2px solid #cfcfcf;\n\t\t\t}\n\t\t\t#gallery-1 .gallery-caption {\n\t\t\t\tmargin-left: 0;\n\t\t\t}\n\t\t\t\/* see gallery_shortcode() in wp-includes\/media.php *\/\n\t\t<\/style>\n\t\t<div id='gallery-1' class='gallery galleryid-3235 gallery-columns-3 gallery-size-medium'><dl class='gallery-item'>\n\t\t\t<dt class='gallery-icon portrait'>\n\t\t\t\t<img decoding=\"async\" width=\"200\" height=\"300\" src=\"https:\/\/www.akustikksenter.no\/wp-content\/uploads\/2017\/09\/IMG_4025-200x300.jpg\" class=\"attachment-medium size-medium\" alt=\"\" srcset=\"https:\/\/www.akustikksenter.no\/wp-content\/uploads\/2017\/09\/IMG_4025-200x300.jpg 200w, https:\/\/www.akustikksenter.no\/wp-content\/uploads\/2017\/09\/IMG_4025-e1505138077788-scaled-800x1200.jpg 800w, https:\/\/www.akustikksenter.no\/wp-content\/uploads\/2017\/09\/IMG_4025-768x1152.jpg 768w, https:\/\/www.akustikksenter.no\/wp-content\/uploads\/2017\/09\/IMG_4025-683x1024.jpg 683w, https:\/\/www.akustikksenter.no\/wp-content\/uploads\/2017\/09\/IMG_4025-250x375.jpg 250w, https:\/\/www.akustikksenter.no\/wp-content\/uploads\/2017\/09\/IMG_4025-e1505138077788-scaled-500x750.jpg 500w, https:\/\/www.akustikksenter.no\/wp-content\/uploads\/2017\/09\/IMG_4025-e1505138077788-scaled.jpg 1707w\" sizes=\"(max-width: 200px) 100vw, 200px\" \/>\n\t\t\t<\/dt><\/dl><dl class='gallery-item'>\n\t\t\t<dt class='gallery-icon landscape'>\n\t\t\t\t<img decoding=\"async\" width=\"300\" height=\"225\" src=\"https:\/\/www.akustikksenter.no\/wp-content\/uploads\/2017\/09\/enebolig-oslo-kj\u00f8kken-300x225.jpg\" class=\"attachment-medium size-medium\" alt=\"\" aria-describedby=\"gallery-1-3242\" srcset=\"https:\/\/www.akustikksenter.no\/wp-content\/uploads\/2017\/09\/enebolig-oslo-kj\u00f8kken-300x225.jpg 300w, https:\/\/www.akustikksenter.no\/wp-content\/uploads\/2017\/09\/enebolig-oslo-kj\u00f8kken-e1505138222310-800x600.jpg 800w, https:\/\/www.akustikksenter.no\/wp-content\/uploads\/2017\/09\/enebolig-oslo-kj\u00f8kken-768x576.jpg 768w, https:\/\/www.akustikksenter.no\/wp-content\/uploads\/2017\/09\/enebolig-oslo-kj\u00f8kken-1024x768.jpg 1024w, https:\/\/www.akustikksenter.no\/wp-content\/uploads\/2017\/09\/enebolig-oslo-kj\u00f8kken-250x188.jpg 250w, https:\/\/www.akustikksenter.no\/wp-content\/uploads\/2017\/09\/enebolig-oslo-kj\u00f8kken-e1505138222310-500x375.jpg 500w, https:\/\/www.akustikksenter.no\/wp-content\/uploads\/2017\/09\/enebolig-oslo-kj\u00f8kken-e1505138222310.jpg 1920w\" sizes=\"(max-width: 300px) 100vw, 300px\" \/>\n\t\t\t<\/dt>\n\t\t\t\t<dd class='wp-caption-text gallery-caption' id='gallery-1-3242'>\n\t\t\t\tBeskrivende tekst\n\t\t\t\t<\/dd><\/dl><dl class='gallery-item'>\n\t\t\t<dt class='gallery-icon portrait'>\n\t\t\t\t<img decoding=\"async\" width=\"200\" height=\"300\" src=\"https:\/\/www.akustikksenter.no\/wp-content\/uploads\/2017\/09\/IMG_4018-200x300.jpg\" class=\"attachment-medium size-medium\" alt=\"\" srcset=\"https:\/\/www.akustikksenter.no\/wp-content\/uploads\/2017\/09\/IMG_4018-200x300.jpg 200w, https:\/\/www.akustikksenter.no\/wp-content\/uploads\/2017\/09\/IMG_4018-e1505138085798-scaled-800x1200.jpg 800w, https:\/\/www.akustikksenter.no\/wp-content\/uploads\/2017\/09\/IMG_4018-768x1152.jpg 768w, https:\/\/www.akustikksenter.no\/wp-content\/uploads\/2017\/09\/IMG_4018-683x1024.jpg 683w, https:\/\/www.akustikksenter.no\/wp-content\/uploads\/2017\/09\/IMG_4018-250x375.jpg 250w, https:\/\/www.akustikksenter.no\/wp-content\/uploads\/2017\/09\/IMG_4018-e1505138085798-scaled-500x750.jpg 500w, https:\/\/www.akustikksenter.no\/wp-content\/uploads\/2017\/09\/IMG_4018-e1505138085798-scaled.jpg 1707w\" sizes=\"(max-width: 200px) 100vw, 200px\" \/>\n\t\t\t<\/dt><\/dl><br style=\"clear: both\" \/><dl class='gallery-item'>\n\t\t\t<dt class='gallery-icon portrait'>\n\t\t\t\t<img decoding=\"async\" width=\"225\" height=\"300\" src=\"https:\/\/www.akustikksenter.no\/wp-content\/uploads\/2017\/09\/IMG_1381-225x300.jpg\" class=\"attachment-medium size-medium\" alt=\"\" srcset=\"https:\/\/www.akustikksenter.no\/wp-content\/uploads\/2017\/09\/IMG_1381-225x300.jpg 225w, https:\/\/www.akustikksenter.no\/wp-content\/uploads\/2017\/09\/IMG_1381-e1505138117183-800x1067.jpg 800w, https:\/\/www.akustikksenter.no\/wp-content\/uploads\/2017\/09\/IMG_1381-768x1024.jpg 768w, https:\/\/www.akustikksenter.no\/wp-content\/uploads\/2017\/09\/IMG_1381-250x333.jpg 250w, https:\/\/www.akustikksenter.no\/wp-content\/uploads\/2017\/09\/IMG_1381-e1505138117183-500x667.jpg 500w, https:\/\/www.akustikksenter.no\/wp-content\/uploads\/2017\/09\/IMG_1381-e1505138117183.jpg 1920w\" sizes=\"(max-width: 225px) 100vw, 225px\" \/>\n\t\t\t<\/dt><\/dl><dl class='gallery-item'>\n\t\t\t<dt class='gallery-icon landscape'>\n\t\t\t\t<img decoding=\"async\" width=\"300\" height=\"225\" src=\"https:\/\/www.akustikksenter.no\/wp-content\/uploads\/2017\/09\/bilde-4-300x225.jpg\" class=\"attachment-medium size-medium\" alt=\"\" srcset=\"https:\/\/www.akustikksenter.no\/wp-content\/uploads\/2017\/09\/bilde-4-300x225.jpg 300w, https:\/\/www.akustikksenter.no\/wp-content\/uploads\/2017\/09\/bilde-4-e1505138248583-800x600.jpg 800w, https:\/\/www.akustikksenter.no\/wp-content\/uploads\/2017\/09\/bilde-4-768x576.jpg 768w, https:\/\/www.akustikksenter.no\/wp-content\/uploads\/2017\/09\/bilde-4-1024x768.jpg 1024w, https:\/\/www.akustikksenter.no\/wp-content\/uploads\/2017\/09\/bilde-4-250x188.jpg 250w, https:\/\/www.akustikksenter.no\/wp-content\/uploads\/2017\/09\/bilde-4-e1505138248583-500x375.jpg 500w, https:\/\/www.akustikksenter.no\/wp-content\/uploads\/2017\/09\/bilde-4-e1505138248583.jpg 1920w\" sizes=\"(max-width: 300px) 100vw, 300px\" \/>\n\t\t\t<\/dt><\/dl><dl class='gallery-item'>\n\t\t\t<dt class='gallery-icon portrait'>\n\t\t\t\t<img decoding=\"async\" width=\"225\" height=\"300\" src=\"https:\/\/www.akustikksenter.no\/wp-content\/uploads\/2017\/09\/08.05.2017_16_20_14_Andreas_Sandvold_v\u00e5gedalstubben_9-225x300.jpg\" class=\"attachment-medium size-medium\" alt=\"\" srcset=\"https:\/\/www.akustikksenter.no\/wp-content\/uploads\/2017\/09\/08.05.2017_16_20_14_Andreas_Sandvold_v\u00e5gedalstubben_9-225x300.jpg 225w, https:\/\/www.akustikksenter.no\/wp-content\/uploads\/2017\/09\/08.05.2017_16_20_14_Andreas_Sandvold_v\u00e5gedalstubben_9-800x1067.jpg 800w, https:\/\/www.akustikksenter.no\/wp-content\/uploads\/2017\/09\/08.05.2017_16_20_14_Andreas_Sandvold_v\u00e5gedalstubben_9-768x1024.jpg 768w, https:\/\/www.akustikksenter.no\/wp-content\/uploads\/2017\/09\/08.05.2017_16_20_14_Andreas_Sandvold_v\u00e5gedalstubben_9-250x333.jpg 250w, https:\/\/www.akustikksenter.no\/wp-content\/uploads\/2017\/09\/08.05.2017_16_20_14_Andreas_Sandvold_v\u00e5gedalstubben_9-500x667.jpg 500w, https:\/\/www.akustikksenter.no\/wp-content\/uploads\/2017\/09\/08.05.2017_16_20_14_Andreas_Sandvold_v\u00e5gedalstubben_9.jpg 1008w\" sizes=\"(max-width: 225px) 100vw, 225px\" \/>\n\t\t\t<\/dt><\/dl><br style=\"clear: both\" \/><dl class='gallery-item'>\n\t\t\t<dt class='gallery-icon landscape'>\n\t\t\t\t<img decoding=\"async\" width=\"300\" height=\"169\" src=\"https:\/\/www.akustikksenter.no\/wp-content\/uploads\/2017\/09\/2016-07-19-09.42.39-300x169.jpg\" class=\"attachment-medium size-medium\" alt=\"\" srcset=\"https:\/\/www.akustikksenter.no\/wp-content\/uploads\/2017\/09\/2016-07-19-09.42.39-300x169.jpg 300w, https:\/\/www.akustikksenter.no\/wp-content\/uploads\/2017\/09\/2016-07-19-09.42.39-e1505138277834-800x450.jpg 800w, https:\/\/www.akustikksenter.no\/wp-content\/uploads\/2017\/09\/2016-07-19-09.42.39-768x432.jpg 768w, https:\/\/www.akustikksenter.no\/wp-content\/uploads\/2017\/09\/2016-07-19-09.42.39-1024x576.jpg 1024w, https:\/\/www.akustikksenter.no\/wp-content\/uploads\/2017\/09\/2016-07-19-09.42.39-250x141.jpg 250w, https:\/\/www.akustikksenter.no\/wp-content\/uploads\/2017\/09\/2016-07-19-09.42.39-e1505138277834-500x281.jpg 500w, https:\/\/www.akustikksenter.no\/wp-content\/uploads\/2017\/09\/2016-07-19-09.42.39-e1505138277834.jpg 1920w\" sizes=\"(max-width: 300px) 100vw, 300px\" \/>\n\t\t\t<\/dt><\/dl><dl class='gallery-item'>\n\t\t\t<dt class='gallery-icon landscape'>\n\t\t\t\t<img decoding=\"async\" width=\"300\" height=\"225\" src=\"https:\/\/www.akustikksenter.no\/wp-content\/uploads\/2017\/09\/Bilde-1-2-300x225.jpg\" class=\"attachment-medium size-medium\" alt=\"\" aria-describedby=\"gallery-1-3238\" srcset=\"https:\/\/www.akustikksenter.no\/wp-content\/uploads\/2017\/09\/Bilde-1-2-300x225.jpg 300w, https:\/\/www.akustikksenter.no\/wp-content\/uploads\/2017\/09\/Bilde-1-2-e1505138266342-800x600.jpg 800w, https:\/\/www.akustikksenter.no\/wp-content\/uploads\/2017\/09\/Bilde-1-2-768x576.jpg 768w, https:\/\/www.akustikksenter.no\/wp-content\/uploads\/2017\/09\/Bilde-1-2-1024x768.jpg 1024w, https:\/\/www.akustikksenter.no\/wp-content\/uploads\/2017\/09\/Bilde-1-2-250x187.jpg 250w, https:\/\/www.akustikksenter.no\/wp-content\/uploads\/2017\/09\/Bilde-1-2-e1505138266342-500x375.jpg 500w, https:\/\/www.akustikksenter.no\/wp-content\/uploads\/2017\/09\/Bilde-1-2-e1505138266342.jpg 1920w\" sizes=\"(max-width: 300px) 100vw, 300px\" \/>\n\t\t\t<\/dt>\n\t\t\t\t<dd class='wp-caption-text gallery-caption' id='gallery-1-3238'>\n\t\t\t\tBeskrivende tekst\n\t\t\t\t<\/dd><\/dl><dl class='gallery-item'>\n\t\t\t<dt class='gallery-icon landscape'>\n\t\t\t\t<img decoding=\"async\" width=\"300\" height=\"225\" src=\"https:\/\/www.akustikksenter.no\/wp-content\/uploads\/2017\/09\/Bilde-2-300x225.jpg\" class=\"attachment-medium size-medium\" alt=\"\" srcset=\"https:\/\/www.akustikksenter.no\/wp-content\/uploads\/2017\/09\/Bilde-2-300x225.jpg 300w, https:\/\/www.akustikksenter.no\/wp-content\/uploads\/2017\/09\/Bilde-2-e1505138257845-800x600.jpg 800w, https:\/\/www.akustikksenter.no\/wp-content\/uploads\/2017\/09\/Bilde-2-768x576.jpg 768w, https:\/\/www.akustikksenter.no\/wp-content\/uploads\/2017\/09\/Bilde-2-1024x768.jpg 1024w, https:\/\/www.akustikksenter.no\/wp-content\/uploads\/2017\/09\/Bilde-2-250x188.jpg 250w, https:\/\/www.akustikksenter.no\/wp-content\/uploads\/2017\/09\/Bilde-2-e1505138257845-500x375.jpg 500w, https:\/\/www.akustikksenter.no\/wp-content\/uploads\/2017\/09\/Bilde-2-e1505138257845.jpg 1920w\" sizes=\"(max-width: 300px) 100vw, 300px\" \/>\n\t\t\t<\/dt><\/dl><br style=\"clear: both\" \/><dl class='gallery-item'>\n\t\t\t<dt class='gallery-icon landscape'>\n\t\t\t\t<img decoding=\"async\" width=\"300\" height=\"225\" src=\"https:\/\/www.akustikksenter.no\/wp-content\/uploads\/2017\/09\/bilde-5-300x225.jpg\" class=\"attachment-medium size-medium\" alt=\"\" aria-describedby=\"gallery-1-3241\" srcset=\"https:\/\/www.akustikksenter.no\/wp-content\/uploads\/2017\/09\/bilde-5-300x225.jpg 300w, https:\/\/www.akustikksenter.no\/wp-content\/uploads\/2017\/09\/bilde-5-e1505138233273-800x600.jpg 800w, https:\/\/www.akustikksenter.no\/wp-content\/uploads\/2017\/09\/bilde-5-768x576.jpg 768w, https:\/\/www.akustikksenter.no\/wp-content\/uploads\/2017\/09\/bilde-5-1024x768.jpg 1024w, https:\/\/www.akustikksenter.no\/wp-content\/uploads\/2017\/09\/bilde-5-250x187.jpg 250w, https:\/\/www.akustikksenter.no\/wp-content\/uploads\/2017\/09\/bilde-5-e1505138233273-500x375.jpg 500w, https:\/\/www.akustikksenter.no\/wp-content\/uploads\/2017\/09\/bilde-5-e1505138233273.jpg 1920w\" sizes=\"(max-width: 300px) 100vw, 300px\" \/>\n\t\t\t<\/dt>\n\t\t\t\t<dd class='wp-caption-text gallery-caption' id='gallery-1-3241'>\n\t\t\t\tBeskrivende tekst\n\t\t\t\t<\/dd><\/dl><dl class='gallery-item'>\n\t\t\t<dt class='gallery-icon landscape'>\n\t\t\t\t<img decoding=\"async\" width=\"300\" height=\"225\" src=\"https:\/\/www.akustikksenter.no\/wp-content\/uploads\/2017\/09\/IMG_1602-300x225.jpg\" class=\"attachment-medium size-medium\" alt=\"\" srcset=\"https:\/\/www.akustikksenter.no\/wp-content\/uploads\/2017\/09\/IMG_1602-300x225.jpg 300w, https:\/\/www.akustikksenter.no\/wp-content\/uploads\/2017\/09\/IMG_1602-450x338.jpg 450w, https:\/\/www.akustikksenter.no\/wp-content\/uploads\/2017\/09\/IMG_1602-250x188.jpg 250w, https:\/\/www.akustikksenter.no\/wp-content\/uploads\/2017\/09\/IMG_1602-500x375.jpg 500w, https:\/\/www.akustikksenter.no\/wp-content\/uploads\/2017\/09\/IMG_1602.jpg 640w\" sizes=\"(max-width: 300px) 100vw, 300px\" \/>\n\t\t\t<\/dt><\/dl><dl class='gallery-item'>\n\t\t\t<dt class='gallery-icon portrait'>\n\t\t\t\t<img decoding=\"async\" width=\"225\" height=\"300\" src=\"https:\/\/www.akustikksenter.no\/wp-content\/uploads\/2017\/09\/IMG_0470-225x300.jpg\" class=\"attachment-medium size-medium\" alt=\"\" srcset=\"https:\/\/www.akustikksenter.no\/wp-content\/uploads\/2017\/09\/IMG_0470-225x300.jpg 225w, https:\/\/www.akustikksenter.no\/wp-content\/uploads\/2017\/09\/IMG_0470-e1505138209427-800x1067.jpg 800w, https:\/\/www.akustikksenter.no\/wp-content\/uploads\/2017\/09\/IMG_0470-768x1024.jpg 768w, https:\/\/www.akustikksenter.no\/wp-content\/uploads\/2017\/09\/IMG_0470-250x333.jpg 250w, https:\/\/www.akustikksenter.no\/wp-content\/uploads\/2017\/09\/IMG_0470-e1505138209427-500x667.jpg 500w, https:\/\/www.akustikksenter.no\/wp-content\/uploads\/2017\/09\/IMG_0470-e1505138209427.jpg 1920w\" sizes=\"(max-width: 225px) 100vw, 225px\" \/>\n\t\t\t<\/dt><\/dl><br style=\"clear: both\" \/><dl class='gallery-item'>\n\t\t\t<dt class='gallery-icon portrait'>\n\t\t\t\t<img decoding=\"async\" width=\"225\" height=\"300\" src=\"https:\/\/www.akustikksenter.no\/wp-content\/uploads\/2017\/09\/IMG_0481-225x300.jpg\" class=\"attachment-medium size-medium\" alt=\"\" srcset=\"https:\/\/www.akustikksenter.no\/wp-content\/uploads\/2017\/09\/IMG_0481-225x300.jpg 225w, https:\/\/www.akustikksenter.no\/wp-content\/uploads\/2017\/09\/IMG_0481-e1505138200739-800x1067.jpg 800w, https:\/\/www.akustikksenter.no\/wp-content\/uploads\/2017\/09\/IMG_0481-768x1024.jpg 768w, https:\/\/www.akustikksenter.no\/wp-content\/uploads\/2017\/09\/IMG_0481-250x333.jpg 250w, https:\/\/www.akustikksenter.no\/wp-content\/uploads\/2017\/09\/IMG_0481-e1505138200739-500x667.jpg 500w, https:\/\/www.akustikksenter.no\/wp-content\/uploads\/2017\/09\/IMG_0481-e1505138200739.jpg 1200w\" sizes=\"(max-width: 225px) 100vw, 225px\" \/>\n\t\t\t<\/dt><\/dl><dl class='gallery-item'>\n\t\t\t<dt class='gallery-icon landscape'>\n\t\t\t\t<img decoding=\"async\" width=\"300\" height=\"225\" src=\"https:\/\/www.akustikksenter.no\/wp-content\/uploads\/2017\/09\/IMG_1122-300x225.jpg\" class=\"attachment-medium size-medium\" alt=\"\" srcset=\"https:\/\/www.akustikksenter.no\/wp-content\/uploads\/2017\/09\/IMG_1122-300x225.jpg 300w, https:\/\/www.akustikksenter.no\/wp-content\/uploads\/2017\/09\/IMG_1122-e1505138160512-800x600.jpg 800w, https:\/\/www.akustikksenter.no\/wp-content\/uploads\/2017\/09\/IMG_1122-768x576.jpg 768w, https:\/\/www.akustikksenter.no\/wp-content\/uploads\/2017\/09\/IMG_1122-1024x768.jpg 1024w, https:\/\/www.akustikksenter.no\/wp-content\/uploads\/2017\/09\/IMG_1122-250x188.jpg 250w, https:\/\/www.akustikksenter.no\/wp-content\/uploads\/2017\/09\/IMG_1122-e1505138160512-500x375.jpg 500w, https:\/\/www.akustikksenter.no\/wp-content\/uploads\/2017\/09\/IMG_1122-e1505138160512.jpg 1920w\" sizes=\"(max-width: 300px) 100vw, 300px\" \/>\n\t\t\t<\/dt><\/dl><dl class='gallery-item'>\n\t\t\t<dt class='gallery-icon portrait'>\n\t\t\t\t<img decoding=\"async\" width=\"225\" height=\"300\" src=\"https:\/\/www.akustikksenter.no\/wp-content\/uploads\/2017\/09\/IMG_1131-225x300.jpg\" class=\"attachment-medium size-medium\" alt=\"\" srcset=\"https:\/\/www.akustikksenter.no\/wp-content\/uploads\/2017\/09\/IMG_1131-225x300.jpg 225w, https:\/\/www.akustikksenter.no\/wp-content\/uploads\/2017\/09\/IMG_1131-e1505138135601-800x1067.jpg 800w, https:\/\/www.akustikksenter.no\/wp-content\/uploads\/2017\/09\/IMG_1131-768x1024.jpg 768w, https:\/\/www.akustikksenter.no\/wp-content\/uploads\/2017\/09\/IMG_1131-250x333.jpg 250w, https:\/\/www.akustikksenter.no\/wp-content\/uploads\/2017\/09\/IMG_1131-e1505138135601-500x667.jpg 500w, https:\/\/www.akustikksenter.no\/wp-content\/uploads\/2017\/09\/IMG_1131-e1505138135601.jpg 1920w\" sizes=\"(max-width: 225px) 100vw, 225px\" \/>\n\t\t\t<\/dt><\/dl><br style=\"clear: both\" \/><dl class='gallery-item'>\n\t\t\t<dt class='gallery-icon landscape'>\n\t\t\t\t<img decoding=\"async\" width=\"300\" height=\"225\" src=\"https:\/\/www.akustikksenter.no\/wp-content\/uploads\/2017\/09\/IMG_1132-300x225.jpg\" class=\"attachment-medium size-medium\" alt=\"\" srcset=\"https:\/\/www.akustikksenter.no\/wp-content\/uploads\/2017\/09\/IMG_1132-300x225.jpg 300w, https:\/\/www.akustikksenter.no\/wp-content\/uploads\/2017\/09\/IMG_1132-e1505138127802-800x600.jpg 800w, https:\/\/www.akustikksenter.no\/wp-content\/uploads\/2017\/09\/IMG_1132-768x576.jpg 768w, https:\/\/www.akustikksenter.no\/wp-content\/uploads\/2017\/09\/IMG_1132-1024x768.jpg 1024w, https:\/\/www.akustikksenter.no\/wp-content\/uploads\/2017\/09\/IMG_1132-250x188.jpg 250w, https:\/\/www.akustikksenter.no\/wp-content\/uploads\/2017\/09\/IMG_1132-e1505138127802-500x375.jpg 500w, https:\/\/www.akustikksenter.no\/wp-content\/uploads\/2017\/09\/IMG_1132-e1505138127802.jpg 1920w\" sizes=\"(max-width: 300px) 100vw, 300px\" \/>\n\t\t\t<\/dt><\/dl><dl class='gallery-item'>\n\t\t\t<dt class='gallery-icon portrait'>\n\t\t\t\t<img decoding=\"async\" width=\"220\" height=\"300\" src=\"https:\/\/www.akustikksenter.no\/wp-content\/uploads\/2017\/09\/IMG_1382-220x300.jpg\" class=\"attachment-medium size-medium\" alt=\"\" srcset=\"https:\/\/www.akustikksenter.no\/wp-content\/uploads\/2017\/09\/IMG_1382-220x300.jpg 220w, https:\/\/www.akustikksenter.no\/wp-content\/uploads\/2017\/09\/IMG_1382-e1505138107278-scaled-800x1092.jpg 800w, https:\/\/www.akustikksenter.no\/wp-content\/uploads\/2017\/09\/IMG_1382-768x1049.jpg 768w, https:\/\/www.akustikksenter.no\/wp-content\/uploads\/2017\/09\/IMG_1382-750x1024.jpg 750w, https:\/\/www.akustikksenter.no\/wp-content\/uploads\/2017\/09\/IMG_1382-250x341.jpg 250w, https:\/\/www.akustikksenter.no\/wp-content\/uploads\/2017\/09\/IMG_1382-e1505138107278-scaled-500x683.jpg 500w, https:\/\/www.akustikksenter.no\/wp-content\/uploads\/2017\/09\/IMG_1382-e1505138107278-scaled.jpg 1875w\" sizes=\"(max-width: 220px) 100vw, 220px\" \/>\n\t\t\t<\/dt><\/dl><dl class='gallery-item'>\n\t\t\t<dt class='gallery-icon landscape'>\n\t\t\t\t<img decoding=\"async\" width=\"300\" height=\"200\" src=\"https:\/\/www.akustikksenter.no\/wp-content\/uploads\/2017\/09\/IMG_4017-300x200.jpg\" class=\"attachment-medium size-medium\" alt=\"\" srcset=\"https:\/\/www.akustikksenter.no\/wp-content\/uploads\/2017\/09\/IMG_4017-300x200.jpg 300w, https:\/\/www.akustikksenter.no\/wp-content\/uploads\/2017\/09\/IMG_4017-e1505138096468-800x533.jpg 800w, https:\/\/www.akustikksenter.no\/wp-content\/uploads\/2017\/09\/IMG_4017-768x512.jpg 768w, https:\/\/www.akustikksenter.no\/wp-content\/uploads\/2017\/09\/IMG_4017-1024x683.jpg 1024w, https:\/\/www.akustikksenter.no\/wp-content\/uploads\/2017\/09\/IMG_4017-250x167.jpg 250w, https:\/\/www.akustikksenter.no\/wp-content\/uploads\/2017\/09\/IMG_4017-e1505138096468-500x333.jpg 500w, https:\/\/www.akustikksenter.no\/wp-content\/uploads\/2017\/09\/IMG_4017-e1505138096468.jpg 1920w\" sizes=\"(max-width: 300px) 100vw, 300px\" \/>\n\t\t\t<\/dt><\/dl><br style=\"clear: both\" \/><dl class='gallery-item'>\n\t\t\t<dt class='gallery-icon landscape'>\n\t\t\t\t<img decoding=\"async\" width=\"300\" height=\"204\" src=\"https:\/\/www.akustikksenter.no\/wp-content\/uploads\/2017\/09\/Trine-Stavanger.-Montert-300x204.jpg\" class=\"attachment-medium size-medium\" alt=\"\" srcset=\"https:\/\/www.akustikksenter.no\/wp-content\/uploads\/2017\/09\/Trine-Stavanger.-Montert-300x204.jpg 300w, https:\/\/www.akustikksenter.no\/wp-content\/uploads\/2017\/09\/Trine-Stavanger.-Montert-scaled-800x544.jpg 800w, https:\/\/www.akustikksenter.no\/wp-content\/uploads\/2017\/09\/Trine-Stavanger.-Montert-768x523.jpg 768w, https:\/\/www.akustikksenter.no\/wp-content\/uploads\/2017\/09\/Trine-Stavanger.-Montert-1024x697.jpg 1024w, https:\/\/www.akustikksenter.no\/wp-content\/uploads\/2017\/09\/Trine-Stavanger.-Montert-250x170.jpg 250w, https:\/\/www.akustikksenter.no\/wp-content\/uploads\/2017\/09\/Trine-Stavanger.-Montert-scaled-500x340.jpg 500w\" sizes=\"(max-width: 300px) 100vw, 300px\" \/>\n\t\t\t<\/dt><\/dl>\n\t\t\t<br style='clear: both' \/>\n\t\t<\/div>\n\n<p>&nbsp;<\/p>","protected":false},"excerpt":{"rendered":"<p>Vi leverer omfattende og effektive l\u00f8sninger til private hjem. L\u00e6s mere om akustisk lydm\u00e5ling og vores lydisoleringsprodukter. Her kan du se et lille udvalg af projekter, vi har udf\u00f8rt for private kunder: &nbsp;<\/p>","protected":false},"author":1,"featured_media":3240,"comment_status":"closed","ping_status":"closed","sticky":false,"template":"","format":"standard","meta":{"_acf_changed":false,"footnotes":""},"categories":[300,28],"tags":[],"class_list":["post-3235","post","type-post","status-publish","format-standard","has-post-thumbnail","hentry","category-bolig","category-referanser"],"acf":[],"yoast_head":"<!-- This site is optimized with the Yoast SEO plugin v27.4 - https:\/\/yoast.com\/product\/yoast-seo-wordpress\/ -->\n<title>\u00d8nsker du et hus du kan finne ro og leve godt i? - Norsk Akustikksenter<\/title>\n<meta name=\"robots\" content=\"index, follow, max-snippet:-1, max-image-preview:large, max-video-preview:-1\" \/>\n<link rel=\"canonical\" href=\"https:\/\/www.akustikksenter.no\/da\/arkiv\/u-vil-have-et-hus-hvor-du-kan-finde-fred-og-leve-godt\/\" \/>\n<meta property=\"og:locale\" content=\"da_DK\" \/>\n<meta property=\"og:type\" content=\"article\" \/>\n<meta property=\"og:title\" content=\"\u00d8nsker du et hus du kan finne ro og leve godt i? - Norsk Akustikksenter\" \/>\n<meta property=\"og:description\" content=\"Vi leverer helhetlige og effektive l\u00f8sninger til private boliger.\u00a0Les mer om akustikk lydm\u00e5ling\u00a0og v\u00e5re lyddempende produkterer. Her kan du se et lite utvalg av prosjekt utf\u00f8rt for private kunder: &nbsp;\" \/>\n<meta property=\"og:url\" content=\"https:\/\/www.akustikksenter.no\/da\/arkiv\/u-vil-have-et-hus-hvor-du-kan-finde-fred-og-leve-godt\/\" \/>\n<meta property=\"og:site_name\" content=\"Norsk Akustikksenter\" \/>\n<meta property=\"article:publisher\" content=\"https:\/\/www.facebook.com\/Akustikksenter\/\" \/>\n<meta property=\"article:published_time\" content=\"2017-09-11T14:08:06+00:00\" \/>\n<meta property=\"article:modified_time\" content=\"2019-03-20T09:52:15+00:00\" \/>\n<meta property=\"og:image\" content=\"https:\/\/www.akustikksenter.no\/wp-content\/uploads\/2017\/09\/bilde-4-e1505138248583.jpg\" \/>\n\t<meta property=\"og:image:width\" content=\"1920\" \/>\n\t<meta property=\"og:image:height\" content=\"1440\" \/>\n\t<meta property=\"og:image:type\" content=\"image\/jpeg\" \/>\n<meta name=\"author\" content=\"administrator\" \/>\n<meta name=\"twitter:label1\" content=\"Skrevet af\" \/>\n\t<meta name=\"twitter:data1\" content=\"administrator\" \/>\n<script type=\"application\/ld+json\" class=\"yoast-schema-graph\">{\"@context\":\"https:\\\/\\\/schema.org\",\"@graph\":[{\"@type\":\"Article\",\"@id\":\"https:\\\/\\\/www.akustikksenter.no\\\/arkiv\\\/onsker-du-et-hus-du-kan-finne-ro-og-leve-godt\\\/#article\",\"isPartOf\":{\"@id\":\"https:\\\/\\\/www.akustikksenter.no\\\/arkiv\\\/onsker-du-et-hus-du-kan-finne-ro-og-leve-godt\\\/\"},\"author\":{\"name\":\"administrator\",\"@id\":\"https:\\\/\\\/www.akustikksenter.no\\\/#\\\/schema\\\/person\\\/8211b23de1062ef1805514ef9bdc3d4b\"},\"headline\":\"\u00d8nsker du et hus du kan finne ro og leve godt i?\",\"datePublished\":\"2017-09-11T14:08:06+00:00\",\"dateModified\":\"2019-03-20T09:52:15+00:00\",\"mainEntityOfPage\":{\"@id\":\"https:\\\/\\\/www.akustikksenter.no\\\/arkiv\\\/onsker-du-et-hus-du-kan-finne-ro-og-leve-godt\\\/\"},\"wordCount\":56,\"publisher\":{\"@id\":\"https:\\\/\\\/www.akustikksenter.no\\\/#organization\"},\"image\":{\"@id\":\"https:\\\/\\\/www.akustikksenter.no\\\/arkiv\\\/onsker-du-et-hus-du-kan-finne-ro-og-leve-godt\\\/#primaryimage\"},\"thumbnailUrl\":\"https:\\\/\\\/www.akustikksenter.no\\\/wp-content\\\/uploads\\\/2017\\\/09\\\/bilde-4-e1505138248583.jpg\",\"articleSection\":[\"Privat bolig\",\"Referanser\"],\"inLanguage\":\"da-DK\"},{\"@type\":\"WebPage\",\"@id\":\"https:\\\/\\\/www.akustikksenter.no\\\/arkiv\\\/onsker-du-et-hus-du-kan-finne-ro-og-leve-godt\\\/\",\"url\":\"https:\\\/\\\/www.akustikksenter.no\\\/arkiv\\\/onsker-du-et-hus-du-kan-finne-ro-og-leve-godt\\\/\",\"name\":\"\u00d8nsker du et hus du kan finne ro og leve godt i? - Norsk Akustikksenter\",\"isPartOf\":{\"@id\":\"https:\\\/\\\/www.akustikksenter.no\\\/#website\"},\"primaryImageOfPage\":{\"@id\":\"https:\\\/\\\/www.akustikksenter.no\\\/arkiv\\\/onsker-du-et-hus-du-kan-finne-ro-og-leve-godt\\\/#primaryimage\"},\"image\":{\"@id\":\"https:\\\/\\\/www.akustikksenter.no\\\/arkiv\\\/onsker-du-et-hus-du-kan-finne-ro-og-leve-godt\\\/#primaryimage\"},\"thumbnailUrl\":\"https:\\\/\\\/www.akustikksenter.no\\\/wp-content\\\/uploads\\\/2017\\\/09\\\/bilde-4-e1505138248583.jpg\",\"datePublished\":\"2017-09-11T14:08:06+00:00\",\"dateModified\":\"2019-03-20T09:52:15+00:00\",\"breadcrumb\":{\"@id\":\"https:\\\/\\\/www.akustikksenter.no\\\/arkiv\\\/onsker-du-et-hus-du-kan-finne-ro-og-leve-godt\\\/#breadcrumb\"},\"inLanguage\":\"da-DK\",\"potentialAction\":[{\"@type\":\"ReadAction\",\"target\":[\"https:\\\/\\\/www.akustikksenter.no\\\/arkiv\\\/onsker-du-et-hus-du-kan-finne-ro-og-leve-godt\\\/\"]}]},{\"@type\":\"ImageObject\",\"inLanguage\":\"da-DK\",\"@id\":\"https:\\\/\\\/www.akustikksenter.no\\\/arkiv\\\/onsker-du-et-hus-du-kan-finne-ro-og-leve-godt\\\/#primaryimage\",\"url\":\"https:\\\/\\\/www.akustikksenter.no\\\/wp-content\\\/uploads\\\/2017\\\/09\\\/bilde-4-e1505138248583.jpg\",\"contentUrl\":\"https:\\\/\\\/www.akustikksenter.no\\\/wp-content\\\/uploads\\\/2017\\\/09\\\/bilde-4-e1505138248583.jpg\",\"width\":1920,\"height\":1440},{\"@type\":\"BreadcrumbList\",\"@id\":\"https:\\\/\\\/www.akustikksenter.no\\\/arkiv\\\/onsker-du-et-hus-du-kan-finne-ro-og-leve-godt\\\/#breadcrumb\",\"itemListElement\":[{\"@type\":\"ListItem\",\"position\":1,\"name\":\"Hjem\",\"item\":\"https:\\\/\\\/www.akustikksenter.no\\\/\"},{\"@type\":\"ListItem\",\"position\":2,\"name\":\"Referanser\",\"item\":\"https:\\\/\\\/www.akustikksenter.no\\\/kategori\\\/referanser\\\/\"},{\"@type\":\"ListItem\",\"position\":3,\"name\":\"\u00d8nsker du et hus du kan finne ro og leve godt i?\"}]},{\"@type\":\"WebSite\",\"@id\":\"https:\\\/\\\/www.akustikksenter.no\\\/#website\",\"url\":\"https:\\\/\\\/www.akustikksenter.no\\\/\",\"name\":\"Norsk Akustikksenter\",\"description\":\"Totalleverand\u00f8r av akustikkl\u00f8sninger\",\"publisher\":{\"@id\":\"https:\\\/\\\/www.akustikksenter.no\\\/#organization\"},\"potentialAction\":[{\"@type\":\"SearchAction\",\"target\":{\"@type\":\"EntryPoint\",\"urlTemplate\":\"https:\\\/\\\/www.akustikksenter.no\\\/?s={search_term_string}\"},\"query-input\":{\"@type\":\"PropertyValueSpecification\",\"valueRequired\":true,\"valueName\":\"search_term_string\"}}],\"inLanguage\":\"da-DK\"},{\"@type\":\"Organization\",\"@id\":\"https:\\\/\\\/www.akustikksenter.no\\\/#organization\",\"name\":\"Norsk Akustikksenter\",\"alternateName\":\"Akustikksenter\",\"url\":\"https:\\\/\\\/www.akustikksenter.no\\\/\",\"logo\":{\"@type\":\"ImageObject\",\"inLanguage\":\"da-DK\",\"@id\":\"https:\\\/\\\/www.akustikksenter.no\\\/#\\\/schema\\\/logo\\\/image\\\/\",\"url\":\"https:\\\/\\\/www.akustikksenter.no\\\/wp-content\\\/uploads\\\/2018\\\/02\\\/Norsk-Akkustikksenter_nyLogo_payoff-3-e1518606723632.png\",\"contentUrl\":\"https:\\\/\\\/www.akustikksenter.no\\\/wp-content\\\/uploads\\\/2018\\\/02\\\/Norsk-Akkustikksenter_nyLogo_payoff-3-e1518606723632.png\",\"width\":232,\"height\":93,\"caption\":\"Norsk Akustikksenter\"},\"image\":{\"@id\":\"https:\\\/\\\/www.akustikksenter.no\\\/#\\\/schema\\\/logo\\\/image\\\/\"},\"sameAs\":[\"https:\\\/\\\/www.facebook.com\\\/Akustikksenter\\\/\",\"https:\\\/\\\/www.pinterest.com\\\/akustikksenter\\\/\",\"https:\\\/\\\/www.instagram.com\\\/akustikksenter_norway\\\/\",\"https:\\\/\\\/no.linkedin.com\\\/company\\\/norsk-akustikksenter-as\"]},{\"@type\":\"Person\",\"@id\":\"https:\\\/\\\/www.akustikksenter.no\\\/#\\\/schema\\\/person\\\/8211b23de1062ef1805514ef9bdc3d4b\",\"name\":\"administrator\"}]}<\/script>\n<!-- \/ Yoast SEO plugin. -->","yoast_head_json":{"title":"Vil du have et hus, du kan finde ro og leve godt i? - Norsk Akustik Center","robots":{"index":"index","follow":"follow","max-snippet":"max-snippet:-1","max-image-preview":"max-image-preview:large","max-video-preview":"max-video-preview:-1"},"canonical":"https:\/\/www.akustikksenter.no\/da\/arkiv\/u-vil-have-et-hus-hvor-du-kan-finde-fred-og-leve-godt\/","og_locale":"da_DK","og_type":"article","og_title":"\u00d8nsker du et hus du kan finne ro og leve godt i? - Norsk Akustikksenter","og_description":"Vi leverer helhetlige og effektive l\u00f8sninger til private boliger.\u00a0Les mer om akustikk lydm\u00e5ling\u00a0og v\u00e5re lyddempende produkterer. Her kan du se et lite utvalg av prosjekt utf\u00f8rt for private kunder: &nbsp;","og_url":"https:\/\/www.akustikksenter.no\/da\/arkiv\/u-vil-have-et-hus-hvor-du-kan-finde-fred-og-leve-godt\/","og_site_name":"Norsk Akustikksenter","article_publisher":"https:\/\/www.facebook.com\/Akustikksenter\/","article_published_time":"2017-09-11T14:08:06+00:00","article_modified_time":"2019-03-20T09:52:15+00:00","og_image":[{"width":1920,"height":1440,"url":"https:\/\/www.akustikksenter.no\/wp-content\/uploads\/2017\/09\/bilde-4-e1505138248583.jpg","type":"image\/jpeg"}],"author":"administrator","twitter_misc":{"Skrevet af":"administrator"},"schema":{"@context":"https:\/\/schema.org","@graph":[{"@type":"Article","@id":"https:\/\/www.akustikksenter.no\/arkiv\/onsker-du-et-hus-du-kan-finne-ro-og-leve-godt\/#article","isPartOf":{"@id":"https:\/\/www.akustikksenter.no\/arkiv\/onsker-du-et-hus-du-kan-finne-ro-og-leve-godt\/"},"author":{"name":"administrator","@id":"https:\/\/www.akustikksenter.no\/#\/schema\/person\/8211b23de1062ef1805514ef9bdc3d4b"},"headline":"\u00d8nsker du et hus du kan finne ro og leve godt i?","datePublished":"2017-09-11T14:08:06+00:00","dateModified":"2019-03-20T09:52:15+00:00","mainEntityOfPage":{"@id":"https:\/\/www.akustikksenter.no\/arkiv\/onsker-du-et-hus-du-kan-finne-ro-og-leve-godt\/"},"wordCount":56,"publisher":{"@id":"https:\/\/www.akustikksenter.no\/#organization"},"image":{"@id":"https:\/\/www.akustikksenter.no\/arkiv\/onsker-du-et-hus-du-kan-finne-ro-og-leve-godt\/#primaryimage"},"thumbnailUrl":"https:\/\/www.akustikksenter.no\/wp-content\/uploads\/2017\/09\/bilde-4-e1505138248583.jpg","articleSection":["Privat bolig","Referanser"],"inLanguage":"da-DK"},{"@type":"WebPage","@id":"https:\/\/www.akustikksenter.no\/arkiv\/onsker-du-et-hus-du-kan-finne-ro-og-leve-godt\/","url":"https:\/\/www.akustikksenter.no\/arkiv\/onsker-du-et-hus-du-kan-finne-ro-og-leve-godt\/","name":"Vil du have et hus, du kan finde ro og leve godt i? - Norsk Akustik Center","isPartOf":{"@id":"https:\/\/www.akustikksenter.no\/#website"},"primaryImageOfPage":{"@id":"https:\/\/www.akustikksenter.no\/arkiv\/onsker-du-et-hus-du-kan-finne-ro-og-leve-godt\/#primaryimage"},"image":{"@id":"https:\/\/www.akustikksenter.no\/arkiv\/onsker-du-et-hus-du-kan-finne-ro-og-leve-godt\/#primaryimage"},"thumbnailUrl":"https:\/\/www.akustikksenter.no\/wp-content\/uploads\/2017\/09\/bilde-4-e1505138248583.jpg","datePublished":"2017-09-11T14:08:06+00:00","dateModified":"2019-03-20T09:52:15+00:00","breadcrumb":{"@id":"https:\/\/www.akustikksenter.no\/arkiv\/onsker-du-et-hus-du-kan-finne-ro-og-leve-godt\/#breadcrumb"},"inLanguage":"da-DK","potentialAction":[{"@type":"ReadAction","target":["https:\/\/www.akustikksenter.no\/arkiv\/onsker-du-et-hus-du-kan-finne-ro-og-leve-godt\/"]}]},{"@type":"ImageObject","inLanguage":"da-DK","@id":"https:\/\/www.akustikksenter.no\/arkiv\/onsker-du-et-hus-du-kan-finne-ro-og-leve-godt\/#primaryimage","url":"https:\/\/www.akustikksenter.no\/wp-content\/uploads\/2017\/09\/bilde-4-e1505138248583.jpg","contentUrl":"https:\/\/www.akustikksenter.no\/wp-content\/uploads\/2017\/09\/bilde-4-e1505138248583.jpg","width":1920,"height":1440},{"@type":"BreadcrumbList","@id":"https:\/\/www.akustikksenter.no\/arkiv\/onsker-du-et-hus-du-kan-finne-ro-og-leve-godt\/#breadcrumb","itemListElement":[{"@type":"ListItem","position":1,"name":"Hjem","item":"https:\/\/www.akustikksenter.no\/"},{"@type":"ListItem","position":2,"name":"Referanser","item":"https:\/\/www.akustikksenter.no\/kategori\/referanser\/"},{"@type":"ListItem","position":3,"name":"\u00d8nsker du et hus du kan finne ro og leve godt i?"}]},{"@type":"WebSite","@id":"https:\/\/www.akustikksenter.no\/#website","url":"https:\/\/www.akustikksenter.no\/","name":"Norsk Akustik Center","description":"Totalleverand\u00f8r af akustiske l\u00f8sninger","publisher":{"@id":"https:\/\/www.akustikksenter.no\/#organization"},"potentialAction":[{"@type":"SearchAction","target":{"@type":"EntryPoint","urlTemplate":"https:\/\/www.akustikksenter.no\/?s={search_term_string}"},"query-input":{"@type":"PropertyValueSpecification","valueRequired":true,"valueName":"search_term_string"}}],"inLanguage":"da-DK"},{"@type":"Organization","@id":"https:\/\/www.akustikksenter.no\/#organization","name":"Norsk Akustik Center","alternateName":"Akustikksenter","url":"https:\/\/www.akustikksenter.no\/","logo":{"@type":"ImageObject","inLanguage":"da-DK","@id":"https:\/\/www.akustikksenter.no\/#\/schema\/logo\/image\/","url":"https:\/\/www.akustikksenter.no\/wp-content\/uploads\/2018\/02\/Norsk-Akkustikksenter_nyLogo_payoff-3-e1518606723632.png","contentUrl":"https:\/\/www.akustikksenter.no\/wp-content\/uploads\/2018\/02\/Norsk-Akkustikksenter_nyLogo_payoff-3-e1518606723632.png","width":232,"height":93,"caption":"Norsk Akustikksenter"},"image":{"@id":"https:\/\/www.akustikksenter.no\/#\/schema\/logo\/image\/"},"sameAs":["https:\/\/www.facebook.com\/Akustikksenter\/","https:\/\/www.pinterest.com\/akustikksenter\/","https:\/\/www.instagram.com\/akustikksenter_norway\/","https:\/\/no.linkedin.com\/company\/norsk-akustikksenter-as"]},{"@type":"Person","@id":"https:\/\/www.akustikksenter.no\/#\/schema\/person\/8211b23de1062ef1805514ef9bdc3d4b","name":"Administrator"}]}},"_links":{"self":[{"href":"https:\/\/www.akustikksenter.no\/da\/wp-json\/wp\/v2\/posts\/3235","targetHints":{"allow":["GET"]}}],"collection":[{"href":"https:\/\/www.akustikksenter.no\/da\/wp-json\/wp\/v2\/posts"}],"about":[{"href":"https:\/\/www.akustikksenter.no\/da\/wp-json\/wp\/v2\/types\/post"}],"author":[{"embeddable":true,"href":"https:\/\/www.akustikksenter.no\/da\/wp-json\/wp\/v2\/users\/1"}],"replies":[{"embeddable":true,"href":"https:\/\/www.akustikksenter.no\/da\/wp-json\/wp\/v2\/comments?post=3235"}],"version-history":[{"count":0,"href":"https:\/\/www.akustikksenter.no\/da\/wp-json\/wp\/v2\/posts\/3235\/revisions"}],"wp:featuredmedia":[{"embeddable":true,"href":"https:\/\/www.akustikksenter.no\/da\/wp-json\/wp\/v2\/media\/3240"}],"wp:attachment":[{"href":"https:\/\/www.akustikksenter.no\/da\/wp-json\/wp\/v2\/media?parent=3235"}],"wp:term":[{"taxonomy":"category","embeddable":true,"href":"https:\/\/www.akustikksenter.no\/da\/wp-json\/wp\/v2\/categories?post=3235"},{"taxonomy":"post_tag","embeddable":true,"href":"https:\/\/www.akustikksenter.no\/da\/wp-json\/wp\/v2\/tags?post=3235"}],"curies":[{"name":"wp","href":"https:\/\/api.w.org\/{rel}","templated":true}]}}