{"id":3304,"date":"2017-09-25T14:02:45","date_gmt":"2017-09-25T12:02:45","guid":{"rendered":"https:\/\/www-akustikksenter.wp3.hcweb.dev\/?p=3304"},"modified":"2018-08-16T23:56:50","modified_gmt":"2018-08-16T21:56:50","slug":"hlf-briskeby-konference-2017","status":"publish","type":"post","link":"https:\/\/www.akustikksenter.no\/da\/arkiv\/hlf-briskebykonferansen-2017\/","title":{"rendered":"Vi udstiller og informerer p\u00e5 HLF Briskeby-konferencen 2017."},"content":{"rendered":"<p><img decoding=\"async\" class=\"alignnone wp-image-3307 size-full\" src=\"https:\/\/www.akustikksenter.no\/wp-content\/uploads\/2017\/09\/hlf.jpg\" alt=\"\" width=\"2000\" height=\"400\" srcset=\"https:\/\/www.akustikksenter.no\/wp-content\/uploads\/2017\/09\/hlf.jpg 2000w, https:\/\/www.akustikksenter.no\/wp-content\/uploads\/2017\/09\/hlf-800x160.jpg 800w, https:\/\/www.akustikksenter.no\/wp-content\/uploads\/2017\/09\/hlf-300x60.jpg 300w, https:\/\/www.akustikksenter.no\/wp-content\/uploads\/2017\/09\/hlf-768x154.jpg 768w, https:\/\/www.akustikksenter.no\/wp-content\/uploads\/2017\/09\/hlf-1024x205.jpg 1024w, https:\/\/www.akustikksenter.no\/wp-content\/uploads\/2017\/09\/hlf-250x50.jpg 250w, https:\/\/www.akustikksenter.no\/wp-content\/uploads\/2017\/09\/hlf-500x100.jpg 500w\" sizes=\"(max-width: 2000px) 100vw, 2000px\" \/><\/p>\n<p>Vi vil v\u00e6re med til at g\u00f8re hverdagen lettere for h\u00f8reh\u00e6mmede b\u00f8rn og unge. HLF Briskebykonferansen 2017 \u00f8nsker at kaste lys over, hvordan h\u00f8retab hos b\u00f8rn og unge p\u00e5virker deres mentale sundhed.<\/p>\n<p>Vi udstiller og giver information p\u00e5 HLF Briskeby-konferencen i Oslo 26.-27. oktober 2017.<br \/>\nL\u00e6s mere og tilmeld dig her <a href=\"https:\/\/hlfbriskeby.no\/briskebykonferansen\/\">hlfbriskeby.no\/briskebykonferansen<\/a>.<\/p>\n<p>H\u00e5ber at se dig her!<\/p>\n<p>&nbsp;<\/p>","protected":false},"excerpt":{"rendered":"<p>Vi vil gerne v\u00e6re med til at g\u00f8re hverdagen lettere for h\u00f8reh\u00e6mmede b\u00f8rn og unge. HLF Briskebykonferansen 2017 \u00f8nsker at s\u00e6tte fokus p\u00e5, hvordan h\u00f8retab hos b\u00f8rn og unge p\u00e5virker deres mentale sundhed. Vi udstiller og informerer p\u00e5 HLF Briskebykonferansen i Oslo den 26.-27. oktober 2017. L\u00e6s mere og tilmeld dig her hlfbriskeby.no\/briskebykonferansen. Vi h\u00e5ber at se dig der!...<\/p>","protected":false},"author":1,"featured_media":3307,"comment_status":"closed","ping_status":"closed","sticky":false,"template":"","format":"standard","meta":{"_acf_changed":false,"footnotes":""},"categories":[26],"tags":[],"class_list":["post-3304","post","type-post","status-publish","format-standard","has-post-thumbnail","hentry","category-aktuelt"],"acf":[],"yoast_head":"<!-- This site is optimized with the Yoast SEO plugin v27.4 - https:\/\/yoast.com\/product\/yoast-seo-wordpress\/ -->\n<title>HLF Briskebykonferansen 2017<\/title>\n<meta name=\"description\" content=\"Vi stiller ut og informerer p\u00e5 HLF Briskebykonferansen i Oslo 26 \u2013 27. oktober 2017.\" \/>\n<meta name=\"robots\" content=\"index, follow, max-snippet:-1, max-image-preview:large, max-video-preview:-1\" \/>\n<link rel=\"canonical\" href=\"https:\/\/www.akustikksenter.no\/da\/arkiv\/hlf-briskeby-konference-2017\/\" \/>\n<meta property=\"og:locale\" content=\"da_DK\" \/>\n<meta property=\"og:type\" content=\"article\" \/>\n<meta property=\"og:title\" content=\"HLF Briskebykonferansen 2017\" \/>\n<meta property=\"og:description\" content=\"Vi stiller ut og informerer p\u00e5 HLF Briskebykonferansen i Oslo 26 \u2013 27. oktober 2017.\" \/>\n<meta property=\"og:url\" content=\"https:\/\/www.akustikksenter.no\/da\/arkiv\/hlf-briskeby-konference-2017\/\" \/>\n<meta property=\"og:site_name\" content=\"Norsk Akustikksenter\" \/>\n<meta property=\"article:publisher\" content=\"https:\/\/www.facebook.com\/Akustikksenter\/\" \/>\n<meta property=\"article:published_time\" content=\"2017-09-25T12:02:45+00:00\" \/>\n<meta property=\"article:modified_time\" content=\"2018-08-16T21:56:50+00:00\" \/>\n<meta property=\"og:image\" content=\"https:\/\/www.akustikksenter.no\/wp-content\/uploads\/2017\/09\/hlf.jpg\" \/>\n\t<meta property=\"og:image:width\" content=\"2000\" \/>\n\t<meta property=\"og:image:height\" content=\"400\" \/>\n\t<meta property=\"og:image:type\" content=\"image\/jpeg\" \/>\n<meta name=\"author\" content=\"administrator\" \/>\n<meta name=\"twitter:label1\" content=\"Skrevet af\" \/>\n\t<meta name=\"twitter:data1\" content=\"administrator\" \/>\n<script type=\"application\/ld+json\" class=\"yoast-schema-graph\">{\"@context\":\"https:\\\/\\\/schema.org\",\"@graph\":[{\"@type\":\"Article\",\"@id\":\"https:\\\/\\\/www.akustikksenter.no\\\/arkiv\\\/hlf-briskebykonferansen-2017\\\/#article\",\"isPartOf\":{\"@id\":\"https:\\\/\\\/www.akustikksenter.no\\\/arkiv\\\/hlf-briskebykonferansen-2017\\\/\"},\"author\":{\"name\":\"administrator\",\"@id\":\"https:\\\/\\\/www.akustikksenter.no\\\/#\\\/schema\\\/person\\\/8211b23de1062ef1805514ef9bdc3d4b\"},\"headline\":\"Vi stiller ut og informerer p\u00e5 HLF Briskebykonferansen 2017\",\"datePublished\":\"2017-09-25T12:02:45+00:00\",\"dateModified\":\"2018-08-16T21:56:50+00:00\",\"mainEntityOfPage\":{\"@id\":\"https:\\\/\\\/www.akustikksenter.no\\\/arkiv\\\/hlf-briskebykonferansen-2017\\\/\"},\"wordCount\":65,\"publisher\":{\"@id\":\"https:\\\/\\\/www.akustikksenter.no\\\/#organization\"},\"image\":{\"@id\":\"https:\\\/\\\/www.akustikksenter.no\\\/arkiv\\\/hlf-briskebykonferansen-2017\\\/#primaryimage\"},\"thumbnailUrl\":\"https:\\\/\\\/www.akustikksenter.no\\\/wp-content\\\/uploads\\\/2017\\\/09\\\/hlf.jpg\",\"articleSection\":[\"Aktuelt\"],\"inLanguage\":\"da-DK\"},{\"@type\":\"WebPage\",\"@id\":\"https:\\\/\\\/www.akustikksenter.no\\\/arkiv\\\/hlf-briskebykonferansen-2017\\\/\",\"url\":\"https:\\\/\\\/www.akustikksenter.no\\\/arkiv\\\/hlf-briskebykonferansen-2017\\\/\",\"name\":\"HLF Briskebykonferansen 2017\",\"isPartOf\":{\"@id\":\"https:\\\/\\\/www.akustikksenter.no\\\/#website\"},\"primaryImageOfPage\":{\"@id\":\"https:\\\/\\\/www.akustikksenter.no\\\/arkiv\\\/hlf-briskebykonferansen-2017\\\/#primaryimage\"},\"image\":{\"@id\":\"https:\\\/\\\/www.akustikksenter.no\\\/arkiv\\\/hlf-briskebykonferansen-2017\\\/#primaryimage\"},\"thumbnailUrl\":\"https:\\\/\\\/www.akustikksenter.no\\\/wp-content\\\/uploads\\\/2017\\\/09\\\/hlf.jpg\",\"datePublished\":\"2017-09-25T12:02:45+00:00\",\"dateModified\":\"2018-08-16T21:56:50+00:00\",\"description\":\"Vi stiller ut og informerer p\u00e5 HLF Briskebykonferansen i Oslo 26 \u2013 27. oktober 2017.\",\"breadcrumb\":{\"@id\":\"https:\\\/\\\/www.akustikksenter.no\\\/arkiv\\\/hlf-briskebykonferansen-2017\\\/#breadcrumb\"},\"inLanguage\":\"da-DK\",\"potentialAction\":[{\"@type\":\"ReadAction\",\"target\":[\"https:\\\/\\\/www.akustikksenter.no\\\/arkiv\\\/hlf-briskebykonferansen-2017\\\/\"]}]},{\"@type\":\"ImageObject\",\"inLanguage\":\"da-DK\",\"@id\":\"https:\\\/\\\/www.akustikksenter.no\\\/arkiv\\\/hlf-briskebykonferansen-2017\\\/#primaryimage\",\"url\":\"https:\\\/\\\/www.akustikksenter.no\\\/wp-content\\\/uploads\\\/2017\\\/09\\\/hlf.jpg\",\"contentUrl\":\"https:\\\/\\\/www.akustikksenter.no\\\/wp-content\\\/uploads\\\/2017\\\/09\\\/hlf.jpg\",\"width\":2000,\"height\":400},{\"@type\":\"BreadcrumbList\",\"@id\":\"https:\\\/\\\/www.akustikksenter.no\\\/arkiv\\\/hlf-briskebykonferansen-2017\\\/#breadcrumb\",\"itemListElement\":[{\"@type\":\"ListItem\",\"position\":1,\"name\":\"Hjem\",\"item\":\"https:\\\/\\\/www.akustikksenter.no\\\/\"},{\"@type\":\"ListItem\",\"position\":2,\"name\":\"Aktuelt\",\"item\":\"https:\\\/\\\/www.akustikksenter.no\\\/kategori\\\/aktuelt\\\/\"},{\"@type\":\"ListItem\",\"position\":3,\"name\":\"Vi stiller ut og informerer p\u00e5 HLF Briskebykonferansen 2017\"}]},{\"@type\":\"WebSite\",\"@id\":\"https:\\\/\\\/www.akustikksenter.no\\\/#website\",\"url\":\"https:\\\/\\\/www.akustikksenter.no\\\/\",\"name\":\"Norsk Akustikksenter\",\"description\":\"Totalleverand\u00f8r av akustikkl\u00f8sninger\",\"publisher\":{\"@id\":\"https:\\\/\\\/www.akustikksenter.no\\\/#organization\"},\"potentialAction\":[{\"@type\":\"SearchAction\",\"target\":{\"@type\":\"EntryPoint\",\"urlTemplate\":\"https:\\\/\\\/www.akustikksenter.no\\\/?s={search_term_string}\"},\"query-input\":{\"@type\":\"PropertyValueSpecification\",\"valueRequired\":true,\"valueName\":\"search_term_string\"}}],\"inLanguage\":\"da-DK\"},{\"@type\":\"Organization\",\"@id\":\"https:\\\/\\\/www.akustikksenter.no\\\/#organization\",\"name\":\"Norsk Akustikksenter\",\"alternateName\":\"Akustikksenter\",\"url\":\"https:\\\/\\\/www.akustikksenter.no\\\/\",\"logo\":{\"@type\":\"ImageObject\",\"inLanguage\":\"da-DK\",\"@id\":\"https:\\\/\\\/www.akustikksenter.no\\\/#\\\/schema\\\/logo\\\/image\\\/\",\"url\":\"https:\\\/\\\/www.akustikksenter.no\\\/wp-content\\\/uploads\\\/2018\\\/02\\\/Norsk-Akkustikksenter_nyLogo_payoff-3-e1518606723632.png\",\"contentUrl\":\"https:\\\/\\\/www.akustikksenter.no\\\/wp-content\\\/uploads\\\/2018\\\/02\\\/Norsk-Akkustikksenter_nyLogo_payoff-3-e1518606723632.png\",\"width\":232,\"height\":93,\"caption\":\"Norsk Akustikksenter\"},\"image\":{\"@id\":\"https:\\\/\\\/www.akustikksenter.no\\\/#\\\/schema\\\/logo\\\/image\\\/\"},\"sameAs\":[\"https:\\\/\\\/www.facebook.com\\\/Akustikksenter\\\/\",\"https:\\\/\\\/www.pinterest.com\\\/akustikksenter\\\/\",\"https:\\\/\\\/www.instagram.com\\\/akustikksenter_norway\\\/\",\"https:\\\/\\\/no.linkedin.com\\\/company\\\/norsk-akustikksenter-as\"]},{\"@type\":\"Person\",\"@id\":\"https:\\\/\\\/www.akustikksenter.no\\\/#\\\/schema\\\/person\\\/8211b23de1062ef1805514ef9bdc3d4b\",\"name\":\"administrator\"}]}<\/script>\n<!-- \/ Yoast SEO plugin. -->","yoast_head_json":{"title":"HLF Briskeby-konferencen 2017","description":"Vi udstiller og giver information p\u00e5 HLF Briskeby-konferencen i Oslo 26.-27. oktober 2017.","robots":{"index":"index","follow":"follow","max-snippet":"max-snippet:-1","max-image-preview":"max-image-preview:large","max-video-preview":"max-video-preview:-1"},"canonical":"https:\/\/www.akustikksenter.no\/da\/arkiv\/hlf-briskeby-konference-2017\/","og_locale":"da_DK","og_type":"article","og_title":"HLF Briskebykonferansen 2017","og_description":"Vi stiller ut og informerer p\u00e5 HLF Briskebykonferansen i Oslo 26 \u2013 27. oktober 2017.","og_url":"https:\/\/www.akustikksenter.no\/da\/arkiv\/hlf-briskeby-konference-2017\/","og_site_name":"Norsk Akustikksenter","article_publisher":"https:\/\/www.facebook.com\/Akustikksenter\/","article_published_time":"2017-09-25T12:02:45+00:00","article_modified_time":"2018-08-16T21:56:50+00:00","og_image":[{"width":2000,"height":400,"url":"https:\/\/www.akustikksenter.no\/wp-content\/uploads\/2017\/09\/hlf.jpg","type":"image\/jpeg"}],"author":"administrator","twitter_misc":{"Skrevet af":"administrator"},"schema":{"@context":"https:\/\/schema.org","@graph":[{"@type":"Article","@id":"https:\/\/www.akustikksenter.no\/arkiv\/hlf-briskebykonferansen-2017\/#article","isPartOf":{"@id":"https:\/\/www.akustikksenter.no\/arkiv\/hlf-briskebykonferansen-2017\/"},"author":{"name":"administrator","@id":"https:\/\/www.akustikksenter.no\/#\/schema\/person\/8211b23de1062ef1805514ef9bdc3d4b"},"headline":"Vi stiller ut og informerer p\u00e5 HLF Briskebykonferansen 2017","datePublished":"2017-09-25T12:02:45+00:00","dateModified":"2018-08-16T21:56:50+00:00","mainEntityOfPage":{"@id":"https:\/\/www.akustikksenter.no\/arkiv\/hlf-briskebykonferansen-2017\/"},"wordCount":65,"publisher":{"@id":"https:\/\/www.akustikksenter.no\/#organization"},"image":{"@id":"https:\/\/www.akustikksenter.no\/arkiv\/hlf-briskebykonferansen-2017\/#primaryimage"},"thumbnailUrl":"https:\/\/www.akustikksenter.no\/wp-content\/uploads\/2017\/09\/hlf.jpg","articleSection":["Aktuelt"],"inLanguage":"da-DK"},{"@type":"WebPage","@id":"https:\/\/www.akustikksenter.no\/arkiv\/hlf-briskebykonferansen-2017\/","url":"https:\/\/www.akustikksenter.no\/arkiv\/hlf-briskebykonferansen-2017\/","name":"HLF Briskeby-konferencen 2017","isPartOf":{"@id":"https:\/\/www.akustikksenter.no\/#website"},"primaryImageOfPage":{"@id":"https:\/\/www.akustikksenter.no\/arkiv\/hlf-briskebykonferansen-2017\/#primaryimage"},"image":{"@id":"https:\/\/www.akustikksenter.no\/arkiv\/hlf-briskebykonferansen-2017\/#primaryimage"},"thumbnailUrl":"https:\/\/www.akustikksenter.no\/wp-content\/uploads\/2017\/09\/hlf.jpg","datePublished":"2017-09-25T12:02:45+00:00","dateModified":"2018-08-16T21:56:50+00:00","description":"Vi udstiller og giver information p\u00e5 HLF Briskeby-konferencen i Oslo 26.-27. oktober 2017.","breadcrumb":{"@id":"https:\/\/www.akustikksenter.no\/arkiv\/hlf-briskebykonferansen-2017\/#breadcrumb"},"inLanguage":"da-DK","potentialAction":[{"@type":"ReadAction","target":["https:\/\/www.akustikksenter.no\/arkiv\/hlf-briskebykonferansen-2017\/"]}]},{"@type":"ImageObject","inLanguage":"da-DK","@id":"https:\/\/www.akustikksenter.no\/arkiv\/hlf-briskebykonferansen-2017\/#primaryimage","url":"https:\/\/www.akustikksenter.no\/wp-content\/uploads\/2017\/09\/hlf.jpg","contentUrl":"https:\/\/www.akustikksenter.no\/wp-content\/uploads\/2017\/09\/hlf.jpg","width":2000,"height":400},{"@type":"BreadcrumbList","@id":"https:\/\/www.akustikksenter.no\/arkiv\/hlf-briskebykonferansen-2017\/#breadcrumb","itemListElement":[{"@type":"ListItem","position":1,"name":"Hjem","item":"https:\/\/www.akustikksenter.no\/"},{"@type":"ListItem","position":2,"name":"Aktuelt","item":"https:\/\/www.akustikksenter.no\/kategori\/aktuelt\/"},{"@type":"ListItem","position":3,"name":"Vi stiller ut og informerer p\u00e5 HLF Briskebykonferansen 2017"}]},{"@type":"WebSite","@id":"https:\/\/www.akustikksenter.no\/#website","url":"https:\/\/www.akustikksenter.no\/","name":"Norsk Akustik Center","description":"Totalleverand\u00f8r af akustiske l\u00f8sninger","publisher":{"@id":"https:\/\/www.akustikksenter.no\/#organization"},"potentialAction":[{"@type":"SearchAction","target":{"@type":"EntryPoint","urlTemplate":"https:\/\/www.akustikksenter.no\/?s={search_term_string}"},"query-input":{"@type":"PropertyValueSpecification","valueRequired":true,"valueName":"search_term_string"}}],"inLanguage":"da-DK"},{"@type":"Organization","@id":"https:\/\/www.akustikksenter.no\/#organization","name":"Norsk Akustik Center","alternateName":"Akustikksenter","url":"https:\/\/www.akustikksenter.no\/","logo":{"@type":"ImageObject","inLanguage":"da-DK","@id":"https:\/\/www.akustikksenter.no\/#\/schema\/logo\/image\/","url":"https:\/\/www.akustikksenter.no\/wp-content\/uploads\/2018\/02\/Norsk-Akkustikksenter_nyLogo_payoff-3-e1518606723632.png","contentUrl":"https:\/\/www.akustikksenter.no\/wp-content\/uploads\/2018\/02\/Norsk-Akkustikksenter_nyLogo_payoff-3-e1518606723632.png","width":232,"height":93,"caption":"Norsk Akustikksenter"},"image":{"@id":"https:\/\/www.akustikksenter.no\/#\/schema\/logo\/image\/"},"sameAs":["https:\/\/www.facebook.com\/Akustikksenter\/","https:\/\/www.pinterest.com\/akustikksenter\/","https:\/\/www.instagram.com\/akustikksenter_norway\/","https:\/\/no.linkedin.com\/company\/norsk-akustikksenter-as"]},{"@type":"Person","@id":"https:\/\/www.akustikksenter.no\/#\/schema\/person\/8211b23de1062ef1805514ef9bdc3d4b","name":"Administrator"}]}},"_links":{"self":[{"href":"https:\/\/www.akustikksenter.no\/da\/wp-json\/wp\/v2\/posts\/3304","targetHints":{"allow":["GET"]}}],"collection":[{"href":"https:\/\/www.akustikksenter.no\/da\/wp-json\/wp\/v2\/posts"}],"about":[{"href":"https:\/\/www.akustikksenter.no\/da\/wp-json\/wp\/v2\/types\/post"}],"author":[{"embeddable":true,"href":"https:\/\/www.akustikksenter.no\/da\/wp-json\/wp\/v2\/users\/1"}],"replies":[{"embeddable":true,"href":"https:\/\/www.akustikksenter.no\/da\/wp-json\/wp\/v2\/comments?post=3304"}],"version-history":[{"count":0,"href":"https:\/\/www.akustikksenter.no\/da\/wp-json\/wp\/v2\/posts\/3304\/revisions"}],"wp:featuredmedia":[{"embeddable":true,"href":"https:\/\/www.akustikksenter.no\/da\/wp-json\/wp\/v2\/media\/3307"}],"wp:attachment":[{"href":"https:\/\/www.akustikksenter.no\/da\/wp-json\/wp\/v2\/media?parent=3304"}],"wp:term":[{"taxonomy":"category","embeddable":true,"href":"https:\/\/www.akustikksenter.no\/da\/wp-json\/wp\/v2\/categories?post=3304"},{"taxonomy":"post_tag","embeddable":true,"href":"https:\/\/www.akustikksenter.no\/da\/wp-json\/wp\/v2\/tags?post=3304"}],"curies":[{"name":"wp","href":"https:\/\/api.w.org\/{rel}","templated":true}]}}