{"id":4668,"date":"2018-09-11T15:10:35","date_gmt":"2018-09-11T13:10:35","guid":{"rendered":"https:\/\/www-akustikksenter.wp3.hcweb.dev\/?p=4668"},"modified":"2019-05-02T13:44:10","modified_gmt":"2019-05-02T11:44:10","slug":"nyhed-lydabsorberen-der-taler-roff-behandling","status":"publish","type":"post","link":"https:\/\/www.akustikksenter.no\/da\/arkiv\/nyhet-lydabsorbenten-som-taler-roff-behandling\/","title":{"rendered":"NYHED! Lydabsorberen, der t\u00e5ler h\u00e5rdh\u00e6ndet behandling"},"content":{"rendered":"<h3><\/h3>\n<h3>Vi har udviklet en unik klasse A-absorbent, der t\u00e5ler h\u00e5rdh\u00e6ndet behandling og er slagfast. Vores mest h\u00e5rdf\u00f8re produkt; <a href=\"https:\/\/www.akustikksenter.no\/da\/butik\/vaeg-og-loftsabsorbenter\/loke-strong-40-mm-lyddaempende-skive\/\">Loke\u2122 St\u00e6rk<\/a><\/h3>\n<p>Loke\u2122 Strong er en unik og effektiv lydabsorberende skive, der er specielt udviklet til at modst\u00e5 ekstra h\u00e5rdh\u00e6ndet behandling. Absorberen har ekstremt god lydabsorption og er klassificeret i klasse A. Pladen er bekl\u00e6dt med glasfiberdug p\u00e5 de synlige overflader og har en meget h\u00f8j overfladestyrke. Det g\u00f8r den meget slagfast og dermed velegnet til brug i s\u00e6rligt udsatte milj\u00f8er som sportsanl\u00e6g, fitnesscentre, skoler, daginstitutioner, offentlige bygninger, parkeringspladser og m\u00e5ske i b\u00f8rnenes legerum og dit fitnessrum.<\/p>\n<p>Ta <a href=\"https:\/\/www.akustikksenter.no\/da\/kontakt\/\">Kontakt<\/a>\u00a0for mere information eller k\u00f8b af produktet <a href=\"https:\/\/www.akustikksenter.no\/da\/butik\/lydabsorberende-produkter\/loke-strong-40-mm-lyddaempende-skive\/\">Her.<\/a><br \/>\n<div class=\"woocommerce columns-4\"><\/div><\/p>","protected":false},"excerpt":{"rendered":"<p>Vi har udviklet en unik klasse A-absorber, der t\u00e5ler h\u00e5rdh\u00e6ndet behandling og er slagfast. Vores h\u00e5rdeste produkt; Loke\u2122 Strong Loke\u2122 Strong er en unik og effektiv lydabsorberende skive, der er specielt udviklet til at modst\u00e5 ekstra h\u00e5rdh\u00e6ndet behandling. Absorberen har en meget god lydabsorption og er klassificeret i klasse A. Skiven er...<\/p>","protected":false},"author":1,"featured_media":4669,"comment_status":"closed","ping_status":"closed","sticky":false,"template":"","format":"standard","meta":{"_acf_changed":false,"footnotes":""},"categories":[26],"tags":[],"class_list":["post-4668","post","type-post","status-publish","format-standard","has-post-thumbnail","hentry","category-aktuelt"],"acf":[],"yoast_head":"<!-- This site is optimized with the Yoast SEO plugin v27.4 - https:\/\/yoast.com\/product\/yoast-seo-wordpress\/ -->\n<title>NYHET! Lydabsorbenten som t\u00e5ler r\u00f8ff behandling - Norsk Akustikksenter<\/title>\n<meta name=\"robots\" content=\"index, follow, max-snippet:-1, max-image-preview:large, max-video-preview:-1\" \/>\n<link rel=\"canonical\" href=\"https:\/\/www.akustikksenter.no\/da\/arkiv\/nyhed-lydabsorberen-der-taler-roff-behandling\/\" \/>\n<meta property=\"og:locale\" content=\"da_DK\" \/>\n<meta property=\"og:type\" content=\"article\" \/>\n<meta property=\"og:title\" content=\"NYHET! Lydabsorbenten som t\u00e5ler r\u00f8ff behandling - Norsk Akustikksenter\" \/>\n<meta property=\"og:description\" content=\"Vi har utviklet en unik absorbent i klasse A som motst\u00e5r r\u00f8ff behandling og er slagsikker.\u00a0V\u00e5rt mest hardf\u00f8re produkt; Loke\u2122 Strong Loke\u2122 Strong er en unik og effektiv lyddempende plate som er utviklet spesielt med tanke p\u00e5 \u00e5 kunne t\u00e5le ekstra r\u00f8ff behandling. Absorbenten har s\u00e6rdeles god lydabsorbsjon og klassifisert i klasse A. Platen er&hellip;\" \/>\n<meta property=\"og:url\" content=\"https:\/\/www.akustikksenter.no\/da\/arkiv\/nyhed-lydabsorberen-der-taler-roff-behandling\/\" \/>\n<meta property=\"og:site_name\" content=\"Norsk Akustikksenter\" \/>\n<meta property=\"article:publisher\" content=\"https:\/\/www.facebook.com\/Akustikksenter\/\" \/>\n<meta property=\"article:published_time\" content=\"2018-09-11T13:10:35+00:00\" \/>\n<meta property=\"article:modified_time\" content=\"2019-05-02T11:44:10+00:00\" \/>\n<meta property=\"og:image\" content=\"https:\/\/www.akustikksenter.no\/wp-content\/uploads\/2018\/09\/loke-strong_fb.jpg\" \/>\n\t<meta property=\"og:image:width\" content=\"1600\" \/>\n\t<meta property=\"og:image:height\" content=\"1068\" \/>\n\t<meta property=\"og:image:type\" content=\"image\/jpeg\" \/>\n<meta name=\"author\" content=\"administrator\" \/>\n<meta name=\"twitter:label1\" content=\"Skrevet af\" \/>\n\t<meta name=\"twitter:data1\" content=\"administrator\" \/>\n\t<meta name=\"twitter:label2\" content=\"Estimeret l\u00e6setid\" \/>\n\t<meta name=\"twitter:data2\" content=\"1 minut\" \/>\n<script type=\"application\/ld+json\" class=\"yoast-schema-graph\">{\"@context\":\"https:\\\/\\\/schema.org\",\"@graph\":[{\"@type\":\"Article\",\"@id\":\"https:\\\/\\\/www.akustikksenter.no\\\/arkiv\\\/nyhet-lydabsorbenten-som-taler-roff-behandling\\\/#article\",\"isPartOf\":{\"@id\":\"https:\\\/\\\/www.akustikksenter.no\\\/arkiv\\\/nyhet-lydabsorbenten-som-taler-roff-behandling\\\/\"},\"author\":{\"name\":\"administrator\",\"@id\":\"https:\\\/\\\/www.akustikksenter.no\\\/#\\\/schema\\\/person\\\/8211b23de1062ef1805514ef9bdc3d4b\"},\"headline\":\"NYHET! Lydabsorbenten som t\u00e5ler r\u00f8ff behandling\",\"datePublished\":\"2018-09-11T13:10:35+00:00\",\"dateModified\":\"2019-05-02T11:44:10+00:00\",\"mainEntityOfPage\":{\"@id\":\"https:\\\/\\\/www.akustikksenter.no\\\/arkiv\\\/nyhet-lydabsorbenten-som-taler-roff-behandling\\\/\"},\"wordCount\":134,\"publisher\":{\"@id\":\"https:\\\/\\\/www.akustikksenter.no\\\/#organization\"},\"image\":{\"@id\":\"https:\\\/\\\/www.akustikksenter.no\\\/arkiv\\\/nyhet-lydabsorbenten-som-taler-roff-behandling\\\/#primaryimage\"},\"thumbnailUrl\":\"https:\\\/\\\/www.akustikksenter.no\\\/wp-content\\\/uploads\\\/2018\\\/09\\\/loke-strong_fb.jpg\",\"articleSection\":[\"Aktuelt\"],\"inLanguage\":\"da-DK\"},{\"@type\":\"WebPage\",\"@id\":\"https:\\\/\\\/www.akustikksenter.no\\\/arkiv\\\/nyhet-lydabsorbenten-som-taler-roff-behandling\\\/\",\"url\":\"https:\\\/\\\/www.akustikksenter.no\\\/arkiv\\\/nyhet-lydabsorbenten-som-taler-roff-behandling\\\/\",\"name\":\"NYHET! Lydabsorbenten som t\u00e5ler r\u00f8ff behandling - Norsk Akustikksenter\",\"isPartOf\":{\"@id\":\"https:\\\/\\\/www.akustikksenter.no\\\/#website\"},\"primaryImageOfPage\":{\"@id\":\"https:\\\/\\\/www.akustikksenter.no\\\/arkiv\\\/nyhet-lydabsorbenten-som-taler-roff-behandling\\\/#primaryimage\"},\"image\":{\"@id\":\"https:\\\/\\\/www.akustikksenter.no\\\/arkiv\\\/nyhet-lydabsorbenten-som-taler-roff-behandling\\\/#primaryimage\"},\"thumbnailUrl\":\"https:\\\/\\\/www.akustikksenter.no\\\/wp-content\\\/uploads\\\/2018\\\/09\\\/loke-strong_fb.jpg\",\"datePublished\":\"2018-09-11T13:10:35+00:00\",\"dateModified\":\"2019-05-02T11:44:10+00:00\",\"breadcrumb\":{\"@id\":\"https:\\\/\\\/www.akustikksenter.no\\\/arkiv\\\/nyhet-lydabsorbenten-som-taler-roff-behandling\\\/#breadcrumb\"},\"inLanguage\":\"da-DK\",\"potentialAction\":[{\"@type\":\"ReadAction\",\"target\":[\"https:\\\/\\\/www.akustikksenter.no\\\/arkiv\\\/nyhet-lydabsorbenten-som-taler-roff-behandling\\\/\"]}]},{\"@type\":\"ImageObject\",\"inLanguage\":\"da-DK\",\"@id\":\"https:\\\/\\\/www.akustikksenter.no\\\/arkiv\\\/nyhet-lydabsorbenten-som-taler-roff-behandling\\\/#primaryimage\",\"url\":\"https:\\\/\\\/www.akustikksenter.no\\\/wp-content\\\/uploads\\\/2018\\\/09\\\/loke-strong_fb.jpg\",\"contentUrl\":\"https:\\\/\\\/www.akustikksenter.no\\\/wp-content\\\/uploads\\\/2018\\\/09\\\/loke-strong_fb.jpg\",\"width\":1600,\"height\":1068},{\"@type\":\"BreadcrumbList\",\"@id\":\"https:\\\/\\\/www.akustikksenter.no\\\/arkiv\\\/nyhet-lydabsorbenten-som-taler-roff-behandling\\\/#breadcrumb\",\"itemListElement\":[{\"@type\":\"ListItem\",\"position\":1,\"name\":\"Hjem\",\"item\":\"https:\\\/\\\/www.akustikksenter.no\\\/\"},{\"@type\":\"ListItem\",\"position\":2,\"name\":\"Aktuelt\",\"item\":\"https:\\\/\\\/www.akustikksenter.no\\\/kategori\\\/aktuelt\\\/\"},{\"@type\":\"ListItem\",\"position\":3,\"name\":\"NYHET! Lydabsorbenten som t\u00e5ler r\u00f8ff behandling\"}]},{\"@type\":\"WebSite\",\"@id\":\"https:\\\/\\\/www.akustikksenter.no\\\/#website\",\"url\":\"https:\\\/\\\/www.akustikksenter.no\\\/\",\"name\":\"Norsk Akustikksenter\",\"description\":\"Totalleverand\u00f8r av akustikkl\u00f8sninger\",\"publisher\":{\"@id\":\"https:\\\/\\\/www.akustikksenter.no\\\/#organization\"},\"potentialAction\":[{\"@type\":\"SearchAction\",\"target\":{\"@type\":\"EntryPoint\",\"urlTemplate\":\"https:\\\/\\\/www.akustikksenter.no\\\/?s={search_term_string}\"},\"query-input\":{\"@type\":\"PropertyValueSpecification\",\"valueRequired\":true,\"valueName\":\"search_term_string\"}}],\"inLanguage\":\"da-DK\"},{\"@type\":\"Organization\",\"@id\":\"https:\\\/\\\/www.akustikksenter.no\\\/#organization\",\"name\":\"Norsk Akustikksenter\",\"alternateName\":\"Akustikksenter\",\"url\":\"https:\\\/\\\/www.akustikksenter.no\\\/\",\"logo\":{\"@type\":\"ImageObject\",\"inLanguage\":\"da-DK\",\"@id\":\"https:\\\/\\\/www.akustikksenter.no\\\/#\\\/schema\\\/logo\\\/image\\\/\",\"url\":\"https:\\\/\\\/www.akustikksenter.no\\\/wp-content\\\/uploads\\\/2018\\\/02\\\/Norsk-Akkustikksenter_nyLogo_payoff-3-e1518606723632.png\",\"contentUrl\":\"https:\\\/\\\/www.akustikksenter.no\\\/wp-content\\\/uploads\\\/2018\\\/02\\\/Norsk-Akkustikksenter_nyLogo_payoff-3-e1518606723632.png\",\"width\":232,\"height\":93,\"caption\":\"Norsk Akustikksenter\"},\"image\":{\"@id\":\"https:\\\/\\\/www.akustikksenter.no\\\/#\\\/schema\\\/logo\\\/image\\\/\"},\"sameAs\":[\"https:\\\/\\\/www.facebook.com\\\/Akustikksenter\\\/\",\"https:\\\/\\\/www.pinterest.com\\\/akustikksenter\\\/\",\"https:\\\/\\\/www.instagram.com\\\/akustikksenter_norway\\\/\",\"https:\\\/\\\/no.linkedin.com\\\/company\\\/norsk-akustikksenter-as\"]},{\"@type\":\"Person\",\"@id\":\"https:\\\/\\\/www.akustikksenter.no\\\/#\\\/schema\\\/person\\\/8211b23de1062ef1805514ef9bdc3d4b\",\"name\":\"administrator\"}]}<\/script>\n<!-- \/ Yoast SEO plugin. -->","yoast_head_json":{"title":"NYHED! Lydabsorbenten, der t\u00e5ler h\u00e5rdh\u00e6ndet behandling - Norsk Akustikksenter","robots":{"index":"index","follow":"follow","max-snippet":"max-snippet:-1","max-image-preview":"max-image-preview:large","max-video-preview":"max-video-preview:-1"},"canonical":"https:\/\/www.akustikksenter.no\/da\/arkiv\/nyhed-lydabsorberen-der-taler-roff-behandling\/","og_locale":"da_DK","og_type":"article","og_title":"NYHET! Lydabsorbenten som t\u00e5ler r\u00f8ff behandling - Norsk Akustikksenter","og_description":"Vi har utviklet en unik absorbent i klasse A som motst\u00e5r r\u00f8ff behandling og er slagsikker.\u00a0V\u00e5rt mest hardf\u00f8re produkt; Loke\u2122 Strong Loke\u2122 Strong er en unik og effektiv lyddempende plate som er utviklet spesielt med tanke p\u00e5 \u00e5 kunne t\u00e5le ekstra r\u00f8ff behandling. Absorbenten har s\u00e6rdeles god lydabsorbsjon og klassifisert i klasse A. Platen er&hellip;","og_url":"https:\/\/www.akustikksenter.no\/da\/arkiv\/nyhed-lydabsorberen-der-taler-roff-behandling\/","og_site_name":"Norsk Akustikksenter","article_publisher":"https:\/\/www.facebook.com\/Akustikksenter\/","article_published_time":"2018-09-11T13:10:35+00:00","article_modified_time":"2019-05-02T11:44:10+00:00","og_image":[{"width":1600,"height":1068,"url":"https:\/\/www.akustikksenter.no\/wp-content\/uploads\/2018\/09\/loke-strong_fb.jpg","type":"image\/jpeg"}],"author":"administrator","twitter_misc":{"Skrevet af":"administrator","Estimeret l\u00e6setid":"1 minut"},"schema":{"@context":"https:\/\/schema.org","@graph":[{"@type":"Article","@id":"https:\/\/www.akustikksenter.no\/arkiv\/nyhet-lydabsorbenten-som-taler-roff-behandling\/#article","isPartOf":{"@id":"https:\/\/www.akustikksenter.no\/arkiv\/nyhet-lydabsorbenten-som-taler-roff-behandling\/"},"author":{"name":"administrator","@id":"https:\/\/www.akustikksenter.no\/#\/schema\/person\/8211b23de1062ef1805514ef9bdc3d4b"},"headline":"NYHET! Lydabsorbenten som t\u00e5ler r\u00f8ff behandling","datePublished":"2018-09-11T13:10:35+00:00","dateModified":"2019-05-02T11:44:10+00:00","mainEntityOfPage":{"@id":"https:\/\/www.akustikksenter.no\/arkiv\/nyhet-lydabsorbenten-som-taler-roff-behandling\/"},"wordCount":134,"publisher":{"@id":"https:\/\/www.akustikksenter.no\/#organization"},"image":{"@id":"https:\/\/www.akustikksenter.no\/arkiv\/nyhet-lydabsorbenten-som-taler-roff-behandling\/#primaryimage"},"thumbnailUrl":"https:\/\/www.akustikksenter.no\/wp-content\/uploads\/2018\/09\/loke-strong_fb.jpg","articleSection":["Aktuelt"],"inLanguage":"da-DK"},{"@type":"WebPage","@id":"https:\/\/www.akustikksenter.no\/arkiv\/nyhet-lydabsorbenten-som-taler-roff-behandling\/","url":"https:\/\/www.akustikksenter.no\/arkiv\/nyhet-lydabsorbenten-som-taler-roff-behandling\/","name":"NYHED! Lydabsorbenten, der t\u00e5ler h\u00e5rdh\u00e6ndet behandling - Norsk Akustikksenter","isPartOf":{"@id":"https:\/\/www.akustikksenter.no\/#website"},"primaryImageOfPage":{"@id":"https:\/\/www.akustikksenter.no\/arkiv\/nyhet-lydabsorbenten-som-taler-roff-behandling\/#primaryimage"},"image":{"@id":"https:\/\/www.akustikksenter.no\/arkiv\/nyhet-lydabsorbenten-som-taler-roff-behandling\/#primaryimage"},"thumbnailUrl":"https:\/\/www.akustikksenter.no\/wp-content\/uploads\/2018\/09\/loke-strong_fb.jpg","datePublished":"2018-09-11T13:10:35+00:00","dateModified":"2019-05-02T11:44:10+00:00","breadcrumb":{"@id":"https:\/\/www.akustikksenter.no\/arkiv\/nyhet-lydabsorbenten-som-taler-roff-behandling\/#breadcrumb"},"inLanguage":"da-DK","potentialAction":[{"@type":"ReadAction","target":["https:\/\/www.akustikksenter.no\/arkiv\/nyhet-lydabsorbenten-som-taler-roff-behandling\/"]}]},{"@type":"ImageObject","inLanguage":"da-DK","@id":"https:\/\/www.akustikksenter.no\/arkiv\/nyhet-lydabsorbenten-som-taler-roff-behandling\/#primaryimage","url":"https:\/\/www.akustikksenter.no\/wp-content\/uploads\/2018\/09\/loke-strong_fb.jpg","contentUrl":"https:\/\/www.akustikksenter.no\/wp-content\/uploads\/2018\/09\/loke-strong_fb.jpg","width":1600,"height":1068},{"@type":"BreadcrumbList","@id":"https:\/\/www.akustikksenter.no\/arkiv\/nyhet-lydabsorbenten-som-taler-roff-behandling\/#breadcrumb","itemListElement":[{"@type":"ListItem","position":1,"name":"Hjem","item":"https:\/\/www.akustikksenter.no\/"},{"@type":"ListItem","position":2,"name":"Aktuelt","item":"https:\/\/www.akustikksenter.no\/kategori\/aktuelt\/"},{"@type":"ListItem","position":3,"name":"NYHET! Lydabsorbenten som t\u00e5ler r\u00f8ff behandling"}]},{"@type":"WebSite","@id":"https:\/\/www.akustikksenter.no\/#website","url":"https:\/\/www.akustikksenter.no\/","name":"Norsk Akustik Center","description":"Totalleverand\u00f8r af akustiske l\u00f8sninger","publisher":{"@id":"https:\/\/www.akustikksenter.no\/#organization"},"potentialAction":[{"@type":"SearchAction","target":{"@type":"EntryPoint","urlTemplate":"https:\/\/www.akustikksenter.no\/?s={search_term_string}"},"query-input":{"@type":"PropertyValueSpecification","valueRequired":true,"valueName":"search_term_string"}}],"inLanguage":"da-DK"},{"@type":"Organization","@id":"https:\/\/www.akustikksenter.no\/#organization","name":"Norsk Akustik Center","alternateName":"Akustikksenter","url":"https:\/\/www.akustikksenter.no\/","logo":{"@type":"ImageObject","inLanguage":"da-DK","@id":"https:\/\/www.akustikksenter.no\/#\/schema\/logo\/image\/","url":"https:\/\/www.akustikksenter.no\/wp-content\/uploads\/2018\/02\/Norsk-Akkustikksenter_nyLogo_payoff-3-e1518606723632.png","contentUrl":"https:\/\/www.akustikksenter.no\/wp-content\/uploads\/2018\/02\/Norsk-Akkustikksenter_nyLogo_payoff-3-e1518606723632.png","width":232,"height":93,"caption":"Norsk Akustikksenter"},"image":{"@id":"https:\/\/www.akustikksenter.no\/#\/schema\/logo\/image\/"},"sameAs":["https:\/\/www.facebook.com\/Akustikksenter\/","https:\/\/www.pinterest.com\/akustikksenter\/","https:\/\/www.instagram.com\/akustikksenter_norway\/","https:\/\/no.linkedin.com\/company\/norsk-akustikksenter-as"]},{"@type":"Person","@id":"https:\/\/www.akustikksenter.no\/#\/schema\/person\/8211b23de1062ef1805514ef9bdc3d4b","name":"Administrator"}]}},"_links":{"self":[{"href":"https:\/\/www.akustikksenter.no\/da\/wp-json\/wp\/v2\/posts\/4668","targetHints":{"allow":["GET"]}}],"collection":[{"href":"https:\/\/www.akustikksenter.no\/da\/wp-json\/wp\/v2\/posts"}],"about":[{"href":"https:\/\/www.akustikksenter.no\/da\/wp-json\/wp\/v2\/types\/post"}],"author":[{"embeddable":true,"href":"https:\/\/www.akustikksenter.no\/da\/wp-json\/wp\/v2\/users\/1"}],"replies":[{"embeddable":true,"href":"https:\/\/www.akustikksenter.no\/da\/wp-json\/wp\/v2\/comments?post=4668"}],"version-history":[{"count":0,"href":"https:\/\/www.akustikksenter.no\/da\/wp-json\/wp\/v2\/posts\/4668\/revisions"}],"wp:featuredmedia":[{"embeddable":true,"href":"https:\/\/www.akustikksenter.no\/da\/wp-json\/wp\/v2\/media\/4669"}],"wp:attachment":[{"href":"https:\/\/www.akustikksenter.no\/da\/wp-json\/wp\/v2\/media?parent=4668"}],"wp:term":[{"taxonomy":"category","embeddable":true,"href":"https:\/\/www.akustikksenter.no\/da\/wp-json\/wp\/v2\/categories?post=4668"},{"taxonomy":"post_tag","embeddable":true,"href":"https:\/\/www.akustikksenter.no\/da\/wp-json\/wp\/v2\/tags?post=4668"}],"curies":[{"name":"wp","href":"https:\/\/api.w.org\/{rel}","templated":true}]}}