{"id":5687,"date":"2019-01-22T12:35:03","date_gmt":"2019-01-22T11:35:03","guid":{"rendered":"https:\/\/www-akustikksenter.wp3.hcweb.dev\/?p=5687"},"modified":"2023-09-13T11:44:53","modified_gmt":"2023-09-13T09:44:53","slug":"stille-born-giver-mulighed-for-opladningstid","status":"publish","type":"post","link":"https:\/\/www.akustikksenter.no\/da\/arkiv\/stille-barn-gi-rom-for-ladetid\/","title":{"rendered":"Silent Child - giv plads til opladningstid"},"content":{"rendered":"<p>B\u00f8rn har ogs\u00e5 brug for fred og ro. Der er n\u00e6sten aldrig stille omkring b\u00f8rn, og de larmer mere og mere. H\u00f8j st\u00f8j er skadelig, og flere og flere bliver opm\u00e6rksomme p\u00e5 det og vil g\u00f8re noget ved det. Udfordringen er at skabe stillezoner i vuggestuen til gavn for alle, is\u00e6r de f\u00f8lsomme og mere indadvendte b\u00f8rn. De har et ekstra behov for ro og alenetid for at f\u00e5 ny energi. Vi kan anbefale forskellige l\u00f8sninger til at reducere lyden i hele omr\u00e5det og\/eller skabe stillezoner. Det beh\u00f8ver ikke at v\u00e6re kompliceret eller dyrt. Men det g\u00f8r en stor og m\u00e6rkbar forskel.<br><br>L\u00e6s artiklen om dette p\u00e5<a href=\"https:\/\/www.stillebarn.no\/2018\/12\/er-det-rom-for-ladetid\/\"> www.stillebarn.no<\/a><\/p>","protected":false},"excerpt":{"rendered":"<p>B\u00f8rn har ogs\u00e5 brug for fred og ro. Der er n\u00e6sten aldrig stille omkring b\u00f8rn, og de larmer mere og mere. H\u00f8j st\u00f8j er skadelig, og flere og flere bliver opm\u00e6rksomme p\u00e5 det og vil g\u00f8re noget ved det. Udfordringen er at skabe stillezoner i daginstitutionen af hensyn til alle, is\u00e6r de f\u00f8lsomme og...<\/p>","protected":false},"author":1,"featured_media":5688,"comment_status":"closed","ping_status":"closed","sticky":false,"template":"","format":"standard","meta":{"_acf_changed":false,"footnotes":""},"categories":[26],"tags":[],"class_list":["post-5687","post","type-post","status-publish","format-standard","has-post-thumbnail","hentry","category-aktuelt"],"acf":[],"yoast_head":"<!-- This site is optimized with the Yoast SEO plugin v27.4 - https:\/\/yoast.com\/product\/yoast-seo-wordpress\/ -->\n<title>Stille Barn \u2013 gi rom for ladetid - Norsk Akustikksenter<\/title>\n<meta name=\"robots\" content=\"index, follow, max-snippet:-1, max-image-preview:large, max-video-preview:-1\" \/>\n<link rel=\"canonical\" href=\"https:\/\/www.akustikksenter.no\/da\/arkiv\/stille-born-giver-mulighed-for-opladningstid\/\" \/>\n<meta property=\"og:locale\" content=\"da_DK\" \/>\n<meta property=\"og:type\" content=\"article\" \/>\n<meta property=\"og:title\" content=\"Stille Barn \u2013 gi rom for ladetid - Norsk Akustikksenter\" \/>\n<meta property=\"og:description\" content=\"Barn trenger ogs\u00e5 ro og stillhet. Det er nesten aldri stille rundt barna og de blir mer og mer h\u00f8ylytte. H\u00f8y st\u00f8y er skadelig og flere blir oppmerksom p\u00e5 dette og \u00f8nsker \u00e5 gj\u00f8re noe med det. Utfordringen er \u00e5 lage rolige soner i barnehagen av hensyn til alle og spesielt de sensitive og mer&hellip;\" \/>\n<meta property=\"og:url\" content=\"https:\/\/www.akustikksenter.no\/da\/arkiv\/stille-born-giver-mulighed-for-opladningstid\/\" \/>\n<meta property=\"og:site_name\" content=\"Norsk Akustikksenter\" \/>\n<meta property=\"article:publisher\" content=\"https:\/\/www.facebook.com\/Akustikksenter\/\" \/>\n<meta property=\"article:published_time\" content=\"2019-01-22T11:35:03+00:00\" \/>\n<meta property=\"article:modified_time\" content=\"2023-09-13T09:44:53+00:00\" \/>\n<meta property=\"og:image\" content=\"https:\/\/www.akustikksenter.no\/wp-content\/uploads\/2019\/04\/iStock-180810841-1024x768.jpg\" \/>\n\t<meta property=\"og:image:width\" content=\"1024\" \/>\n\t<meta property=\"og:image:height\" content=\"768\" \/>\n\t<meta property=\"og:image:type\" content=\"image\/jpeg\" \/>\n<meta name=\"author\" content=\"administrator\" \/>\n<meta name=\"twitter:label1\" content=\"Skrevet af\" \/>\n\t<meta name=\"twitter:data1\" content=\"administrator\" \/>\n\t<meta name=\"twitter:label2\" content=\"Estimeret l\u00e6setid\" \/>\n\t<meta name=\"twitter:data2\" content=\"1 minut\" \/>\n<script type=\"application\/ld+json\" class=\"yoast-schema-graph\">{\"@context\":\"https:\\\/\\\/schema.org\",\"@graph\":[{\"@type\":\"Article\",\"@id\":\"https:\\\/\\\/www.akustikksenter.no\\\/arkiv\\\/stille-barn-gi-rom-for-ladetid\\\/#article\",\"isPartOf\":{\"@id\":\"https:\\\/\\\/www.akustikksenter.no\\\/arkiv\\\/stille-barn-gi-rom-for-ladetid\\\/\"},\"author\":{\"name\":\"administrator\",\"@id\":\"https:\\\/\\\/www.akustikksenter.no\\\/#\\\/schema\\\/person\\\/8211b23de1062ef1805514ef9bdc3d4b\"},\"headline\":\"Stille Barn \u2013 gi rom for ladetid\",\"datePublished\":\"2019-01-22T11:35:03+00:00\",\"dateModified\":\"2023-09-13T09:44:53+00:00\",\"mainEntityOfPage\":{\"@id\":\"https:\\\/\\\/www.akustikksenter.no\\\/arkiv\\\/stille-barn-gi-rom-for-ladetid\\\/\"},\"wordCount\":120,\"publisher\":{\"@id\":\"https:\\\/\\\/www.akustikksenter.no\\\/#organization\"},\"image\":{\"@id\":\"https:\\\/\\\/www.akustikksenter.no\\\/arkiv\\\/stille-barn-gi-rom-for-ladetid\\\/#primaryimage\"},\"thumbnailUrl\":\"https:\\\/\\\/www.akustikksenter.no\\\/wp-content\\\/uploads\\\/2019\\\/04\\\/iStock-180810841-1024x768.jpg\",\"articleSection\":[\"Aktuelt\"],\"inLanguage\":\"da-DK\"},{\"@type\":\"WebPage\",\"@id\":\"https:\\\/\\\/www.akustikksenter.no\\\/arkiv\\\/stille-barn-gi-rom-for-ladetid\\\/\",\"url\":\"https:\\\/\\\/www.akustikksenter.no\\\/arkiv\\\/stille-barn-gi-rom-for-ladetid\\\/\",\"name\":\"Stille Barn \u2013 gi rom for ladetid - Norsk Akustikksenter\",\"isPartOf\":{\"@id\":\"https:\\\/\\\/www.akustikksenter.no\\\/#website\"},\"primaryImageOfPage\":{\"@id\":\"https:\\\/\\\/www.akustikksenter.no\\\/arkiv\\\/stille-barn-gi-rom-for-ladetid\\\/#primaryimage\"},\"image\":{\"@id\":\"https:\\\/\\\/www.akustikksenter.no\\\/arkiv\\\/stille-barn-gi-rom-for-ladetid\\\/#primaryimage\"},\"thumbnailUrl\":\"https:\\\/\\\/www.akustikksenter.no\\\/wp-content\\\/uploads\\\/2019\\\/04\\\/iStock-180810841-1024x768.jpg\",\"datePublished\":\"2019-01-22T11:35:03+00:00\",\"dateModified\":\"2023-09-13T09:44:53+00:00\",\"breadcrumb\":{\"@id\":\"https:\\\/\\\/www.akustikksenter.no\\\/arkiv\\\/stille-barn-gi-rom-for-ladetid\\\/#breadcrumb\"},\"inLanguage\":\"da-DK\",\"potentialAction\":[{\"@type\":\"ReadAction\",\"target\":[\"https:\\\/\\\/www.akustikksenter.no\\\/arkiv\\\/stille-barn-gi-rom-for-ladetid\\\/\"]}]},{\"@type\":\"ImageObject\",\"inLanguage\":\"da-DK\",\"@id\":\"https:\\\/\\\/www.akustikksenter.no\\\/arkiv\\\/stille-barn-gi-rom-for-ladetid\\\/#primaryimage\",\"url\":\"https:\\\/\\\/www.akustikksenter.no\\\/wp-content\\\/uploads\\\/2019\\\/04\\\/iStock-180810841-1024x768.jpg\",\"contentUrl\":\"https:\\\/\\\/www.akustikksenter.no\\\/wp-content\\\/uploads\\\/2019\\\/04\\\/iStock-180810841-1024x768.jpg\",\"width\":1024,\"height\":768,\"caption\":\"A group of preschool children in a music class.\"},{\"@type\":\"BreadcrumbList\",\"@id\":\"https:\\\/\\\/www.akustikksenter.no\\\/arkiv\\\/stille-barn-gi-rom-for-ladetid\\\/#breadcrumb\",\"itemListElement\":[{\"@type\":\"ListItem\",\"position\":1,\"name\":\"Hjem\",\"item\":\"https:\\\/\\\/www.akustikksenter.no\\\/\"},{\"@type\":\"ListItem\",\"position\":2,\"name\":\"Aktuelt\",\"item\":\"https:\\\/\\\/www.akustikksenter.no\\\/kategori\\\/aktuelt\\\/\"},{\"@type\":\"ListItem\",\"position\":3,\"name\":\"Stille Barn \u2013 gi rom for ladetid\"}]},{\"@type\":\"WebSite\",\"@id\":\"https:\\\/\\\/www.akustikksenter.no\\\/#website\",\"url\":\"https:\\\/\\\/www.akustikksenter.no\\\/\",\"name\":\"Norsk Akustikksenter\",\"description\":\"Totalleverand\u00f8r av akustikkl\u00f8sninger\",\"publisher\":{\"@id\":\"https:\\\/\\\/www.akustikksenter.no\\\/#organization\"},\"potentialAction\":[{\"@type\":\"SearchAction\",\"target\":{\"@type\":\"EntryPoint\",\"urlTemplate\":\"https:\\\/\\\/www.akustikksenter.no\\\/?s={search_term_string}\"},\"query-input\":{\"@type\":\"PropertyValueSpecification\",\"valueRequired\":true,\"valueName\":\"search_term_string\"}}],\"inLanguage\":\"da-DK\"},{\"@type\":\"Organization\",\"@id\":\"https:\\\/\\\/www.akustikksenter.no\\\/#organization\",\"name\":\"Norsk Akustikksenter\",\"alternateName\":\"Akustikksenter\",\"url\":\"https:\\\/\\\/www.akustikksenter.no\\\/\",\"logo\":{\"@type\":\"ImageObject\",\"inLanguage\":\"da-DK\",\"@id\":\"https:\\\/\\\/www.akustikksenter.no\\\/#\\\/schema\\\/logo\\\/image\\\/\",\"url\":\"https:\\\/\\\/www.akustikksenter.no\\\/wp-content\\\/uploads\\\/2018\\\/02\\\/Norsk-Akkustikksenter_nyLogo_payoff-3-e1518606723632.png\",\"contentUrl\":\"https:\\\/\\\/www.akustikksenter.no\\\/wp-content\\\/uploads\\\/2018\\\/02\\\/Norsk-Akkustikksenter_nyLogo_payoff-3-e1518606723632.png\",\"width\":232,\"height\":93,\"caption\":\"Norsk Akustikksenter\"},\"image\":{\"@id\":\"https:\\\/\\\/www.akustikksenter.no\\\/#\\\/schema\\\/logo\\\/image\\\/\"},\"sameAs\":[\"https:\\\/\\\/www.facebook.com\\\/Akustikksenter\\\/\",\"https:\\\/\\\/www.pinterest.com\\\/akustikksenter\\\/\",\"https:\\\/\\\/www.instagram.com\\\/akustikksenter_norway\\\/\",\"https:\\\/\\\/no.linkedin.com\\\/company\\\/norsk-akustikksenter-as\"]},{\"@type\":\"Person\",\"@id\":\"https:\\\/\\\/www.akustikksenter.no\\\/#\\\/schema\\\/person\\\/8211b23de1062ef1805514ef9bdc3d4b\",\"name\":\"administrator\"}]}<\/script>\n<!-- \/ Yoast SEO plugin. -->","yoast_head_json":{"title":"Stille b\u00f8rn - g\u00f8r plads til ladetid - Norsk Akustikcenter","robots":{"index":"index","follow":"follow","max-snippet":"max-snippet:-1","max-image-preview":"max-image-preview:large","max-video-preview":"max-video-preview:-1"},"canonical":"https:\/\/www.akustikksenter.no\/da\/arkiv\/stille-born-giver-mulighed-for-opladningstid\/","og_locale":"da_DK","og_type":"article","og_title":"Stille Barn \u2013 gi rom for ladetid - Norsk Akustikksenter","og_description":"Barn trenger ogs\u00e5 ro og stillhet. Det er nesten aldri stille rundt barna og de blir mer og mer h\u00f8ylytte. H\u00f8y st\u00f8y er skadelig og flere blir oppmerksom p\u00e5 dette og \u00f8nsker \u00e5 gj\u00f8re noe med det. Utfordringen er \u00e5 lage rolige soner i barnehagen av hensyn til alle og spesielt de sensitive og mer&hellip;","og_url":"https:\/\/www.akustikksenter.no\/da\/arkiv\/stille-born-giver-mulighed-for-opladningstid\/","og_site_name":"Norsk Akustikksenter","article_publisher":"https:\/\/www.facebook.com\/Akustikksenter\/","article_published_time":"2019-01-22T11:35:03+00:00","article_modified_time":"2023-09-13T09:44:53+00:00","og_image":[{"width":1024,"height":768,"url":"https:\/\/www.akustikksenter.no\/wp-content\/uploads\/2019\/04\/iStock-180810841-1024x768.jpg","type":"image\/jpeg"}],"author":"administrator","twitter_misc":{"Skrevet af":"administrator","Estimeret l\u00e6setid":"1 minut"},"schema":{"@context":"https:\/\/schema.org","@graph":[{"@type":"Article","@id":"https:\/\/www.akustikksenter.no\/arkiv\/stille-barn-gi-rom-for-ladetid\/#article","isPartOf":{"@id":"https:\/\/www.akustikksenter.no\/arkiv\/stille-barn-gi-rom-for-ladetid\/"},"author":{"name":"administrator","@id":"https:\/\/www.akustikksenter.no\/#\/schema\/person\/8211b23de1062ef1805514ef9bdc3d4b"},"headline":"Stille Barn \u2013 gi rom for ladetid","datePublished":"2019-01-22T11:35:03+00:00","dateModified":"2023-09-13T09:44:53+00:00","mainEntityOfPage":{"@id":"https:\/\/www.akustikksenter.no\/arkiv\/stille-barn-gi-rom-for-ladetid\/"},"wordCount":120,"publisher":{"@id":"https:\/\/www.akustikksenter.no\/#organization"},"image":{"@id":"https:\/\/www.akustikksenter.no\/arkiv\/stille-barn-gi-rom-for-ladetid\/#primaryimage"},"thumbnailUrl":"https:\/\/www.akustikksenter.no\/wp-content\/uploads\/2019\/04\/iStock-180810841-1024x768.jpg","articleSection":["Aktuelt"],"inLanguage":"da-DK"},{"@type":"WebPage","@id":"https:\/\/www.akustikksenter.no\/arkiv\/stille-barn-gi-rom-for-ladetid\/","url":"https:\/\/www.akustikksenter.no\/arkiv\/stille-barn-gi-rom-for-ladetid\/","name":"Stille b\u00f8rn - g\u00f8r plads til ladetid - Norsk Akustikcenter","isPartOf":{"@id":"https:\/\/www.akustikksenter.no\/#website"},"primaryImageOfPage":{"@id":"https:\/\/www.akustikksenter.no\/arkiv\/stille-barn-gi-rom-for-ladetid\/#primaryimage"},"image":{"@id":"https:\/\/www.akustikksenter.no\/arkiv\/stille-barn-gi-rom-for-ladetid\/#primaryimage"},"thumbnailUrl":"https:\/\/www.akustikksenter.no\/wp-content\/uploads\/2019\/04\/iStock-180810841-1024x768.jpg","datePublished":"2019-01-22T11:35:03+00:00","dateModified":"2023-09-13T09:44:53+00:00","breadcrumb":{"@id":"https:\/\/www.akustikksenter.no\/arkiv\/stille-barn-gi-rom-for-ladetid\/#breadcrumb"},"inLanguage":"da-DK","potentialAction":[{"@type":"ReadAction","target":["https:\/\/www.akustikksenter.no\/arkiv\/stille-barn-gi-rom-for-ladetid\/"]}]},{"@type":"ImageObject","inLanguage":"da-DK","@id":"https:\/\/www.akustikksenter.no\/arkiv\/stille-barn-gi-rom-for-ladetid\/#primaryimage","url":"https:\/\/www.akustikksenter.no\/wp-content\/uploads\/2019\/04\/iStock-180810841-1024x768.jpg","contentUrl":"https:\/\/www.akustikksenter.no\/wp-content\/uploads\/2019\/04\/iStock-180810841-1024x768.jpg","width":1024,"height":768,"caption":"A group of preschool children in a music class."},{"@type":"BreadcrumbList","@id":"https:\/\/www.akustikksenter.no\/arkiv\/stille-barn-gi-rom-for-ladetid\/#breadcrumb","itemListElement":[{"@type":"ListItem","position":1,"name":"Hjem","item":"https:\/\/www.akustikksenter.no\/"},{"@type":"ListItem","position":2,"name":"Aktuelt","item":"https:\/\/www.akustikksenter.no\/kategori\/aktuelt\/"},{"@type":"ListItem","position":3,"name":"Stille Barn \u2013 gi rom for ladetid"}]},{"@type":"WebSite","@id":"https:\/\/www.akustikksenter.no\/#website","url":"https:\/\/www.akustikksenter.no\/","name":"Norsk Akustik Center","description":"Totalleverand\u00f8r af akustiske l\u00f8sninger","publisher":{"@id":"https:\/\/www.akustikksenter.no\/#organization"},"potentialAction":[{"@type":"SearchAction","target":{"@type":"EntryPoint","urlTemplate":"https:\/\/www.akustikksenter.no\/?s={search_term_string}"},"query-input":{"@type":"PropertyValueSpecification","valueRequired":true,"valueName":"search_term_string"}}],"inLanguage":"da-DK"},{"@type":"Organization","@id":"https:\/\/www.akustikksenter.no\/#organization","name":"Norsk Akustik Center","alternateName":"Akustikksenter","url":"https:\/\/www.akustikksenter.no\/","logo":{"@type":"ImageObject","inLanguage":"da-DK","@id":"https:\/\/www.akustikksenter.no\/#\/schema\/logo\/image\/","url":"https:\/\/www.akustikksenter.no\/wp-content\/uploads\/2018\/02\/Norsk-Akkustikksenter_nyLogo_payoff-3-e1518606723632.png","contentUrl":"https:\/\/www.akustikksenter.no\/wp-content\/uploads\/2018\/02\/Norsk-Akkustikksenter_nyLogo_payoff-3-e1518606723632.png","width":232,"height":93,"caption":"Norsk Akustikksenter"},"image":{"@id":"https:\/\/www.akustikksenter.no\/#\/schema\/logo\/image\/"},"sameAs":["https:\/\/www.facebook.com\/Akustikksenter\/","https:\/\/www.pinterest.com\/akustikksenter\/","https:\/\/www.instagram.com\/akustikksenter_norway\/","https:\/\/no.linkedin.com\/company\/norsk-akustikksenter-as"]},{"@type":"Person","@id":"https:\/\/www.akustikksenter.no\/#\/schema\/person\/8211b23de1062ef1805514ef9bdc3d4b","name":"Administrator"}]}},"_links":{"self":[{"href":"https:\/\/www.akustikksenter.no\/da\/wp-json\/wp\/v2\/posts\/5687","targetHints":{"allow":["GET"]}}],"collection":[{"href":"https:\/\/www.akustikksenter.no\/da\/wp-json\/wp\/v2\/posts"}],"about":[{"href":"https:\/\/www.akustikksenter.no\/da\/wp-json\/wp\/v2\/types\/post"}],"author":[{"embeddable":true,"href":"https:\/\/www.akustikksenter.no\/da\/wp-json\/wp\/v2\/users\/1"}],"replies":[{"embeddable":true,"href":"https:\/\/www.akustikksenter.no\/da\/wp-json\/wp\/v2\/comments?post=5687"}],"version-history":[{"count":0,"href":"https:\/\/www.akustikksenter.no\/da\/wp-json\/wp\/v2\/posts\/5687\/revisions"}],"wp:featuredmedia":[{"embeddable":true,"href":"https:\/\/www.akustikksenter.no\/da\/wp-json\/wp\/v2\/media\/5688"}],"wp:attachment":[{"href":"https:\/\/www.akustikksenter.no\/da\/wp-json\/wp\/v2\/media?parent=5687"}],"wp:term":[{"taxonomy":"category","embeddable":true,"href":"https:\/\/www.akustikksenter.no\/da\/wp-json\/wp\/v2\/categories?post=5687"},{"taxonomy":"post_tag","embeddable":true,"href":"https:\/\/www.akustikksenter.no\/da\/wp-json\/wp\/v2\/tags?post=5687"}],"curies":[{"name":"wp","href":"https:\/\/api.w.org\/{rel}","templated":true}]}}