{"id":6555,"date":"2020-01-02T09:11:00","date_gmt":"2020-01-02T08:11:00","guid":{"rendered":"https:\/\/www-akustikksenter.wp3.hcweb.dev\/?p=5315"},"modified":"2020-01-02T09:56:04","modified_gmt":"2020-01-02T08:56:04","slug":"effektiv-lydstyring-af-konference-og-modelokaler","status":"publish","type":"post","link":"https:\/\/www.akustikksenter.no\/da\/arkiv\/effektiv-lydregulering-av-konferanse-og-moterom\/","title":{"rendered":"Effektiv lydstyring til konference- og m\u00f8delokaler"},"content":{"rendered":"<p class=\"has-text-color has-background has-medium-font-size has-very-dark-gray-color has-very-light-gray-background-color\"><em>\"Jeg vil gerne \u00f8nske dig et godt nyt\u00e5r og endnu en gang takke for det gode samarbejde og det flotte resultat; b\u00e5de hvad ang\u00e5r mosaikv\u00e6ggenes udseende og effekten af de produkter, du anbefalede, og som jeg k\u00f8bte - en helt ny verden i m\u00f8delokalebrug. Alle praler med, hvor godt det er blevet, og nu bliver alle m\u00f8delokaler brugt flittigt - ikke som f\u00f8r, hvor is\u00e6r \"Fjord\" n\u00e6sten blev undg\u00e5et p\u00e5 grund af d\u00e5rlige lydforhold. <\/em><br><em><br>En stjerne i min bog for at v\u00e6lge den rigtige leverand\u00f8r.\"<\/em><br><br><em>? David<\/em><\/p>\n\n\n\n<p><strong>F\u00f8r:<\/strong> Lokalet best\u00e5r af en masse h\u00e5rde overflader, gips og glas og et par perforerede gipsplader i loftet (som ikke lever op til g\u00e6ldende lydisoleringskrav).  T\u00e6ppefliser p\u00e5 gulvet og ellers almindelige m\u00f8delokalem\u00f8bler, monitor og lydsystem til konferencer og pr\u00e6sentationer.<\/p>\n\n\n\n<p><strong>Efter:<\/strong> Der blev foretaget akustiske lydm\u00e5linger og inspektioner af rummene, og den n\u00f8dvendige absorptionsm\u00e6ngde, absorbenttype og placering blev beregnet. Design og udseende er ogs\u00e5 vigtigt, og der blev udarbejdet et forslag til en mosaik med kun hvide tekstilabsorbenter af meget h\u00f8j kvalitet og finish. Absorberne er 40 og 25 mm tykke og i forskellige st\u00f8rrelser. Det blev sat sammen som en slags mosaik og med det rigtige antal kvadratmeter i hvert rum. Resultatet blev rigtig godt, b\u00e5de hvad ang\u00e5r lyd og \u00e6stetik. Lydkontrol med vores egne absorbenter&nbsp;<a href=\"https:\/\/www.akustikksenter.no\/da\/butik\/lydabsorberende-produkter\/overflade-af-vaegtekstil\/frigg40mm-tekstil\/\">Frigg<sup>TM<\/sup>40<\/a>&nbsp;og&nbsp;<a href=\"https:\/\/www.akustikksenter.no\/da\/butik\/lydabsorberende-produkter\/overflade-af-vaegtekstil\/vaegabsorberende-tekstil\/\">25 mm<\/a>&nbsp;med tekstiloverflade.<\/p>\n\n\n<p>Kunde:<br \/><img decoding=\"async\" class=\"alignnone size-full wp-image-6559\" src=\"https:\/\/www.akustikksenter.no\/wp-content\/uploads\/2020\/01\/papirfly-logo.png\" alt=\"\" width=\"139\" height=\"47\" \/><br \/><strong>David Skj\u00e6rpe - Drift<br \/><\/strong><a href=\"http:\/\/www.papirfly.no\/\" target=\"_blank\" rel=\"noopener noreferrer\">www.papirfly.no<\/a><\/p>\n\n\n<figure class=\"wp-block-image size-large\"><img decoding=\"async\" width=\"1024\" height=\"673\" src=\"https:\/\/www.akustikksenter.no\/wp-content\/uploads\/2020\/01\/papirfly-2-1024x673.jpg\" alt=\"\" class=\"wp-image-6557\"\/><\/figure>","protected":false},"excerpt":{"rendered":"<p>\"Jeg vil gerne \u00f8nske dig et godt nyt\u00e5r og endnu en gang takke dig for det gode samarbejde og de fremragende resultater; b\u00e5de med hensyn til, hvordan mosaikv\u00e6ggene s\u00e5 ud, og effekten af de produkter, du anbefalede, og som jeg k\u00f8bte - en helt ny verden inden for brug af m\u00f8delokaler. Alle praler af, hvor godt det er blevet, og nu bliver alle m\u00f8delokaler brugt flittigt ...<\/p>","protected":false},"author":1,"featured_media":6556,"comment_status":"closed","ping_status":"closed","sticky":false,"template":"","format":"standard","meta":{"_acf_changed":false,"footnotes":""},"categories":[26,28],"tags":[],"class_list":["post-6555","post","type-post","status-publish","format-standard","has-post-thumbnail","hentry","category-aktuelt","category-referanser"],"acf":[],"yoast_head":"<!-- This site is optimized with the Yoast SEO plugin v27.4 - https:\/\/yoast.com\/product\/yoast-seo-wordpress\/ -->\n<title>Effektiv lydregulering av konferanse og m\u00f8terom - Norsk Akustikksenter<\/title>\n<meta name=\"robots\" content=\"index, follow, max-snippet:-1, max-image-preview:large, max-video-preview:-1\" \/>\n<link rel=\"canonical\" href=\"https:\/\/www.akustikksenter.no\/da\/arkiv\/effektiv-lydstyring-af-konference-og-modelokaler\/\" \/>\n<meta property=\"og:locale\" content=\"da_DK\" \/>\n<meta property=\"og:type\" content=\"article\" \/>\n<meta property=\"og:title\" content=\"Effektiv lydregulering av konferanse og m\u00f8terom - Norsk Akustikksenter\" \/>\n<meta property=\"og:description\" content=\"\u00ab\u00d8nsker dere et godt nytt \u00e5r, og takker igjen for godt samarbeide, og et ypperlig resultat; b\u00e5de med hvordan mosaikk veggene ble seende ut og effekten av produktene dere anbefalte og jeg kj\u00f8pte &#8211; en helt ny verden i m\u00f8teroms bruken. Alle skryter over hvor bra det er blitt, og n\u00e5 brukes alle m\u00f8terom flittig&hellip;\" \/>\n<meta property=\"og:url\" content=\"https:\/\/www.akustikksenter.no\/da\/arkiv\/effektiv-lydstyring-af-konference-og-modelokaler\/\" \/>\n<meta property=\"og:site_name\" content=\"Norsk Akustikksenter\" \/>\n<meta property=\"article:publisher\" content=\"https:\/\/www.facebook.com\/Akustikksenter\/\" \/>\n<meta property=\"article:published_time\" content=\"2020-01-02T08:11:00+00:00\" \/>\n<meta property=\"article:modified_time\" content=\"2020-01-02T08:56:04+00:00\" \/>\n<meta property=\"og:image\" content=\"https:\/\/www.akustikksenter.no\/wp-content\/uploads\/2020\/01\/papirfly-1-scaled.jpg\" \/>\n\t<meta property=\"og:image:width\" content=\"2560\" \/>\n\t<meta property=\"og:image:height\" content=\"1681\" \/>\n\t<meta property=\"og:image:type\" content=\"image\/jpeg\" \/>\n<meta name=\"author\" content=\"administrator\" \/>\n<meta name=\"twitter:label1\" content=\"Skrevet af\" \/>\n\t<meta name=\"twitter:data1\" content=\"administrator\" \/>\n\t<meta name=\"twitter:label2\" content=\"Estimeret l\u00e6setid\" \/>\n\t<meta name=\"twitter:data2\" content=\"1 minut\" \/>\n<script type=\"application\/ld+json\" class=\"yoast-schema-graph\">{\"@context\":\"https:\\\/\\\/schema.org\",\"@graph\":[{\"@type\":\"Article\",\"@id\":\"https:\\\/\\\/www.akustikksenter.no\\\/arkiv\\\/effektiv-lydregulering-av-konferanse-og-moterom\\\/#article\",\"isPartOf\":{\"@id\":\"https:\\\/\\\/www.akustikksenter.no\\\/arkiv\\\/effektiv-lydregulering-av-konferanse-og-moterom\\\/\"},\"author\":{\"name\":\"administrator\",\"@id\":\"https:\\\/\\\/www.akustikksenter.no\\\/#\\\/schema\\\/person\\\/8211b23de1062ef1805514ef9bdc3d4b\"},\"headline\":\"Effektiv lydregulering av konferanse og m\u00f8terom\",\"datePublished\":\"2020-01-02T08:11:00+00:00\",\"dateModified\":\"2020-01-02T08:56:04+00:00\",\"mainEntityOfPage\":{\"@id\":\"https:\\\/\\\/www.akustikksenter.no\\\/arkiv\\\/effektiv-lydregulering-av-konferanse-og-moterom\\\/\"},\"wordCount\":249,\"publisher\":{\"@id\":\"https:\\\/\\\/www.akustikksenter.no\\\/#organization\"},\"image\":{\"@id\":\"https:\\\/\\\/www.akustikksenter.no\\\/arkiv\\\/effektiv-lydregulering-av-konferanse-og-moterom\\\/#primaryimage\"},\"thumbnailUrl\":\"https:\\\/\\\/www.akustikksenter.no\\\/wp-content\\\/uploads\\\/2020\\\/01\\\/papirfly-1-scaled.jpg\",\"articleSection\":[\"Aktuelt\",\"Referanser\"],\"inLanguage\":\"da-DK\"},{\"@type\":\"WebPage\",\"@id\":\"https:\\\/\\\/www.akustikksenter.no\\\/arkiv\\\/effektiv-lydregulering-av-konferanse-og-moterom\\\/\",\"url\":\"https:\\\/\\\/www.akustikksenter.no\\\/arkiv\\\/effektiv-lydregulering-av-konferanse-og-moterom\\\/\",\"name\":\"Effektiv lydregulering av konferanse og m\u00f8terom - Norsk Akustikksenter\",\"isPartOf\":{\"@id\":\"https:\\\/\\\/www.akustikksenter.no\\\/#website\"},\"primaryImageOfPage\":{\"@id\":\"https:\\\/\\\/www.akustikksenter.no\\\/arkiv\\\/effektiv-lydregulering-av-konferanse-og-moterom\\\/#primaryimage\"},\"image\":{\"@id\":\"https:\\\/\\\/www.akustikksenter.no\\\/arkiv\\\/effektiv-lydregulering-av-konferanse-og-moterom\\\/#primaryimage\"},\"thumbnailUrl\":\"https:\\\/\\\/www.akustikksenter.no\\\/wp-content\\\/uploads\\\/2020\\\/01\\\/papirfly-1-scaled.jpg\",\"datePublished\":\"2020-01-02T08:11:00+00:00\",\"dateModified\":\"2020-01-02T08:56:04+00:00\",\"breadcrumb\":{\"@id\":\"https:\\\/\\\/www.akustikksenter.no\\\/arkiv\\\/effektiv-lydregulering-av-konferanse-og-moterom\\\/#breadcrumb\"},\"inLanguage\":\"da-DK\",\"potentialAction\":[{\"@type\":\"ReadAction\",\"target\":[\"https:\\\/\\\/www.akustikksenter.no\\\/arkiv\\\/effektiv-lydregulering-av-konferanse-og-moterom\\\/\"]}]},{\"@type\":\"ImageObject\",\"inLanguage\":\"da-DK\",\"@id\":\"https:\\\/\\\/www.akustikksenter.no\\\/arkiv\\\/effektiv-lydregulering-av-konferanse-og-moterom\\\/#primaryimage\",\"url\":\"https:\\\/\\\/www.akustikksenter.no\\\/wp-content\\\/uploads\\\/2020\\\/01\\\/papirfly-1-scaled.jpg\",\"contentUrl\":\"https:\\\/\\\/www.akustikksenter.no\\\/wp-content\\\/uploads\\\/2020\\\/01\\\/papirfly-1-scaled.jpg\",\"width\":2560,\"height\":1681},{\"@type\":\"BreadcrumbList\",\"@id\":\"https:\\\/\\\/www.akustikksenter.no\\\/arkiv\\\/effektiv-lydregulering-av-konferanse-og-moterom\\\/#breadcrumb\",\"itemListElement\":[{\"@type\":\"ListItem\",\"position\":1,\"name\":\"Hjem\",\"item\":\"https:\\\/\\\/www.akustikksenter.no\\\/\"},{\"@type\":\"ListItem\",\"position\":2,\"name\":\"Aktuelt\",\"item\":\"https:\\\/\\\/www.akustikksenter.no\\\/kategori\\\/aktuelt\\\/\"},{\"@type\":\"ListItem\",\"position\":3,\"name\":\"Effektiv lydregulering av konferanse og m\u00f8terom\"}]},{\"@type\":\"WebSite\",\"@id\":\"https:\\\/\\\/www.akustikksenter.no\\\/#website\",\"url\":\"https:\\\/\\\/www.akustikksenter.no\\\/\",\"name\":\"Norsk Akustikksenter\",\"description\":\"Totalleverand\u00f8r av akustikkl\u00f8sninger\",\"publisher\":{\"@id\":\"https:\\\/\\\/www.akustikksenter.no\\\/#organization\"},\"potentialAction\":[{\"@type\":\"SearchAction\",\"target\":{\"@type\":\"EntryPoint\",\"urlTemplate\":\"https:\\\/\\\/www.akustikksenter.no\\\/?s={search_term_string}\"},\"query-input\":{\"@type\":\"PropertyValueSpecification\",\"valueRequired\":true,\"valueName\":\"search_term_string\"}}],\"inLanguage\":\"da-DK\"},{\"@type\":\"Organization\",\"@id\":\"https:\\\/\\\/www.akustikksenter.no\\\/#organization\",\"name\":\"Norsk Akustikksenter\",\"alternateName\":\"Akustikksenter\",\"url\":\"https:\\\/\\\/www.akustikksenter.no\\\/\",\"logo\":{\"@type\":\"ImageObject\",\"inLanguage\":\"da-DK\",\"@id\":\"https:\\\/\\\/www.akustikksenter.no\\\/#\\\/schema\\\/logo\\\/image\\\/\",\"url\":\"https:\\\/\\\/www.akustikksenter.no\\\/wp-content\\\/uploads\\\/2018\\\/02\\\/Norsk-Akkustikksenter_nyLogo_payoff-3-e1518606723632.png\",\"contentUrl\":\"https:\\\/\\\/www.akustikksenter.no\\\/wp-content\\\/uploads\\\/2018\\\/02\\\/Norsk-Akkustikksenter_nyLogo_payoff-3-e1518606723632.png\",\"width\":232,\"height\":93,\"caption\":\"Norsk Akustikksenter\"},\"image\":{\"@id\":\"https:\\\/\\\/www.akustikksenter.no\\\/#\\\/schema\\\/logo\\\/image\\\/\"},\"sameAs\":[\"https:\\\/\\\/www.facebook.com\\\/Akustikksenter\\\/\",\"https:\\\/\\\/www.pinterest.com\\\/akustikksenter\\\/\",\"https:\\\/\\\/www.instagram.com\\\/akustikksenter_norway\\\/\",\"https:\\\/\\\/no.linkedin.com\\\/company\\\/norsk-akustikksenter-as\"]},{\"@type\":\"Person\",\"@id\":\"https:\\\/\\\/www.akustikksenter.no\\\/#\\\/schema\\\/person\\\/8211b23de1062ef1805514ef9bdc3d4b\",\"name\":\"administrator\"}]}<\/script>\n<!-- \/ Yoast SEO plugin. -->","yoast_head_json":{"title":"Effektiv lydstyring af konference- og m\u00f8delokaler - Norsk Akustikksenter","robots":{"index":"index","follow":"follow","max-snippet":"max-snippet:-1","max-image-preview":"max-image-preview:large","max-video-preview":"max-video-preview:-1"},"canonical":"https:\/\/www.akustikksenter.no\/da\/arkiv\/effektiv-lydstyring-af-konference-og-modelokaler\/","og_locale":"da_DK","og_type":"article","og_title":"Effektiv lydregulering av konferanse og m\u00f8terom - Norsk Akustikksenter","og_description":"\u00ab\u00d8nsker dere et godt nytt \u00e5r, og takker igjen for godt samarbeide, og et ypperlig resultat; b\u00e5de med hvordan mosaikk veggene ble seende ut og effekten av produktene dere anbefalte og jeg kj\u00f8pte &#8211; en helt ny verden i m\u00f8teroms bruken. Alle skryter over hvor bra det er blitt, og n\u00e5 brukes alle m\u00f8terom flittig&hellip;","og_url":"https:\/\/www.akustikksenter.no\/da\/arkiv\/effektiv-lydstyring-af-konference-og-modelokaler\/","og_site_name":"Norsk Akustikksenter","article_publisher":"https:\/\/www.facebook.com\/Akustikksenter\/","article_published_time":"2020-01-02T08:11:00+00:00","article_modified_time":"2020-01-02T08:56:04+00:00","og_image":[{"width":2560,"height":1681,"url":"https:\/\/www.akustikksenter.no\/wp-content\/uploads\/2020\/01\/papirfly-1-scaled.jpg","type":"image\/jpeg"}],"author":"administrator","twitter_misc":{"Skrevet af":"administrator","Estimeret l\u00e6setid":"1 minut"},"schema":{"@context":"https:\/\/schema.org","@graph":[{"@type":"Article","@id":"https:\/\/www.akustikksenter.no\/arkiv\/effektiv-lydregulering-av-konferanse-og-moterom\/#article","isPartOf":{"@id":"https:\/\/www.akustikksenter.no\/arkiv\/effektiv-lydregulering-av-konferanse-og-moterom\/"},"author":{"name":"administrator","@id":"https:\/\/www.akustikksenter.no\/#\/schema\/person\/8211b23de1062ef1805514ef9bdc3d4b"},"headline":"Effektiv lydregulering av konferanse og m\u00f8terom","datePublished":"2020-01-02T08:11:00+00:00","dateModified":"2020-01-02T08:56:04+00:00","mainEntityOfPage":{"@id":"https:\/\/www.akustikksenter.no\/arkiv\/effektiv-lydregulering-av-konferanse-og-moterom\/"},"wordCount":249,"publisher":{"@id":"https:\/\/www.akustikksenter.no\/#organization"},"image":{"@id":"https:\/\/www.akustikksenter.no\/arkiv\/effektiv-lydregulering-av-konferanse-og-moterom\/#primaryimage"},"thumbnailUrl":"https:\/\/www.akustikksenter.no\/wp-content\/uploads\/2020\/01\/papirfly-1-scaled.jpg","articleSection":["Aktuelt","Referanser"],"inLanguage":"da-DK"},{"@type":"WebPage","@id":"https:\/\/www.akustikksenter.no\/arkiv\/effektiv-lydregulering-av-konferanse-og-moterom\/","url":"https:\/\/www.akustikksenter.no\/arkiv\/effektiv-lydregulering-av-konferanse-og-moterom\/","name":"Effektiv lydstyring af konference- og m\u00f8delokaler - Norsk Akustikksenter","isPartOf":{"@id":"https:\/\/www.akustikksenter.no\/#website"},"primaryImageOfPage":{"@id":"https:\/\/www.akustikksenter.no\/arkiv\/effektiv-lydregulering-av-konferanse-og-moterom\/#primaryimage"},"image":{"@id":"https:\/\/www.akustikksenter.no\/arkiv\/effektiv-lydregulering-av-konferanse-og-moterom\/#primaryimage"},"thumbnailUrl":"https:\/\/www.akustikksenter.no\/wp-content\/uploads\/2020\/01\/papirfly-1-scaled.jpg","datePublished":"2020-01-02T08:11:00+00:00","dateModified":"2020-01-02T08:56:04+00:00","breadcrumb":{"@id":"https:\/\/www.akustikksenter.no\/arkiv\/effektiv-lydregulering-av-konferanse-og-moterom\/#breadcrumb"},"inLanguage":"da-DK","potentialAction":[{"@type":"ReadAction","target":["https:\/\/www.akustikksenter.no\/arkiv\/effektiv-lydregulering-av-konferanse-og-moterom\/"]}]},{"@type":"ImageObject","inLanguage":"da-DK","@id":"https:\/\/www.akustikksenter.no\/arkiv\/effektiv-lydregulering-av-konferanse-og-moterom\/#primaryimage","url":"https:\/\/www.akustikksenter.no\/wp-content\/uploads\/2020\/01\/papirfly-1-scaled.jpg","contentUrl":"https:\/\/www.akustikksenter.no\/wp-content\/uploads\/2020\/01\/papirfly-1-scaled.jpg","width":2560,"height":1681},{"@type":"BreadcrumbList","@id":"https:\/\/www.akustikksenter.no\/arkiv\/effektiv-lydregulering-av-konferanse-og-moterom\/#breadcrumb","itemListElement":[{"@type":"ListItem","position":1,"name":"Hjem","item":"https:\/\/www.akustikksenter.no\/"},{"@type":"ListItem","position":2,"name":"Aktuelt","item":"https:\/\/www.akustikksenter.no\/kategori\/aktuelt\/"},{"@type":"ListItem","position":3,"name":"Effektiv lydregulering av konferanse og m\u00f8terom"}]},{"@type":"WebSite","@id":"https:\/\/www.akustikksenter.no\/#website","url":"https:\/\/www.akustikksenter.no\/","name":"Norsk Akustik Center","description":"Totalleverand\u00f8r af akustiske l\u00f8sninger","publisher":{"@id":"https:\/\/www.akustikksenter.no\/#organization"},"potentialAction":[{"@type":"SearchAction","target":{"@type":"EntryPoint","urlTemplate":"https:\/\/www.akustikksenter.no\/?s={search_term_string}"},"query-input":{"@type":"PropertyValueSpecification","valueRequired":true,"valueName":"search_term_string"}}],"inLanguage":"da-DK"},{"@type":"Organization","@id":"https:\/\/www.akustikksenter.no\/#organization","name":"Norsk Akustik Center","alternateName":"Akustikksenter","url":"https:\/\/www.akustikksenter.no\/","logo":{"@type":"ImageObject","inLanguage":"da-DK","@id":"https:\/\/www.akustikksenter.no\/#\/schema\/logo\/image\/","url":"https:\/\/www.akustikksenter.no\/wp-content\/uploads\/2018\/02\/Norsk-Akkustikksenter_nyLogo_payoff-3-e1518606723632.png","contentUrl":"https:\/\/www.akustikksenter.no\/wp-content\/uploads\/2018\/02\/Norsk-Akkustikksenter_nyLogo_payoff-3-e1518606723632.png","width":232,"height":93,"caption":"Norsk Akustikksenter"},"image":{"@id":"https:\/\/www.akustikksenter.no\/#\/schema\/logo\/image\/"},"sameAs":["https:\/\/www.facebook.com\/Akustikksenter\/","https:\/\/www.pinterest.com\/akustikksenter\/","https:\/\/www.instagram.com\/akustikksenter_norway\/","https:\/\/no.linkedin.com\/company\/norsk-akustikksenter-as"]},{"@type":"Person","@id":"https:\/\/www.akustikksenter.no\/#\/schema\/person\/8211b23de1062ef1805514ef9bdc3d4b","name":"Administrator"}]}},"_links":{"self":[{"href":"https:\/\/www.akustikksenter.no\/da\/wp-json\/wp\/v2\/posts\/6555","targetHints":{"allow":["GET"]}}],"collection":[{"href":"https:\/\/www.akustikksenter.no\/da\/wp-json\/wp\/v2\/posts"}],"about":[{"href":"https:\/\/www.akustikksenter.no\/da\/wp-json\/wp\/v2\/types\/post"}],"author":[{"embeddable":true,"href":"https:\/\/www.akustikksenter.no\/da\/wp-json\/wp\/v2\/users\/1"}],"replies":[{"embeddable":true,"href":"https:\/\/www.akustikksenter.no\/da\/wp-json\/wp\/v2\/comments?post=6555"}],"version-history":[{"count":0,"href":"https:\/\/www.akustikksenter.no\/da\/wp-json\/wp\/v2\/posts\/6555\/revisions"}],"wp:featuredmedia":[{"embeddable":true,"href":"https:\/\/www.akustikksenter.no\/da\/wp-json\/wp\/v2\/media\/6556"}],"wp:attachment":[{"href":"https:\/\/www.akustikksenter.no\/da\/wp-json\/wp\/v2\/media?parent=6555"}],"wp:term":[{"taxonomy":"category","embeddable":true,"href":"https:\/\/www.akustikksenter.no\/da\/wp-json\/wp\/v2\/categories?post=6555"},{"taxonomy":"post_tag","embeddable":true,"href":"https:\/\/www.akustikksenter.no\/da\/wp-json\/wp\/v2\/tags?post=6555"}],"curies":[{"name":"wp","href":"https:\/\/api.w.org\/{rel}","templated":true}]}}