{"id":7068,"date":"2020-02-20T09:00:30","date_gmt":"2020-02-20T08:00:30","guid":{"rendered":"https:\/\/www-akustikksenter.wp3.hcweb.dev\/?p=7068"},"modified":"2022-08-17T14:12:47","modified_gmt":"2022-08-17T12:12:47","slug":"eksempel-pa-et-samlet-projekt-for-karmoy-indkobscentret","status":"publish","type":"post","link":"https:\/\/www.akustikksenter.no\/da\/arkiv\/eksempel-pa-totalprosjekt-storhall-karmoy\/","title":{"rendered":"Eksempel p\u00e5 et n\u00f8glef\u00e6rdigt projekt: Karm\u00f8y indk\u00f8bscenter"},"content":{"rendered":"<h3 class=\"wp-block-heading\"><strong>1500 M<sup>2&nbsp;&nbsp;<\/sup>med effektiv lydd\u00e6mpning<\/strong><\/h3>\n\n\n\n<div style=\"height:20px\" aria-hidden=\"true\" class=\"wp-block-spacer\"><\/div>\n\n\n\n<p><strong>Vi leverede og var involveret i hele processen;<\/strong> Akustisk lydm\u00e5ling, beregning i henhold til g\u00e6ldende standarder og regler. Anbefalet l\u00f8sning og egenproducerede absorbenter af h\u00f8jeste kvalitet og installation. Akustisk lydm\u00e5ling blev udf\u00f8rt under og selvf\u00f8lgelig efter installation og inspektion. <br><br>Vi er glade for at have leveret et projekt, der opfylder de g\u00e6ldende lydregler og er en forn\u00f8jelse at opholde sig i.<\/p>\n\n\n\n<div class=\"wp-block-group\"><div class=\"wp-block-group__inner-container is-layout-flow wp-block-group-is-layout-flow\">\n<div style=\"height:20px\" aria-hidden=\"true\" class=\"wp-block-spacer\"><\/div>\n\n\n\n<div class=\"wp-block-jetpack-slideshow aligncenter storhall\" data-effect=\"slide\"><div class=\"wp-block-jetpack-slideshow_container swiper-container\"><ul class=\"wp-block-jetpack-slideshow_swiper-wrapper swiper-wrapper\"><li class=\"wp-block-jetpack-slideshow_slide swiper-slide\"><figure><img decoding=\"async\" width=\"1024\" height=\"764\" alt=\"\" class=\"wp-block-jetpack-slideshow_image wp-image-7115\" data-id=\"7115\" src=\"https:\/\/www.akustikksenter.no\/wp-content\/uploads\/2020\/02\/Bilde3-1024x764.jpg\" srcset=\"https:\/\/www.akustikksenter.no\/wp-content\/uploads\/2020\/02\/Bilde3-1024x764.jpg 1024w, https:\/\/www.akustikksenter.no\/wp-content\/uploads\/2020\/02\/Bilde3-800x596.jpg 800w, https:\/\/www.akustikksenter.no\/wp-content\/uploads\/2020\/02\/Bilde3-400x298.jpg 400w, https:\/\/www.akustikksenter.no\/wp-content\/uploads\/2020\/02\/Bilde3-200x149.jpg 200w, https:\/\/www.akustikksenter.no\/wp-content\/uploads\/2020\/02\/Bilde3-768x573.jpg 768w, https:\/\/www.akustikksenter.no\/wp-content\/uploads\/2020\/02\/Bilde3-250x186.jpg 250w, https:\/\/www.akustikksenter.no\/wp-content\/uploads\/2020\/02\/Bilde3-500x373.jpg 500w, https:\/\/www.akustikksenter.no\/wp-content\/uploads\/2020\/02\/Bilde3.jpg 1085w\" sizes=\"(max-width: 1024px) 100vw, 1024px\" \/><figcaption class=\"wp-block-jetpack-slideshow_caption gallery-caption\"><b>Kiosk og socialt omr\u00e5de:<\/b> Billederne er trykt p\u00e5 Frigg 25, 240 cm x 120 cm. Loke og absorbenter i forskellige st\u00f8rrelser er installeret i loftet og \u00f8verst p\u00e5 v\u00e6ggen.<\/figcaption><\/figure><\/li><li class=\"wp-block-jetpack-slideshow_slide swiper-slide\"><figure><img decoding=\"async\" width=\"1024\" height=\"768\" alt=\"\" class=\"wp-block-jetpack-slideshow_image wp-image-7095\" data-id=\"7095\" src=\"https:\/\/www.akustikksenter.no\/wp-content\/uploads\/2020\/02\/M\u00f8terom-1-1024x768.jpg\" srcset=\"https:\/\/www.akustikksenter.no\/wp-content\/uploads\/2020\/02\/M\u00f8terom-1-1024x768.jpg 1024w, https:\/\/www.akustikksenter.no\/wp-content\/uploads\/2020\/02\/M\u00f8terom-1-scaled-800x600.jpg 800w, https:\/\/www.akustikksenter.no\/wp-content\/uploads\/2020\/02\/M\u00f8terom-1-400x300.jpg 400w, https:\/\/www.akustikksenter.no\/wp-content\/uploads\/2020\/02\/M\u00f8terom-1-200x150.jpg 200w, https:\/\/www.akustikksenter.no\/wp-content\/uploads\/2020\/02\/M\u00f8terom-1-768x576.jpg 768w, https:\/\/www.akustikksenter.no\/wp-content\/uploads\/2020\/02\/M\u00f8terom-1-1536x1152.jpg 1536w, https:\/\/www.akustikksenter.no\/wp-content\/uploads\/2020\/02\/M\u00f8terom-1-2048x1536.jpg 2048w, https:\/\/www.akustikksenter.no\/wp-content\/uploads\/2020\/02\/M\u00f8terom-1-250x188.jpg 250w, https:\/\/www.akustikksenter.no\/wp-content\/uploads\/2020\/02\/M\u00f8terom-1-scaled-500x375.jpg 500w\" sizes=\"(max-width: 1024px) 100vw, 1024px\" \/><figcaption class=\"wp-block-jetpack-slideshow_caption gallery-caption\"><b>M\u00f8delokale:<\/b> Billedet er trykt p\u00e5 Frigg 25, 120 cm x 100 cm. Loke-absorbenter er installeret i loftet og \u00f8verst p\u00e5 v\u00e6ggen.<\/figcaption><\/figure><\/li><li class=\"wp-block-jetpack-slideshow_slide swiper-slide\"><figure><img decoding=\"async\" width=\"1024\" height=\"768\" alt=\"\" class=\"wp-block-jetpack-slideshow_image wp-image-7089\" data-id=\"7089\" src=\"https:\/\/www.akustikksenter.no\/wp-content\/uploads\/2020\/02\/Kontorgang-1-1024x768.jpg\" srcset=\"https:\/\/www.akustikksenter.no\/wp-content\/uploads\/2020\/02\/Kontorgang-1-1024x768.jpg 1024w, https:\/\/www.akustikksenter.no\/wp-content\/uploads\/2020\/02\/Kontorgang-1-scaled-800x600.jpg 800w, https:\/\/www.akustikksenter.no\/wp-content\/uploads\/2020\/02\/Kontorgang-1-400x300.jpg 400w, https:\/\/www.akustikksenter.no\/wp-content\/uploads\/2020\/02\/Kontorgang-1-200x150.jpg 200w, https:\/\/www.akustikksenter.no\/wp-content\/uploads\/2020\/02\/Kontorgang-1-768x576.jpg 768w, https:\/\/www.akustikksenter.no\/wp-content\/uploads\/2020\/02\/Kontorgang-1-1536x1152.jpg 1536w, https:\/\/www.akustikksenter.no\/wp-content\/uploads\/2020\/02\/Kontorgang-1-2048x1536.jpg 2048w, https:\/\/www.akustikksenter.no\/wp-content\/uploads\/2020\/02\/Kontorgang-1-250x188.jpg 250w, https:\/\/www.akustikksenter.no\/wp-content\/uploads\/2020\/02\/Kontorgang-1-scaled-500x375.jpg 500w\" sizes=\"(max-width: 1024px) 100vw, 1024px\" \/><figcaption class=\"wp-block-jetpack-slideshow_caption gallery-caption\"><b>Skrankegangen: <\/b>Billedet er trykt p\u00e5 Frigg 25, 240 mm x 120 mm. Loke-absorbenter er installeret i loftet og \u00f8verst p\u00e5 v\u00e6ggen.<\/figcaption><\/figure><\/li><li class=\"wp-block-jetpack-slideshow_slide swiper-slide\"><figure><img decoding=\"async\" width=\"1024\" height=\"768\" alt=\"\" class=\"wp-block-jetpack-slideshow_image wp-image-7101\" data-id=\"7101\" src=\"https:\/\/www.akustikksenter.no\/wp-content\/uploads\/2020\/02\/Bibliotek-fellesomr\u00e5de-1-1024x768.jpg\" srcset=\"https:\/\/www.akustikksenter.no\/wp-content\/uploads\/2020\/02\/Bibliotek-fellesomr\u00e5de-1-1024x768.jpg 1024w, https:\/\/www.akustikksenter.no\/wp-content\/uploads\/2020\/02\/Bibliotek-fellesomr\u00e5de-1-scaled-800x600.jpg 800w, https:\/\/www.akustikksenter.no\/wp-content\/uploads\/2020\/02\/Bibliotek-fellesomr\u00e5de-1-400x300.jpg 400w, https:\/\/www.akustikksenter.no\/wp-content\/uploads\/2020\/02\/Bibliotek-fellesomr\u00e5de-1-200x150.jpg 200w, https:\/\/www.akustikksenter.no\/wp-content\/uploads\/2020\/02\/Bibliotek-fellesomr\u00e5de-1-768x576.jpg 768w, https:\/\/www.akustikksenter.no\/wp-content\/uploads\/2020\/02\/Bibliotek-fellesomr\u00e5de-1-1536x1152.jpg 1536w, https:\/\/www.akustikksenter.no\/wp-content\/uploads\/2020\/02\/Bibliotek-fellesomr\u00e5de-1-2048x1536.jpg 2048w, https:\/\/www.akustikksenter.no\/wp-content\/uploads\/2020\/02\/Bibliotek-fellesomr\u00e5de-1-250x188.jpg 250w, https:\/\/www.akustikksenter.no\/wp-content\/uploads\/2020\/02\/Bibliotek-fellesomr\u00e5de-1-scaled-500x375.jpg 500w\" sizes=\"(max-width: 1024px) 100vw, 1024px\" \/><figcaption class=\"wp-block-jetpack-slideshow_caption gallery-caption\"><b>Bibliotek\/f\u00e6llesomr\u00e5de: <\/b>Loke- og Eira-absorbenter i forskellige st\u00f8rrelser er installeret \u00f8verst p\u00e5 v\u00e6ggen.<\/figcaption><\/figure><\/li><li class=\"wp-block-jetpack-slideshow_slide swiper-slide\"><figure><img decoding=\"async\" width=\"1024\" height=\"768\" alt=\"\" class=\"wp-block-jetpack-slideshow_image wp-image-7103\" data-id=\"7103\" src=\"https:\/\/www.akustikksenter.no\/wp-content\/uploads\/2020\/02\/Flerbrukshall-1-2-1024x768.jpg\" srcset=\"https:\/\/www.akustikksenter.no\/wp-content\/uploads\/2020\/02\/Flerbrukshall-1-2-1024x768.jpg 1024w, https:\/\/www.akustikksenter.no\/wp-content\/uploads\/2020\/02\/Flerbrukshall-1-2-scaled-800x600.jpg 800w, https:\/\/www.akustikksenter.no\/wp-content\/uploads\/2020\/02\/Flerbrukshall-1-2-400x300.jpg 400w, https:\/\/www.akustikksenter.no\/wp-content\/uploads\/2020\/02\/Flerbrukshall-1-2-200x150.jpg 200w, https:\/\/www.akustikksenter.no\/wp-content\/uploads\/2020\/02\/Flerbrukshall-1-2-768x576.jpg 768w, https:\/\/www.akustikksenter.no\/wp-content\/uploads\/2020\/02\/Flerbrukshall-1-2-1536x1152.jpg 1536w, https:\/\/www.akustikksenter.no\/wp-content\/uploads\/2020\/02\/Flerbrukshall-1-2-2048x1536.jpg 2048w, https:\/\/www.akustikksenter.no\/wp-content\/uploads\/2020\/02\/Flerbrukshall-1-2-250x188.jpg 250w, https:\/\/www.akustikksenter.no\/wp-content\/uploads\/2020\/02\/Flerbrukshall-1-2-scaled-500x375.jpg 500w\" sizes=\"(max-width: 1024px) 100vw, 1024px\" \/><figcaption class=\"wp-block-jetpack-slideshow_caption gallery-caption\"><b>Hal til flere form\u00e5l:<\/b> Loke Strong 60 cm x 60 cm monteret p\u00e5 den korte side Loke 60 cm x 60 cm monteret p\u00e5 den lange side<\/figcaption><\/figure><\/li><li class=\"wp-block-jetpack-slideshow_slide swiper-slide\"><figure><img decoding=\"async\" width=\"1024\" height=\"768\" alt=\"\" class=\"wp-block-jetpack-slideshow_image wp-image-7114\" data-id=\"7114\" src=\"https:\/\/www.akustikksenter.no\/wp-content\/uploads\/2020\/02\/Kontor-1-1-1024x768.jpg\" srcset=\"https:\/\/www.akustikksenter.no\/wp-content\/uploads\/2020\/02\/Kontor-1-1-1024x768.jpg 1024w, https:\/\/www.akustikksenter.no\/wp-content\/uploads\/2020\/02\/Kontor-1-1-scaled-800x600.jpg 800w, https:\/\/www.akustikksenter.no\/wp-content\/uploads\/2020\/02\/Kontor-1-1-400x300.jpg 400w, https:\/\/www.akustikksenter.no\/wp-content\/uploads\/2020\/02\/Kontor-1-1-200x150.jpg 200w, https:\/\/www.akustikksenter.no\/wp-content\/uploads\/2020\/02\/Kontor-1-1-768x576.jpg 768w, https:\/\/www.akustikksenter.no\/wp-content\/uploads\/2020\/02\/Kontor-1-1-1536x1152.jpg 1536w, https:\/\/www.akustikksenter.no\/wp-content\/uploads\/2020\/02\/Kontor-1-1-2048x1536.jpg 2048w, https:\/\/www.akustikksenter.no\/wp-content\/uploads\/2020\/02\/Kontor-1-1-250x188.jpg 250w, https:\/\/www.akustikksenter.no\/wp-content\/uploads\/2020\/02\/Kontor-1-1-scaled-500x375.jpg 500w\" sizes=\"(max-width: 1024px) 100vw, 1024px\" \/><figcaption class=\"wp-block-jetpack-slideshow_caption gallery-caption\"><b>Kontor:<\/b> Loke-absorbenter i forskellige st\u00f8rrelser er blevet skr\u00e6ddersyet og installeret i loftet og \u00f8verst p\u00e5 v\u00e6ggen.<\/figcaption><\/figure><\/li><li class=\"wp-block-jetpack-slideshow_slide swiper-slide\"><figure><img decoding=\"async\" width=\"1024\" height=\"768\" alt=\"\" class=\"wp-block-jetpack-slideshow_image wp-image-7109\" data-id=\"7109\" src=\"https:\/\/www.akustikksenter.no\/wp-content\/uploads\/2020\/02\/Garderober-og-gang-1-1024x768.jpg\" srcset=\"https:\/\/www.akustikksenter.no\/wp-content\/uploads\/2020\/02\/Garderober-og-gang-1-1024x768.jpg 1024w, https:\/\/www.akustikksenter.no\/wp-content\/uploads\/2020\/02\/Garderober-og-gang-1-scaled-800x600.jpg 800w, https:\/\/www.akustikksenter.no\/wp-content\/uploads\/2020\/02\/Garderober-og-gang-1-400x300.jpg 400w, https:\/\/www.akustikksenter.no\/wp-content\/uploads\/2020\/02\/Garderober-og-gang-1-200x150.jpg 200w, https:\/\/www.akustikksenter.no\/wp-content\/uploads\/2020\/02\/Garderober-og-gang-1-768x576.jpg 768w, https:\/\/www.akustikksenter.no\/wp-content\/uploads\/2020\/02\/Garderober-og-gang-1-1536x1152.jpg 1536w, https:\/\/www.akustikksenter.no\/wp-content\/uploads\/2020\/02\/Garderober-og-gang-1-2048x1536.jpg 2048w, https:\/\/www.akustikksenter.no\/wp-content\/uploads\/2020\/02\/Garderober-og-gang-1-250x188.jpg 250w, https:\/\/www.akustikksenter.no\/wp-content\/uploads\/2020\/02\/Garderober-og-gang-1-scaled-500x375.jpg 500w\" sizes=\"(max-width: 1024px) 100vw, 1024px\" \/><figcaption class=\"wp-block-jetpack-slideshow_caption gallery-caption\"><b>Garderobeskabe og korridor:<\/b> Loke-absorbenter er blevet skr\u00e6ddersyet og installeret i loftet og \u00f8verst p\u00e5 v\u00e6ggen.<\/figcaption><\/figure><\/li><\/ul><a class=\"wp-block-jetpack-slideshow_button-prev swiper-button-prev swiper-button-white\" role=\"button\"><\/a><a class=\"wp-block-jetpack-slideshow_button-next swiper-button-next swiper-button-white\" role=\"button\"><\/a><a aria-label=\"Pause diasshow\" class=\"wp-block-jetpack-slideshow_button-pause\" role=\"button\"><\/a><div class=\"wp-block-jetpack-slideshow_pagination swiper-pagination swiper-pagination-white\"><\/div><\/div><\/div>\n<\/div><\/div>\n\n\n\n<div style=\"height:20px\" aria-hidden=\"true\" class=\"wp-block-spacer\"><\/div>\n\n\n\n<h4 class=\"wp-block-heading\">F\u00f8lgende omr\u00e5der er reguleret for at opfylde g\u00e6ldende NS og regulativer:  <\/h4>\n\n\n\n<div style=\"height:20px\" aria-hidden=\"true\" class=\"wp-block-spacer\"><\/div>\n\n\n\n<div class=\"wp-block-media-text alignwide has-background has-very-light-gray-background-color is-stacked-on-mobile\" style=\"grid-template-columns:51% auto\"><figure class=\"wp-block-media-text__media\"><img decoding=\"async\" width=\"914\" height=\"1024\" src=\"https:\/\/www.akustikksenter.no\/wp-content\/uploads\/2020\/02\/Bilde1-914x1024.jpg\" alt=\"\" class=\"wp-image-7071\" srcset=\"https:\/\/www.akustikksenter.no\/wp-content\/uploads\/2020\/02\/Bilde1-914x1024.jpg 914w, https:\/\/www.akustikksenter.no\/wp-content\/uploads\/2020\/02\/Bilde1-800x896.jpg 800w, https:\/\/www.akustikksenter.no\/wp-content\/uploads\/2020\/02\/Bilde1-357x400.jpg 357w, https:\/\/www.akustikksenter.no\/wp-content\/uploads\/2020\/02\/Bilde1-179x200.jpg 179w, https:\/\/www.akustikksenter.no\/wp-content\/uploads\/2020\/02\/Bilde1-768x860.jpg 768w, https:\/\/www.akustikksenter.no\/wp-content\/uploads\/2020\/02\/Bilde1-250x280.jpg 250w, https:\/\/www.akustikksenter.no\/wp-content\/uploads\/2020\/02\/Bilde1-500x560.jpg 500w, https:\/\/www.akustikksenter.no\/wp-content\/uploads\/2020\/02\/Bilde1.jpg 997w\" sizes=\"(max-width: 914px) 100vw, 914px\" \/><\/figure><div class=\"wp-block-media-text__content\">\n<p style=\"font-size:14px\">- Multi-purpose hal <br>- Spindehal<br>- Aerobic og dans<br>- Styrkerum <br>- L\u00f8beb\u00e5ndets omr\u00e5de <br>- Indgang og foyer <br>- Bibliotek og musiksal <br>- Kontorer <br>- M\u00f8delokale <br>- Garderobe <br>- Garderobe-gang <br>- K\u00f8kken og caf\u00e9  <\/p>\n<\/div><\/div>","protected":false},"excerpt":{"rendered":"<p>1500 M2 med effektiv lydabsorption Vi leverede og var involveret i hele processen; Akustisk lydm\u00e5ling, beregning i overensstemmelse med g\u00e6ldende standarder og regler. Anbefalet l\u00f8sning og egenproducerede absorbenter af h\u00f8jeste kvalitet og installation. Akustiske lydm\u00e5linger blev foretaget undervejs og selvf\u00f8lgelig efter installation og inspektion. Vi er glade for at have afleveret et projekt, der lever op til de g\u00e6ldende regler for lyd og...<\/p>","protected":false},"author":1,"featured_media":7070,"comment_status":"closed","ping_status":"closed","sticky":false,"template":"","format":"standard","meta":{"_acf_changed":false,"footnotes":""},"categories":[26,339,28],"tags":[],"class_list":["post-7068","post","type-post","status-publish","format-standard","has-post-thumbnail","hentry","category-aktuelt","category-idrettshaller-svommehaller-og-treningssenter","category-referanser"],"acf":[],"yoast_head":"<!-- This site is optimized with the Yoast SEO plugin v27.4 - https:\/\/yoast.com\/product\/yoast-seo-wordpress\/ -->\n<title>Eksempel p\u00e5 totalprosjekt: Storhall Karm\u00f8y - Norsk Akustikksenter<\/title>\n<meta name=\"robots\" content=\"index, follow, max-snippet:-1, max-image-preview:large, max-video-preview:-1\" \/>\n<link rel=\"canonical\" href=\"https:\/\/www.akustikksenter.no\/da\/arkiv\/eksempel-pa-et-samlet-projekt-for-karmoy-indkobscentret\/\" \/>\n<meta property=\"og:locale\" content=\"da_DK\" \/>\n<meta property=\"og:type\" content=\"article\" \/>\n<meta property=\"og:title\" content=\"Eksempel p\u00e5 totalprosjekt: Storhall Karm\u00f8y - Norsk Akustikksenter\" \/>\n<meta property=\"og:description\" content=\"1500 M2&nbsp;&nbsp;med effektiv lyddemping Vi leverte og var involvert i hele prosessen; Akustikk lydm\u00e5ling, beregning ift. gjeldende standard og forskrift. Anbefalte l\u00f8sning og egenproduserte absorbenter av h\u00f8yeste kvalitet samt montasje. Akustikk lydm\u00e5ling ble gjort underveis og selvsagt etter montasje og kontroll. Vi har med glede overlevert et prosjekt som innfrir gjeldende forskrift for lyd og&hellip;\" \/>\n<meta property=\"og:url\" content=\"https:\/\/www.akustikksenter.no\/da\/arkiv\/eksempel-pa-et-samlet-projekt-for-karmoy-indkobscentret\/\" \/>\n<meta property=\"og:site_name\" content=\"Norsk Akustikksenter\" \/>\n<meta property=\"article:publisher\" content=\"https:\/\/www.facebook.com\/Akustikksenter\/\" \/>\n<meta property=\"article:published_time\" content=\"2020-02-20T08:00:30+00:00\" \/>\n<meta property=\"article:modified_time\" content=\"2022-08-17T12:12:47+00:00\" \/>\n<meta property=\"og:image\" content=\"https:\/\/www.akustikksenter.no\/wp-content\/uploads\/2020\/02\/Flerbrukshall-1-1-scaled.jpg\" \/>\n\t<meta property=\"og:image:width\" content=\"2560\" \/>\n\t<meta property=\"og:image:height\" content=\"1920\" \/>\n\t<meta property=\"og:image:type\" content=\"image\/jpeg\" \/>\n<meta name=\"author\" content=\"administrator\" \/>\n<meta name=\"twitter:label1\" content=\"Skrevet af\" \/>\n\t<meta name=\"twitter:data1\" content=\"administrator\" \/>\n\t<meta name=\"twitter:label2\" content=\"Estimeret l\u00e6setid\" \/>\n\t<meta name=\"twitter:data2\" content=\"1 minut\" \/>\n<script type=\"application\/ld+json\" class=\"yoast-schema-graph\">{\"@context\":\"https:\\\/\\\/schema.org\",\"@graph\":[{\"@type\":\"Article\",\"@id\":\"https:\\\/\\\/www.akustikksenter.no\\\/arkiv\\\/eksempel-pa-totalprosjekt-storhall-karmoy\\\/#article\",\"isPartOf\":{\"@id\":\"https:\\\/\\\/www.akustikksenter.no\\\/arkiv\\\/eksempel-pa-totalprosjekt-storhall-karmoy\\\/\"},\"author\":{\"name\":\"administrator\",\"@id\":\"https:\\\/\\\/www.akustikksenter.no\\\/#\\\/schema\\\/person\\\/8211b23de1062ef1805514ef9bdc3d4b\"},\"headline\":\"Eksempel p\u00e5 totalprosjekt: Storhall Karm\u00f8y\",\"datePublished\":\"2020-02-20T08:00:30+00:00\",\"dateModified\":\"2022-08-17T12:12:47+00:00\",\"mainEntityOfPage\":{\"@id\":\"https:\\\/\\\/www.akustikksenter.no\\\/arkiv\\\/eksempel-pa-totalprosjekt-storhall-karmoy\\\/\"},\"wordCount\":246,\"publisher\":{\"@id\":\"https:\\\/\\\/www.akustikksenter.no\\\/#organization\"},\"image\":{\"@id\":\"https:\\\/\\\/www.akustikksenter.no\\\/arkiv\\\/eksempel-pa-totalprosjekt-storhall-karmoy\\\/#primaryimage\"},\"thumbnailUrl\":\"https:\\\/\\\/www.akustikksenter.no\\\/wp-content\\\/uploads\\\/2020\\\/02\\\/Flerbrukshall-1-1-scaled.jpg\",\"articleSection\":[\"Aktuelt\",\"Idrettshaller, sv\u00f8mmehaller og treningssenter\",\"Referanser\"],\"inLanguage\":\"da-DK\"},{\"@type\":\"WebPage\",\"@id\":\"https:\\\/\\\/www.akustikksenter.no\\\/arkiv\\\/eksempel-pa-totalprosjekt-storhall-karmoy\\\/\",\"url\":\"https:\\\/\\\/www.akustikksenter.no\\\/arkiv\\\/eksempel-pa-totalprosjekt-storhall-karmoy\\\/\",\"name\":\"Eksempel p\u00e5 totalprosjekt: Storhall Karm\u00f8y - Norsk Akustikksenter\",\"isPartOf\":{\"@id\":\"https:\\\/\\\/www.akustikksenter.no\\\/#website\"},\"primaryImageOfPage\":{\"@id\":\"https:\\\/\\\/www.akustikksenter.no\\\/arkiv\\\/eksempel-pa-totalprosjekt-storhall-karmoy\\\/#primaryimage\"},\"image\":{\"@id\":\"https:\\\/\\\/www.akustikksenter.no\\\/arkiv\\\/eksempel-pa-totalprosjekt-storhall-karmoy\\\/#primaryimage\"},\"thumbnailUrl\":\"https:\\\/\\\/www.akustikksenter.no\\\/wp-content\\\/uploads\\\/2020\\\/02\\\/Flerbrukshall-1-1-scaled.jpg\",\"datePublished\":\"2020-02-20T08:00:30+00:00\",\"dateModified\":\"2022-08-17T12:12:47+00:00\",\"breadcrumb\":{\"@id\":\"https:\\\/\\\/www.akustikksenter.no\\\/arkiv\\\/eksempel-pa-totalprosjekt-storhall-karmoy\\\/#breadcrumb\"},\"inLanguage\":\"da-DK\",\"potentialAction\":[{\"@type\":\"ReadAction\",\"target\":[\"https:\\\/\\\/www.akustikksenter.no\\\/arkiv\\\/eksempel-pa-totalprosjekt-storhall-karmoy\\\/\"]}]},{\"@type\":\"ImageObject\",\"inLanguage\":\"da-DK\",\"@id\":\"https:\\\/\\\/www.akustikksenter.no\\\/arkiv\\\/eksempel-pa-totalprosjekt-storhall-karmoy\\\/#primaryimage\",\"url\":\"https:\\\/\\\/www.akustikksenter.no\\\/wp-content\\\/uploads\\\/2020\\\/02\\\/Flerbrukshall-1-1-scaled.jpg\",\"contentUrl\":\"https:\\\/\\\/www.akustikksenter.no\\\/wp-content\\\/uploads\\\/2020\\\/02\\\/Flerbrukshall-1-1-scaled.jpg\",\"width\":2560,\"height\":1920},{\"@type\":\"BreadcrumbList\",\"@id\":\"https:\\\/\\\/www.akustikksenter.no\\\/arkiv\\\/eksempel-pa-totalprosjekt-storhall-karmoy\\\/#breadcrumb\",\"itemListElement\":[{\"@type\":\"ListItem\",\"position\":1,\"name\":\"Hjem\",\"item\":\"https:\\\/\\\/www.akustikksenter.no\\\/\"},{\"@type\":\"ListItem\",\"position\":2,\"name\":\"Aktuelt\",\"item\":\"https:\\\/\\\/www.akustikksenter.no\\\/kategori\\\/aktuelt\\\/\"},{\"@type\":\"ListItem\",\"position\":3,\"name\":\"Eksempel p\u00e5 totalprosjekt: Storhall Karm\u00f8y\"}]},{\"@type\":\"WebSite\",\"@id\":\"https:\\\/\\\/www.akustikksenter.no\\\/#website\",\"url\":\"https:\\\/\\\/www.akustikksenter.no\\\/\",\"name\":\"Norsk Akustikksenter\",\"description\":\"Totalleverand\u00f8r av akustikkl\u00f8sninger\",\"publisher\":{\"@id\":\"https:\\\/\\\/www.akustikksenter.no\\\/#organization\"},\"potentialAction\":[{\"@type\":\"SearchAction\",\"target\":{\"@type\":\"EntryPoint\",\"urlTemplate\":\"https:\\\/\\\/www.akustikksenter.no\\\/?s={search_term_string}\"},\"query-input\":{\"@type\":\"PropertyValueSpecification\",\"valueRequired\":true,\"valueName\":\"search_term_string\"}}],\"inLanguage\":\"da-DK\"},{\"@type\":\"Organization\",\"@id\":\"https:\\\/\\\/www.akustikksenter.no\\\/#organization\",\"name\":\"Norsk Akustikksenter\",\"alternateName\":\"Akustikksenter\",\"url\":\"https:\\\/\\\/www.akustikksenter.no\\\/\",\"logo\":{\"@type\":\"ImageObject\",\"inLanguage\":\"da-DK\",\"@id\":\"https:\\\/\\\/www.akustikksenter.no\\\/#\\\/schema\\\/logo\\\/image\\\/\",\"url\":\"https:\\\/\\\/www.akustikksenter.no\\\/wp-content\\\/uploads\\\/2018\\\/02\\\/Norsk-Akkustikksenter_nyLogo_payoff-3-e1518606723632.png\",\"contentUrl\":\"https:\\\/\\\/www.akustikksenter.no\\\/wp-content\\\/uploads\\\/2018\\\/02\\\/Norsk-Akkustikksenter_nyLogo_payoff-3-e1518606723632.png\",\"width\":232,\"height\":93,\"caption\":\"Norsk Akustikksenter\"},\"image\":{\"@id\":\"https:\\\/\\\/www.akustikksenter.no\\\/#\\\/schema\\\/logo\\\/image\\\/\"},\"sameAs\":[\"https:\\\/\\\/www.facebook.com\\\/Akustikksenter\\\/\",\"https:\\\/\\\/www.pinterest.com\\\/akustikksenter\\\/\",\"https:\\\/\\\/www.instagram.com\\\/akustikksenter_norway\\\/\",\"https:\\\/\\\/no.linkedin.com\\\/company\\\/norsk-akustikksenter-as\"]},{\"@type\":\"Person\",\"@id\":\"https:\\\/\\\/www.akustikksenter.no\\\/#\\\/schema\\\/person\\\/8211b23de1062ef1805514ef9bdc3d4b\",\"name\":\"administrator\"}]}<\/script>\n<!-- \/ Yoast SEO plugin. -->","yoast_head_json":{"title":"Eksempel p\u00e5 et n\u00f8glef\u00e6rdigt projekt: Storhall Karm\u00f8y - Norsk Akustik Center","robots":{"index":"index","follow":"follow","max-snippet":"max-snippet:-1","max-image-preview":"max-image-preview:large","max-video-preview":"max-video-preview:-1"},"canonical":"https:\/\/www.akustikksenter.no\/da\/arkiv\/eksempel-pa-et-samlet-projekt-for-karmoy-indkobscentret\/","og_locale":"da_DK","og_type":"article","og_title":"Eksempel p\u00e5 totalprosjekt: Storhall Karm\u00f8y - Norsk Akustikksenter","og_description":"1500 M2&nbsp;&nbsp;med effektiv lyddemping Vi leverte og var involvert i hele prosessen; Akustikk lydm\u00e5ling, beregning ift. gjeldende standard og forskrift. Anbefalte l\u00f8sning og egenproduserte absorbenter av h\u00f8yeste kvalitet samt montasje. Akustikk lydm\u00e5ling ble gjort underveis og selvsagt etter montasje og kontroll. Vi har med glede overlevert et prosjekt som innfrir gjeldende forskrift for lyd og&hellip;","og_url":"https:\/\/www.akustikksenter.no\/da\/arkiv\/eksempel-pa-et-samlet-projekt-for-karmoy-indkobscentret\/","og_site_name":"Norsk Akustikksenter","article_publisher":"https:\/\/www.facebook.com\/Akustikksenter\/","article_published_time":"2020-02-20T08:00:30+00:00","article_modified_time":"2022-08-17T12:12:47+00:00","og_image":[{"width":2560,"height":1920,"url":"https:\/\/www.akustikksenter.no\/wp-content\/uploads\/2020\/02\/Flerbrukshall-1-1-scaled.jpg","type":"image\/jpeg"}],"author":"administrator","twitter_misc":{"Skrevet af":"administrator","Estimeret l\u00e6setid":"1 minut"},"schema":{"@context":"https:\/\/schema.org","@graph":[{"@type":"Article","@id":"https:\/\/www.akustikksenter.no\/arkiv\/eksempel-pa-totalprosjekt-storhall-karmoy\/#article","isPartOf":{"@id":"https:\/\/www.akustikksenter.no\/arkiv\/eksempel-pa-totalprosjekt-storhall-karmoy\/"},"author":{"name":"administrator","@id":"https:\/\/www.akustikksenter.no\/#\/schema\/person\/8211b23de1062ef1805514ef9bdc3d4b"},"headline":"Eksempel p\u00e5 totalprosjekt: Storhall Karm\u00f8y","datePublished":"2020-02-20T08:00:30+00:00","dateModified":"2022-08-17T12:12:47+00:00","mainEntityOfPage":{"@id":"https:\/\/www.akustikksenter.no\/arkiv\/eksempel-pa-totalprosjekt-storhall-karmoy\/"},"wordCount":246,"publisher":{"@id":"https:\/\/www.akustikksenter.no\/#organization"},"image":{"@id":"https:\/\/www.akustikksenter.no\/arkiv\/eksempel-pa-totalprosjekt-storhall-karmoy\/#primaryimage"},"thumbnailUrl":"https:\/\/www.akustikksenter.no\/wp-content\/uploads\/2020\/02\/Flerbrukshall-1-1-scaled.jpg","articleSection":["Aktuelt","Idrettshaller, sv\u00f8mmehaller og treningssenter","Referanser"],"inLanguage":"da-DK"},{"@type":"WebPage","@id":"https:\/\/www.akustikksenter.no\/arkiv\/eksempel-pa-totalprosjekt-storhall-karmoy\/","url":"https:\/\/www.akustikksenter.no\/arkiv\/eksempel-pa-totalprosjekt-storhall-karmoy\/","name":"Eksempel p\u00e5 et n\u00f8glef\u00e6rdigt projekt: Storhall Karm\u00f8y - Norsk Akustik Center","isPartOf":{"@id":"https:\/\/www.akustikksenter.no\/#website"},"primaryImageOfPage":{"@id":"https:\/\/www.akustikksenter.no\/arkiv\/eksempel-pa-totalprosjekt-storhall-karmoy\/#primaryimage"},"image":{"@id":"https:\/\/www.akustikksenter.no\/arkiv\/eksempel-pa-totalprosjekt-storhall-karmoy\/#primaryimage"},"thumbnailUrl":"https:\/\/www.akustikksenter.no\/wp-content\/uploads\/2020\/02\/Flerbrukshall-1-1-scaled.jpg","datePublished":"2020-02-20T08:00:30+00:00","dateModified":"2022-08-17T12:12:47+00:00","breadcrumb":{"@id":"https:\/\/www.akustikksenter.no\/arkiv\/eksempel-pa-totalprosjekt-storhall-karmoy\/#breadcrumb"},"inLanguage":"da-DK","potentialAction":[{"@type":"ReadAction","target":["https:\/\/www.akustikksenter.no\/arkiv\/eksempel-pa-totalprosjekt-storhall-karmoy\/"]}]},{"@type":"ImageObject","inLanguage":"da-DK","@id":"https:\/\/www.akustikksenter.no\/arkiv\/eksempel-pa-totalprosjekt-storhall-karmoy\/#primaryimage","url":"https:\/\/www.akustikksenter.no\/wp-content\/uploads\/2020\/02\/Flerbrukshall-1-1-scaled.jpg","contentUrl":"https:\/\/www.akustikksenter.no\/wp-content\/uploads\/2020\/02\/Flerbrukshall-1-1-scaled.jpg","width":2560,"height":1920},{"@type":"BreadcrumbList","@id":"https:\/\/www.akustikksenter.no\/arkiv\/eksempel-pa-totalprosjekt-storhall-karmoy\/#breadcrumb","itemListElement":[{"@type":"ListItem","position":1,"name":"Hjem","item":"https:\/\/www.akustikksenter.no\/"},{"@type":"ListItem","position":2,"name":"Aktuelt","item":"https:\/\/www.akustikksenter.no\/kategori\/aktuelt\/"},{"@type":"ListItem","position":3,"name":"Eksempel p\u00e5 totalprosjekt: Storhall Karm\u00f8y"}]},{"@type":"WebSite","@id":"https:\/\/www.akustikksenter.no\/#website","url":"https:\/\/www.akustikksenter.no\/","name":"Norsk Akustik Center","description":"Totalleverand\u00f8r af akustiske l\u00f8sninger","publisher":{"@id":"https:\/\/www.akustikksenter.no\/#organization"},"potentialAction":[{"@type":"SearchAction","target":{"@type":"EntryPoint","urlTemplate":"https:\/\/www.akustikksenter.no\/?s={search_term_string}"},"query-input":{"@type":"PropertyValueSpecification","valueRequired":true,"valueName":"search_term_string"}}],"inLanguage":"da-DK"},{"@type":"Organization","@id":"https:\/\/www.akustikksenter.no\/#organization","name":"Norsk Akustik Center","alternateName":"Akustikksenter","url":"https:\/\/www.akustikksenter.no\/","logo":{"@type":"ImageObject","inLanguage":"da-DK","@id":"https:\/\/www.akustikksenter.no\/#\/schema\/logo\/image\/","url":"https:\/\/www.akustikksenter.no\/wp-content\/uploads\/2018\/02\/Norsk-Akkustikksenter_nyLogo_payoff-3-e1518606723632.png","contentUrl":"https:\/\/www.akustikksenter.no\/wp-content\/uploads\/2018\/02\/Norsk-Akkustikksenter_nyLogo_payoff-3-e1518606723632.png","width":232,"height":93,"caption":"Norsk Akustikksenter"},"image":{"@id":"https:\/\/www.akustikksenter.no\/#\/schema\/logo\/image\/"},"sameAs":["https:\/\/www.facebook.com\/Akustikksenter\/","https:\/\/www.pinterest.com\/akustikksenter\/","https:\/\/www.instagram.com\/akustikksenter_norway\/","https:\/\/no.linkedin.com\/company\/norsk-akustikksenter-as"]},{"@type":"Person","@id":"https:\/\/www.akustikksenter.no\/#\/schema\/person\/8211b23de1062ef1805514ef9bdc3d4b","name":"Administrator"}]}},"_links":{"self":[{"href":"https:\/\/www.akustikksenter.no\/da\/wp-json\/wp\/v2\/posts\/7068","targetHints":{"allow":["GET"]}}],"collection":[{"href":"https:\/\/www.akustikksenter.no\/da\/wp-json\/wp\/v2\/posts"}],"about":[{"href":"https:\/\/www.akustikksenter.no\/da\/wp-json\/wp\/v2\/types\/post"}],"author":[{"embeddable":true,"href":"https:\/\/www.akustikksenter.no\/da\/wp-json\/wp\/v2\/users\/1"}],"replies":[{"embeddable":true,"href":"https:\/\/www.akustikksenter.no\/da\/wp-json\/wp\/v2\/comments?post=7068"}],"version-history":[{"count":0,"href":"https:\/\/www.akustikksenter.no\/da\/wp-json\/wp\/v2\/posts\/7068\/revisions"}],"wp:featuredmedia":[{"embeddable":true,"href":"https:\/\/www.akustikksenter.no\/da\/wp-json\/wp\/v2\/media\/7070"}],"wp:attachment":[{"href":"https:\/\/www.akustikksenter.no\/da\/wp-json\/wp\/v2\/media?parent=7068"}],"wp:term":[{"taxonomy":"category","embeddable":true,"href":"https:\/\/www.akustikksenter.no\/da\/wp-json\/wp\/v2\/categories?post=7068"},{"taxonomy":"post_tag","embeddable":true,"href":"https:\/\/www.akustikksenter.no\/da\/wp-json\/wp\/v2\/tags?post=7068"}],"curies":[{"name":"wp","href":"https:\/\/api.w.org\/{rel}","templated":true}]}}