{"id":7547,"date":"2020-11-02T17:15:07","date_gmt":"2020-11-02T16:15:07","guid":{"rendered":"https:\/\/www-akustikksenter.wp3.hcweb.dev\/?p=7547"},"modified":"2020-11-02T17:15:56","modified_gmt":"2020-11-02T16:15:56","slug":"vi-takker-for-den-spaendende-levering-af-signalbygningen-pa-silsand-grundskole-i-finnsnes","status":"publish","type":"post","link":"https:\/\/www.akustikksenter.no\/da\/arkiv\/vi-takker-for-spennende-leveranse-til-signalbygget-silsand-barneskole-pa-finnsnes\/","title":{"rendered":"Vi takker for den sp\u00e6ndende leverance til Signalbygget Silsand Barneskole i Finnsnes."},"content":{"rendered":"<p><strong>Vi har s\u00f8rget for god lydisolering ved at v\u00e6lge effektive og dekorative absorbenter fra vores eget sortiment.<\/strong><\/p>\n\n\n\n<p>Held og lykke med en fantastisk skole og gode lydforhold.<\/p>\n\n\n\n<p>L\u00e6s mere om projektet her:&nbsp;<a href=\"https:\/\/www.nordfra.no\/aktuelt\/nye-silsand-barneskole\/\" target=\"_blank\" rel=\"noreferrer noopener\">https:\/\/www.nordfra.no\/aktuelt\/nye-silsand-barneskole\/<\/a><\/p>\n\n\n\n<figure class=\"wp-block-gallery columns-2 is-cropped wp-block-gallery-1 is-layout-flex wp-block-gallery-is-layout-flex\"><ul class=\"blocks-gallery-grid\"><li class=\"blocks-gallery-item\"><figure><img decoding=\"async\" width=\"1024\" height=\"633\" src=\"https:\/\/www.akustikksenter.no\/wp-content\/uploads\/2020\/11\/Siba-sosiale-soner-1024x633-1.jpg\" alt=\"\" data-id=\"7549\" data-full-url=\"https:\/\/www.akustikksenter.no\/wp-content\/uploads\/2020\/11\/Siba-sosiale-soner-1024x633-1.jpg\" data-link=\"https:\/\/www.akustikksenter.no\/?attachment_id=7549\" class=\"wp-image-7549\" srcset=\"https:\/\/www.akustikksenter.no\/wp-content\/uploads\/2020\/11\/Siba-sosiale-soner-1024x633-1.jpg 1024w, https:\/\/www.akustikksenter.no\/wp-content\/uploads\/2020\/11\/Siba-sosiale-soner-1024x633-1-800x495.jpg 800w, https:\/\/www.akustikksenter.no\/wp-content\/uploads\/2020\/11\/Siba-sosiale-soner-1024x633-1-400x247.jpg 400w, https:\/\/www.akustikksenter.no\/wp-content\/uploads\/2020\/11\/Siba-sosiale-soner-1024x633-1-200x124.jpg 200w, https:\/\/www.akustikksenter.no\/wp-content\/uploads\/2020\/11\/Siba-sosiale-soner-1024x633-1-768x475.jpg 768w, https:\/\/www.akustikksenter.no\/wp-content\/uploads\/2020\/11\/Siba-sosiale-soner-1024x633-1-250x155.jpg 250w, https:\/\/www.akustikksenter.no\/wp-content\/uploads\/2020\/11\/Siba-sosiale-soner-1024x633-1-500x309.jpg 500w\" sizes=\"(max-width: 1024px) 100vw, 1024px\" \/><\/figure><\/li><li class=\"blocks-gallery-item\"><figure><img decoding=\"async\" width=\"1024\" height=\"644\" src=\"https:\/\/www.akustikksenter.no\/wp-content\/uploads\/2020\/11\/Skolekjokken-Siba19-1024x644.jpg\" alt=\"\" data-id=\"7550\" data-full-url=\"https:\/\/www.akustikksenter.no\/wp-content\/uploads\/2020\/11\/Skolekjokken-Siba19.jpg\" data-link=\"https:\/\/www.akustikksenter.no\/?attachment_id=7550\" class=\"wp-image-7550\" srcset=\"https:\/\/www.akustikksenter.no\/wp-content\/uploads\/2020\/11\/Skolekjokken-Siba19-1024x644.jpg 1024w, https:\/\/www.akustikksenter.no\/wp-content\/uploads\/2020\/11\/Skolekjokken-Siba19-800x503.jpg 800w, https:\/\/www.akustikksenter.no\/wp-content\/uploads\/2020\/11\/Skolekjokken-Siba19-400x252.jpg 400w, https:\/\/www.akustikksenter.no\/wp-content\/uploads\/2020\/11\/Skolekjokken-Siba19-200x126.jpg 200w, https:\/\/www.akustikksenter.no\/wp-content\/uploads\/2020\/11\/Skolekjokken-Siba19-768x483.jpg 768w, https:\/\/www.akustikksenter.no\/wp-content\/uploads\/2020\/11\/Skolekjokken-Siba19-250x157.jpg 250w, https:\/\/www.akustikksenter.no\/wp-content\/uploads\/2020\/11\/Skolekjokken-Siba19-1536x967.jpg 1536w, https:\/\/www.akustikksenter.no\/wp-content\/uploads\/2020\/11\/Skolekjokken-Siba19-500x315.jpg 500w, https:\/\/www.akustikksenter.no\/wp-content\/uploads\/2020\/11\/Skolekjokken-Siba19-240x150.jpg 240w, https:\/\/www.akustikksenter.no\/wp-content\/uploads\/2020\/11\/Skolekjokken-Siba19.jpg 1867w\" sizes=\"(max-width: 1024px) 100vw, 1024px\" \/><\/figure><\/li><li class=\"blocks-gallery-item\"><figure><img decoding=\"async\" width=\"1024\" height=\"644\" src=\"https:\/\/www.akustikksenter.no\/wp-content\/uploads\/2020\/11\/Sloydrom2-Siba19-1024x644.jpg\" alt=\"\" data-id=\"7551\" data-full-url=\"https:\/\/www.akustikksenter.no\/wp-content\/uploads\/2020\/11\/Sloydrom2-Siba19.jpg\" data-link=\"https:\/\/www.akustikksenter.no\/?attachment_id=7551\" class=\"wp-image-7551\" srcset=\"https:\/\/www.akustikksenter.no\/wp-content\/uploads\/2020\/11\/Sloydrom2-Siba19-1024x644.jpg 1024w, https:\/\/www.akustikksenter.no\/wp-content\/uploads\/2020\/11\/Sloydrom2-Siba19-800x503.jpg 800w, https:\/\/www.akustikksenter.no\/wp-content\/uploads\/2020\/11\/Sloydrom2-Siba19-400x252.jpg 400w, https:\/\/www.akustikksenter.no\/wp-content\/uploads\/2020\/11\/Sloydrom2-Siba19-200x126.jpg 200w, https:\/\/www.akustikksenter.no\/wp-content\/uploads\/2020\/11\/Sloydrom2-Siba19-768x483.jpg 768w, https:\/\/www.akustikksenter.no\/wp-content\/uploads\/2020\/11\/Sloydrom2-Siba19-250x157.jpg 250w, https:\/\/www.akustikksenter.no\/wp-content\/uploads\/2020\/11\/Sloydrom2-Siba19-1536x967.jpg 1536w, https:\/\/www.akustikksenter.no\/wp-content\/uploads\/2020\/11\/Sloydrom2-Siba19-500x315.jpg 500w, https:\/\/www.akustikksenter.no\/wp-content\/uploads\/2020\/11\/Sloydrom2-Siba19-240x150.jpg 240w, https:\/\/www.akustikksenter.no\/wp-content\/uploads\/2020\/11\/Sloydrom2-Siba19.jpg 1867w\" sizes=\"(max-width: 1024px) 100vw, 1024px\" \/><\/figure><\/li><li class=\"blocks-gallery-item\"><figure><img decoding=\"async\" width=\"1024\" height=\"644\" src=\"https:\/\/www.akustikksenter.no\/wp-content\/uploads\/2020\/11\/Trapperom-Siba19-1024x644.jpg\" alt=\"\" data-id=\"7552\" data-full-url=\"https:\/\/www.akustikksenter.no\/wp-content\/uploads\/2020\/11\/Trapperom-Siba19.jpg\" data-link=\"https:\/\/www.akustikksenter.no\/?attachment_id=7552\" class=\"wp-image-7552\" srcset=\"https:\/\/www.akustikksenter.no\/wp-content\/uploads\/2020\/11\/Trapperom-Siba19-1024x644.jpg 1024w, https:\/\/www.akustikksenter.no\/wp-content\/uploads\/2020\/11\/Trapperom-Siba19-800x503.jpg 800w, https:\/\/www.akustikksenter.no\/wp-content\/uploads\/2020\/11\/Trapperom-Siba19-400x252.jpg 400w, https:\/\/www.akustikksenter.no\/wp-content\/uploads\/2020\/11\/Trapperom-Siba19-200x126.jpg 200w, https:\/\/www.akustikksenter.no\/wp-content\/uploads\/2020\/11\/Trapperom-Siba19-768x483.jpg 768w, https:\/\/www.akustikksenter.no\/wp-content\/uploads\/2020\/11\/Trapperom-Siba19-250x157.jpg 250w, https:\/\/www.akustikksenter.no\/wp-content\/uploads\/2020\/11\/Trapperom-Siba19-1536x967.jpg 1536w, https:\/\/www.akustikksenter.no\/wp-content\/uploads\/2020\/11\/Trapperom-Siba19-500x315.jpg 500w, https:\/\/www.akustikksenter.no\/wp-content\/uploads\/2020\/11\/Trapperom-Siba19-240x150.jpg 240w, https:\/\/www.akustikksenter.no\/wp-content\/uploads\/2020\/11\/Trapperom-Siba19.jpg 1867w\" sizes=\"(max-width: 1024px) 100vw, 1024px\" \/><\/figure><\/li><li class=\"blocks-gallery-item\"><figure><img decoding=\"async\" width=\"1024\" height=\"644\" src=\"https:\/\/www.akustikksenter.no\/wp-content\/uploads\/2020\/11\/Kjokken-klasserom-Siba19-1024x644.jpg\" alt=\"\" data-id=\"7553\" data-full-url=\"https:\/\/www.akustikksenter.no\/wp-content\/uploads\/2020\/11\/Kjokken-klasserom-Siba19.jpg\" data-link=\"https:\/\/www.akustikksenter.no\/?attachment_id=7553\" class=\"wp-image-7553\" srcset=\"https:\/\/www.akustikksenter.no\/wp-content\/uploads\/2020\/11\/Kjokken-klasserom-Siba19-1024x644.jpg 1024w, https:\/\/www.akustikksenter.no\/wp-content\/uploads\/2020\/11\/Kjokken-klasserom-Siba19-800x503.jpg 800w, https:\/\/www.akustikksenter.no\/wp-content\/uploads\/2020\/11\/Kjokken-klasserom-Siba19-400x252.jpg 400w, https:\/\/www.akustikksenter.no\/wp-content\/uploads\/2020\/11\/Kjokken-klasserom-Siba19-200x126.jpg 200w, https:\/\/www.akustikksenter.no\/wp-content\/uploads\/2020\/11\/Kjokken-klasserom-Siba19-768x483.jpg 768w, https:\/\/www.akustikksenter.no\/wp-content\/uploads\/2020\/11\/Kjokken-klasserom-Siba19-250x157.jpg 250w, https:\/\/www.akustikksenter.no\/wp-content\/uploads\/2020\/11\/Kjokken-klasserom-Siba19-1536x967.jpg 1536w, https:\/\/www.akustikksenter.no\/wp-content\/uploads\/2020\/11\/Kjokken-klasserom-Siba19-500x315.jpg 500w, https:\/\/www.akustikksenter.no\/wp-content\/uploads\/2020\/11\/Kjokken-klasserom-Siba19-240x150.jpg 240w, https:\/\/www.akustikksenter.no\/wp-content\/uploads\/2020\/11\/Kjokken-klasserom-Siba19.jpg 1867w\" sizes=\"(max-width: 1024px) 100vw, 1024px\" \/><\/figure><\/li><li class=\"blocks-gallery-item\"><figure><img decoding=\"async\" width=\"1024\" height=\"644\" src=\"https:\/\/www.akustikksenter.no\/wp-content\/uploads\/2020\/11\/Klasserom3-Siba19-1024x644.jpg\" alt=\"\" data-id=\"7554\" data-full-url=\"https:\/\/www.akustikksenter.no\/wp-content\/uploads\/2020\/11\/Klasserom3-Siba19.jpg\" data-link=\"https:\/\/www.akustikksenter.no\/?attachment_id=7554\" class=\"wp-image-7554\" srcset=\"https:\/\/www.akustikksenter.no\/wp-content\/uploads\/2020\/11\/Klasserom3-Siba19-1024x644.jpg 1024w, https:\/\/www.akustikksenter.no\/wp-content\/uploads\/2020\/11\/Klasserom3-Siba19-800x503.jpg 800w, https:\/\/www.akustikksenter.no\/wp-content\/uploads\/2020\/11\/Klasserom3-Siba19-400x252.jpg 400w, https:\/\/www.akustikksenter.no\/wp-content\/uploads\/2020\/11\/Klasserom3-Siba19-200x126.jpg 200w, https:\/\/www.akustikksenter.no\/wp-content\/uploads\/2020\/11\/Klasserom3-Siba19-768x483.jpg 768w, https:\/\/www.akustikksenter.no\/wp-content\/uploads\/2020\/11\/Klasserom3-Siba19-250x157.jpg 250w, https:\/\/www.akustikksenter.no\/wp-content\/uploads\/2020\/11\/Klasserom3-Siba19-1536x967.jpg 1536w, https:\/\/www.akustikksenter.no\/wp-content\/uploads\/2020\/11\/Klasserom3-Siba19-500x315.jpg 500w, https:\/\/www.akustikksenter.no\/wp-content\/uploads\/2020\/11\/Klasserom3-Siba19-240x150.jpg 240w, https:\/\/www.akustikksenter.no\/wp-content\/uploads\/2020\/11\/Klasserom3-Siba19.jpg 1867w\" sizes=\"(max-width: 1024px) 100vw, 1024px\" \/><\/figure><\/li><li class=\"blocks-gallery-item\"><figure><img decoding=\"async\" width=\"1024\" height=\"644\" src=\"https:\/\/www.akustikksenter.no\/wp-content\/uploads\/2020\/11\/Klasserom-pulter-Siba19-1024x644.jpg\" alt=\"\" data-id=\"7555\" data-full-url=\"https:\/\/www.akustikksenter.no\/wp-content\/uploads\/2020\/11\/Klasserom-pulter-Siba19.jpg\" data-link=\"https:\/\/www.akustikksenter.no\/?attachment_id=7555\" class=\"wp-image-7555\" srcset=\"https:\/\/www.akustikksenter.no\/wp-content\/uploads\/2020\/11\/Klasserom-pulter-Siba19-1024x644.jpg 1024w, https:\/\/www.akustikksenter.no\/wp-content\/uploads\/2020\/11\/Klasserom-pulter-Siba19-800x503.jpg 800w, https:\/\/www.akustikksenter.no\/wp-content\/uploads\/2020\/11\/Klasserom-pulter-Siba19-400x252.jpg 400w, https:\/\/www.akustikksenter.no\/wp-content\/uploads\/2020\/11\/Klasserom-pulter-Siba19-200x126.jpg 200w, https:\/\/www.akustikksenter.no\/wp-content\/uploads\/2020\/11\/Klasserom-pulter-Siba19-768x483.jpg 768w, https:\/\/www.akustikksenter.no\/wp-content\/uploads\/2020\/11\/Klasserom-pulter-Siba19-250x157.jpg 250w, https:\/\/www.akustikksenter.no\/wp-content\/uploads\/2020\/11\/Klasserom-pulter-Siba19-1536x967.jpg 1536w, https:\/\/www.akustikksenter.no\/wp-content\/uploads\/2020\/11\/Klasserom-pulter-Siba19-500x315.jpg 500w, https:\/\/www.akustikksenter.no\/wp-content\/uploads\/2020\/11\/Klasserom-pulter-Siba19-240x150.jpg 240w, https:\/\/www.akustikksenter.no\/wp-content\/uploads\/2020\/11\/Klasserom-pulter-Siba19.jpg 1867w\" sizes=\"(max-width: 1024px) 100vw, 1024px\" \/><\/figure><\/li><li class=\"blocks-gallery-item\"><figure><img decoding=\"async\" width=\"1024\" height=\"644\" src=\"https:\/\/www.akustikksenter.no\/wp-content\/uploads\/2020\/11\/Pauserom-Siba19-1024x644.jpg\" alt=\"\" data-id=\"7556\" data-full-url=\"https:\/\/www.akustikksenter.no\/wp-content\/uploads\/2020\/11\/Pauserom-Siba19.jpg\" data-link=\"https:\/\/www.akustikksenter.no\/?attachment_id=7556\" class=\"wp-image-7556\" srcset=\"https:\/\/www.akustikksenter.no\/wp-content\/uploads\/2020\/11\/Pauserom-Siba19-1024x644.jpg 1024w, https:\/\/www.akustikksenter.no\/wp-content\/uploads\/2020\/11\/Pauserom-Siba19-800x503.jpg 800w, https:\/\/www.akustikksenter.no\/wp-content\/uploads\/2020\/11\/Pauserom-Siba19-400x252.jpg 400w, https:\/\/www.akustikksenter.no\/wp-content\/uploads\/2020\/11\/Pauserom-Siba19-200x126.jpg 200w, https:\/\/www.akustikksenter.no\/wp-content\/uploads\/2020\/11\/Pauserom-Siba19-768x483.jpg 768w, https:\/\/www.akustikksenter.no\/wp-content\/uploads\/2020\/11\/Pauserom-Siba19-250x157.jpg 250w, https:\/\/www.akustikksenter.no\/wp-content\/uploads\/2020\/11\/Pauserom-Siba19-1536x967.jpg 1536w, https:\/\/www.akustikksenter.no\/wp-content\/uploads\/2020\/11\/Pauserom-Siba19-500x315.jpg 500w, https:\/\/www.akustikksenter.no\/wp-content\/uploads\/2020\/11\/Pauserom-Siba19-240x150.jpg 240w, https:\/\/www.akustikksenter.no\/wp-content\/uploads\/2020\/11\/Pauserom-Siba19.jpg 1867w\" sizes=\"(max-width: 1024px) 100vw, 1024px\" \/><\/figure><\/li><\/ul><\/figure>","protected":false},"excerpt":{"rendered":"<p>Vi har s\u00f8rget for god lydisolering ved at v\u00e6lge effektive og dekorative absorbenter fra vores eget sortiment. Held og lykke med en fantastisk skole og gode lydforhold. L\u00e6s mere om projektet her: https:\/\/www.nordfra.no\/aktuelt\/nye-silsand-barneskole\/<\/p>","protected":false},"author":1,"featured_media":7548,"comment_status":"closed","ping_status":"closed","sticky":false,"template":"","format":"standard","meta":{"_acf_changed":false,"footnotes":""},"categories":[28,301],"tags":[],"class_list":["post-7547","post","type-post","status-publish","format-standard","has-post-thumbnail","hentry","category-referanser","category-skoler-barnehage"],"acf":[],"yoast_head":"<!-- This site is optimized with the Yoast SEO plugin v27.4 - https:\/\/yoast.com\/product\/yoast-seo-wordpress\/ -->\n<title>Vi takker for spennende leveranse til Signalbygget Silsand Barneskole p\u00e5 Finnsnes - Norsk Akustikksenter<\/title>\n<meta name=\"robots\" content=\"index, follow, max-snippet:-1, max-image-preview:large, max-video-preview:-1\" \/>\n<link rel=\"canonical\" href=\"https:\/\/www.akustikksenter.no\/da\/arkiv\/vi-takker-for-den-spaendende-levering-af-signalbygningen-pa-silsand-grundskole-i-finnsnes\/\" \/>\n<meta property=\"og:locale\" content=\"da_DK\" \/>\n<meta property=\"og:type\" content=\"article\" \/>\n<meta property=\"og:title\" content=\"Vi takker for spennende leveranse til Signalbygget Silsand Barneskole p\u00e5 Finnsnes - Norsk Akustikksenter\" \/>\n<meta property=\"og:description\" content=\"Vi har s\u00f8rget god lyddemping ved valg av effektive og dekorative absorbenter fra v\u00e5rt eget sortiment. Lykke til med flott skole og gode lydforhold. Les mer om prosjektet her:&nbsp;https:\/\/www.nordfra.no\/aktuelt\/nye-silsand-barneskole\/\" \/>\n<meta property=\"og:url\" content=\"https:\/\/www.akustikksenter.no\/da\/arkiv\/vi-takker-for-den-spaendende-levering-af-signalbygningen-pa-silsand-grundskole-i-finnsnes\/\" \/>\n<meta property=\"og:site_name\" content=\"Norsk Akustikksenter\" \/>\n<meta property=\"article:publisher\" content=\"https:\/\/www.facebook.com\/Akustikksenter\/\" \/>\n<meta property=\"article:published_time\" content=\"2020-11-02T16:15:07+00:00\" \/>\n<meta property=\"article:modified_time\" content=\"2020-11-02T16:15:56+00:00\" \/>\n<meta property=\"og:image\" content=\"https:\/\/www.akustikksenter.no\/wp-content\/uploads\/2020\/11\/Siba-Silsand-skole-1024x633-1.jpg\" \/>\n\t<meta property=\"og:image:width\" content=\"1024\" \/>\n\t<meta property=\"og:image:height\" content=\"633\" \/>\n\t<meta property=\"og:image:type\" content=\"image\/jpeg\" \/>\n<meta name=\"author\" content=\"administrator\" \/>\n<meta name=\"twitter:label1\" content=\"Skrevet af\" \/>\n\t<meta name=\"twitter:data1\" content=\"administrator\" \/>\n<script type=\"application\/ld+json\" class=\"yoast-schema-graph\">{\"@context\":\"https:\\\/\\\/schema.org\",\"@graph\":[{\"@type\":\"Article\",\"@id\":\"https:\\\/\\\/www.akustikksenter.no\\\/arkiv\\\/vi-takker-for-spennende-leveranse-til-signalbygget-silsand-barneskole-pa-finnsnes\\\/#article\",\"isPartOf\":{\"@id\":\"https:\\\/\\\/www.akustikksenter.no\\\/arkiv\\\/vi-takker-for-spennende-leveranse-til-signalbygget-silsand-barneskole-pa-finnsnes\\\/\"},\"author\":{\"name\":\"administrator\",\"@id\":\"https:\\\/\\\/www.akustikksenter.no\\\/#\\\/schema\\\/person\\\/8211b23de1062ef1805514ef9bdc3d4b\"},\"headline\":\"Vi takker for spennende leveranse til Signalbygget Silsand Barneskole p\u00e5 Finnsnes\",\"datePublished\":\"2020-11-02T16:15:07+00:00\",\"dateModified\":\"2020-11-02T16:15:56+00:00\",\"mainEntityOfPage\":{\"@id\":\"https:\\\/\\\/www.akustikksenter.no\\\/arkiv\\\/vi-takker-for-spennende-leveranse-til-signalbygget-silsand-barneskole-pa-finnsnes\\\/\"},\"wordCount\":49,\"publisher\":{\"@id\":\"https:\\\/\\\/www.akustikksenter.no\\\/#organization\"},\"image\":{\"@id\":\"https:\\\/\\\/www.akustikksenter.no\\\/arkiv\\\/vi-takker-for-spennende-leveranse-til-signalbygget-silsand-barneskole-pa-finnsnes\\\/#primaryimage\"},\"thumbnailUrl\":\"https:\\\/\\\/www.akustikksenter.no\\\/wp-content\\\/uploads\\\/2020\\\/11\\\/Siba-Silsand-skole-1024x633-1.jpg\",\"articleSection\":[\"Referanser\",\"Skoler og barnehager\"],\"inLanguage\":\"da-DK\"},{\"@type\":\"WebPage\",\"@id\":\"https:\\\/\\\/www.akustikksenter.no\\\/arkiv\\\/vi-takker-for-spennende-leveranse-til-signalbygget-silsand-barneskole-pa-finnsnes\\\/\",\"url\":\"https:\\\/\\\/www.akustikksenter.no\\\/arkiv\\\/vi-takker-for-spennende-leveranse-til-signalbygget-silsand-barneskole-pa-finnsnes\\\/\",\"name\":\"Vi takker for spennende leveranse til Signalbygget Silsand Barneskole p\u00e5 Finnsnes - Norsk Akustikksenter\",\"isPartOf\":{\"@id\":\"https:\\\/\\\/www.akustikksenter.no\\\/#website\"},\"primaryImageOfPage\":{\"@id\":\"https:\\\/\\\/www.akustikksenter.no\\\/arkiv\\\/vi-takker-for-spennende-leveranse-til-signalbygget-silsand-barneskole-pa-finnsnes\\\/#primaryimage\"},\"image\":{\"@id\":\"https:\\\/\\\/www.akustikksenter.no\\\/arkiv\\\/vi-takker-for-spennende-leveranse-til-signalbygget-silsand-barneskole-pa-finnsnes\\\/#primaryimage\"},\"thumbnailUrl\":\"https:\\\/\\\/www.akustikksenter.no\\\/wp-content\\\/uploads\\\/2020\\\/11\\\/Siba-Silsand-skole-1024x633-1.jpg\",\"datePublished\":\"2020-11-02T16:15:07+00:00\",\"dateModified\":\"2020-11-02T16:15:56+00:00\",\"breadcrumb\":{\"@id\":\"https:\\\/\\\/www.akustikksenter.no\\\/arkiv\\\/vi-takker-for-spennende-leveranse-til-signalbygget-silsand-barneskole-pa-finnsnes\\\/#breadcrumb\"},\"inLanguage\":\"da-DK\",\"potentialAction\":[{\"@type\":\"ReadAction\",\"target\":[\"https:\\\/\\\/www.akustikksenter.no\\\/arkiv\\\/vi-takker-for-spennende-leveranse-til-signalbygget-silsand-barneskole-pa-finnsnes\\\/\"]}]},{\"@type\":\"ImageObject\",\"inLanguage\":\"da-DK\",\"@id\":\"https:\\\/\\\/www.akustikksenter.no\\\/arkiv\\\/vi-takker-for-spennende-leveranse-til-signalbygget-silsand-barneskole-pa-finnsnes\\\/#primaryimage\",\"url\":\"https:\\\/\\\/www.akustikksenter.no\\\/wp-content\\\/uploads\\\/2020\\\/11\\\/Siba-Silsand-skole-1024x633-1.jpg\",\"contentUrl\":\"https:\\\/\\\/www.akustikksenter.no\\\/wp-content\\\/uploads\\\/2020\\\/11\\\/Siba-Silsand-skole-1024x633-1.jpg\",\"width\":1024,\"height\":633},{\"@type\":\"BreadcrumbList\",\"@id\":\"https:\\\/\\\/www.akustikksenter.no\\\/arkiv\\\/vi-takker-for-spennende-leveranse-til-signalbygget-silsand-barneskole-pa-finnsnes\\\/#breadcrumb\",\"itemListElement\":[{\"@type\":\"ListItem\",\"position\":1,\"name\":\"Hjem\",\"item\":\"https:\\\/\\\/www.akustikksenter.no\\\/\"},{\"@type\":\"ListItem\",\"position\":2,\"name\":\"Referanser\",\"item\":\"https:\\\/\\\/www.akustikksenter.no\\\/kategori\\\/referanser\\\/\"},{\"@type\":\"ListItem\",\"position\":3,\"name\":\"Vi takker for spennende leveranse til Signalbygget Silsand Barneskole p\u00e5 Finnsnes\"}]},{\"@type\":\"WebSite\",\"@id\":\"https:\\\/\\\/www.akustikksenter.no\\\/#website\",\"url\":\"https:\\\/\\\/www.akustikksenter.no\\\/\",\"name\":\"Norsk Akustikksenter\",\"description\":\"Totalleverand\u00f8r av akustikkl\u00f8sninger\",\"publisher\":{\"@id\":\"https:\\\/\\\/www.akustikksenter.no\\\/#organization\"},\"potentialAction\":[{\"@type\":\"SearchAction\",\"target\":{\"@type\":\"EntryPoint\",\"urlTemplate\":\"https:\\\/\\\/www.akustikksenter.no\\\/?s={search_term_string}\"},\"query-input\":{\"@type\":\"PropertyValueSpecification\",\"valueRequired\":true,\"valueName\":\"search_term_string\"}}],\"inLanguage\":\"da-DK\"},{\"@type\":\"Organization\",\"@id\":\"https:\\\/\\\/www.akustikksenter.no\\\/#organization\",\"name\":\"Norsk Akustikksenter\",\"alternateName\":\"Akustikksenter\",\"url\":\"https:\\\/\\\/www.akustikksenter.no\\\/\",\"logo\":{\"@type\":\"ImageObject\",\"inLanguage\":\"da-DK\",\"@id\":\"https:\\\/\\\/www.akustikksenter.no\\\/#\\\/schema\\\/logo\\\/image\\\/\",\"url\":\"https:\\\/\\\/www.akustikksenter.no\\\/wp-content\\\/uploads\\\/2018\\\/02\\\/Norsk-Akkustikksenter_nyLogo_payoff-3-e1518606723632.png\",\"contentUrl\":\"https:\\\/\\\/www.akustikksenter.no\\\/wp-content\\\/uploads\\\/2018\\\/02\\\/Norsk-Akkustikksenter_nyLogo_payoff-3-e1518606723632.png\",\"width\":232,\"height\":93,\"caption\":\"Norsk Akustikksenter\"},\"image\":{\"@id\":\"https:\\\/\\\/www.akustikksenter.no\\\/#\\\/schema\\\/logo\\\/image\\\/\"},\"sameAs\":[\"https:\\\/\\\/www.facebook.com\\\/Akustikksenter\\\/\",\"https:\\\/\\\/www.pinterest.com\\\/akustikksenter\\\/\",\"https:\\\/\\\/www.instagram.com\\\/akustikksenter_norway\\\/\",\"https:\\\/\\\/no.linkedin.com\\\/company\\\/norsk-akustikksenter-as\"]},{\"@type\":\"Person\",\"@id\":\"https:\\\/\\\/www.akustikksenter.no\\\/#\\\/schema\\\/person\\\/8211b23de1062ef1805514ef9bdc3d4b\",\"name\":\"administrator\"}]}<\/script>\n<!-- \/ Yoast SEO plugin. -->","yoast_head_json":{"title":"Vi takker for den sp\u00e6ndende levering til Signalbygget Silsand Barneskole in Finnsnes - Norsk Akustikksenter","robots":{"index":"index","follow":"follow","max-snippet":"max-snippet:-1","max-image-preview":"max-image-preview:large","max-video-preview":"max-video-preview:-1"},"canonical":"https:\/\/www.akustikksenter.no\/da\/arkiv\/vi-takker-for-den-spaendende-levering-af-signalbygningen-pa-silsand-grundskole-i-finnsnes\/","og_locale":"da_DK","og_type":"article","og_title":"Vi takker for spennende leveranse til Signalbygget Silsand Barneskole p\u00e5 Finnsnes - Norsk Akustikksenter","og_description":"Vi har s\u00f8rget god lyddemping ved valg av effektive og dekorative absorbenter fra v\u00e5rt eget sortiment. Lykke til med flott skole og gode lydforhold. Les mer om prosjektet her:&nbsp;https:\/\/www.nordfra.no\/aktuelt\/nye-silsand-barneskole\/","og_url":"https:\/\/www.akustikksenter.no\/da\/arkiv\/vi-takker-for-den-spaendende-levering-af-signalbygningen-pa-silsand-grundskole-i-finnsnes\/","og_site_name":"Norsk Akustikksenter","article_publisher":"https:\/\/www.facebook.com\/Akustikksenter\/","article_published_time":"2020-11-02T16:15:07+00:00","article_modified_time":"2020-11-02T16:15:56+00:00","og_image":[{"width":1024,"height":633,"url":"https:\/\/www.akustikksenter.no\/wp-content\/uploads\/2020\/11\/Siba-Silsand-skole-1024x633-1.jpg","type":"image\/jpeg"}],"author":"administrator","twitter_misc":{"Skrevet af":"administrator"},"schema":{"@context":"https:\/\/schema.org","@graph":[{"@type":"Article","@id":"https:\/\/www.akustikksenter.no\/arkiv\/vi-takker-for-spennende-leveranse-til-signalbygget-silsand-barneskole-pa-finnsnes\/#article","isPartOf":{"@id":"https:\/\/www.akustikksenter.no\/arkiv\/vi-takker-for-spennende-leveranse-til-signalbygget-silsand-barneskole-pa-finnsnes\/"},"author":{"name":"administrator","@id":"https:\/\/www.akustikksenter.no\/#\/schema\/person\/8211b23de1062ef1805514ef9bdc3d4b"},"headline":"Vi takker for spennende leveranse til Signalbygget Silsand Barneskole p\u00e5 Finnsnes","datePublished":"2020-11-02T16:15:07+00:00","dateModified":"2020-11-02T16:15:56+00:00","mainEntityOfPage":{"@id":"https:\/\/www.akustikksenter.no\/arkiv\/vi-takker-for-spennende-leveranse-til-signalbygget-silsand-barneskole-pa-finnsnes\/"},"wordCount":49,"publisher":{"@id":"https:\/\/www.akustikksenter.no\/#organization"},"image":{"@id":"https:\/\/www.akustikksenter.no\/arkiv\/vi-takker-for-spennende-leveranse-til-signalbygget-silsand-barneskole-pa-finnsnes\/#primaryimage"},"thumbnailUrl":"https:\/\/www.akustikksenter.no\/wp-content\/uploads\/2020\/11\/Siba-Silsand-skole-1024x633-1.jpg","articleSection":["Referanser","Skoler og barnehager"],"inLanguage":"da-DK"},{"@type":"WebPage","@id":"https:\/\/www.akustikksenter.no\/arkiv\/vi-takker-for-spennende-leveranse-til-signalbygget-silsand-barneskole-pa-finnsnes\/","url":"https:\/\/www.akustikksenter.no\/arkiv\/vi-takker-for-spennende-leveranse-til-signalbygget-silsand-barneskole-pa-finnsnes\/","name":"Vi takker for den sp\u00e6ndende levering til Signalbygget Silsand Barneskole in Finnsnes - Norsk Akustikksenter","isPartOf":{"@id":"https:\/\/www.akustikksenter.no\/#website"},"primaryImageOfPage":{"@id":"https:\/\/www.akustikksenter.no\/arkiv\/vi-takker-for-spennende-leveranse-til-signalbygget-silsand-barneskole-pa-finnsnes\/#primaryimage"},"image":{"@id":"https:\/\/www.akustikksenter.no\/arkiv\/vi-takker-for-spennende-leveranse-til-signalbygget-silsand-barneskole-pa-finnsnes\/#primaryimage"},"thumbnailUrl":"https:\/\/www.akustikksenter.no\/wp-content\/uploads\/2020\/11\/Siba-Silsand-skole-1024x633-1.jpg","datePublished":"2020-11-02T16:15:07+00:00","dateModified":"2020-11-02T16:15:56+00:00","breadcrumb":{"@id":"https:\/\/www.akustikksenter.no\/arkiv\/vi-takker-for-spennende-leveranse-til-signalbygget-silsand-barneskole-pa-finnsnes\/#breadcrumb"},"inLanguage":"da-DK","potentialAction":[{"@type":"ReadAction","target":["https:\/\/www.akustikksenter.no\/arkiv\/vi-takker-for-spennende-leveranse-til-signalbygget-silsand-barneskole-pa-finnsnes\/"]}]},{"@type":"ImageObject","inLanguage":"da-DK","@id":"https:\/\/www.akustikksenter.no\/arkiv\/vi-takker-for-spennende-leveranse-til-signalbygget-silsand-barneskole-pa-finnsnes\/#primaryimage","url":"https:\/\/www.akustikksenter.no\/wp-content\/uploads\/2020\/11\/Siba-Silsand-skole-1024x633-1.jpg","contentUrl":"https:\/\/www.akustikksenter.no\/wp-content\/uploads\/2020\/11\/Siba-Silsand-skole-1024x633-1.jpg","width":1024,"height":633},{"@type":"BreadcrumbList","@id":"https:\/\/www.akustikksenter.no\/arkiv\/vi-takker-for-spennende-leveranse-til-signalbygget-silsand-barneskole-pa-finnsnes\/#breadcrumb","itemListElement":[{"@type":"ListItem","position":1,"name":"Hjem","item":"https:\/\/www.akustikksenter.no\/"},{"@type":"ListItem","position":2,"name":"Referanser","item":"https:\/\/www.akustikksenter.no\/kategori\/referanser\/"},{"@type":"ListItem","position":3,"name":"Vi takker for spennende leveranse til Signalbygget Silsand Barneskole p\u00e5 Finnsnes"}]},{"@type":"WebSite","@id":"https:\/\/www.akustikksenter.no\/#website","url":"https:\/\/www.akustikksenter.no\/","name":"Norsk Akustik Center","description":"Totalleverand\u00f8r af akustiske l\u00f8sninger","publisher":{"@id":"https:\/\/www.akustikksenter.no\/#organization"},"potentialAction":[{"@type":"SearchAction","target":{"@type":"EntryPoint","urlTemplate":"https:\/\/www.akustikksenter.no\/?s={search_term_string}"},"query-input":{"@type":"PropertyValueSpecification","valueRequired":true,"valueName":"search_term_string"}}],"inLanguage":"da-DK"},{"@type":"Organization","@id":"https:\/\/www.akustikksenter.no\/#organization","name":"Norsk Akustik Center","alternateName":"Akustikksenter","url":"https:\/\/www.akustikksenter.no\/","logo":{"@type":"ImageObject","inLanguage":"da-DK","@id":"https:\/\/www.akustikksenter.no\/#\/schema\/logo\/image\/","url":"https:\/\/www.akustikksenter.no\/wp-content\/uploads\/2018\/02\/Norsk-Akkustikksenter_nyLogo_payoff-3-e1518606723632.png","contentUrl":"https:\/\/www.akustikksenter.no\/wp-content\/uploads\/2018\/02\/Norsk-Akkustikksenter_nyLogo_payoff-3-e1518606723632.png","width":232,"height":93,"caption":"Norsk Akustikksenter"},"image":{"@id":"https:\/\/www.akustikksenter.no\/#\/schema\/logo\/image\/"},"sameAs":["https:\/\/www.facebook.com\/Akustikksenter\/","https:\/\/www.pinterest.com\/akustikksenter\/","https:\/\/www.instagram.com\/akustikksenter_norway\/","https:\/\/no.linkedin.com\/company\/norsk-akustikksenter-as"]},{"@type":"Person","@id":"https:\/\/www.akustikksenter.no\/#\/schema\/person\/8211b23de1062ef1805514ef9bdc3d4b","name":"Administrator"}]}},"_links":{"self":[{"href":"https:\/\/www.akustikksenter.no\/da\/wp-json\/wp\/v2\/posts\/7547","targetHints":{"allow":["GET"]}}],"collection":[{"href":"https:\/\/www.akustikksenter.no\/da\/wp-json\/wp\/v2\/posts"}],"about":[{"href":"https:\/\/www.akustikksenter.no\/da\/wp-json\/wp\/v2\/types\/post"}],"author":[{"embeddable":true,"href":"https:\/\/www.akustikksenter.no\/da\/wp-json\/wp\/v2\/users\/1"}],"replies":[{"embeddable":true,"href":"https:\/\/www.akustikksenter.no\/da\/wp-json\/wp\/v2\/comments?post=7547"}],"version-history":[{"count":0,"href":"https:\/\/www.akustikksenter.no\/da\/wp-json\/wp\/v2\/posts\/7547\/revisions"}],"wp:featuredmedia":[{"embeddable":true,"href":"https:\/\/www.akustikksenter.no\/da\/wp-json\/wp\/v2\/media\/7548"}],"wp:attachment":[{"href":"https:\/\/www.akustikksenter.no\/da\/wp-json\/wp\/v2\/media?parent=7547"}],"wp:term":[{"taxonomy":"category","embeddable":true,"href":"https:\/\/www.akustikksenter.no\/da\/wp-json\/wp\/v2\/categories?post=7547"},{"taxonomy":"post_tag","embeddable":true,"href":"https:\/\/www.akustikksenter.no\/da\/wp-json\/wp\/v2\/tags?post=7547"}],"curies":[{"name":"wp","href":"https:\/\/api.w.org\/{rel}","templated":true}]}}