{"id":9599,"date":"2022-10-21T11:33:00","date_gmt":"2022-10-21T09:33:00","guid":{"rendered":"https:\/\/www-akustikksenter.wp3.hcweb.dev\/?p=9599"},"modified":"2022-10-21T11:49:49","modified_gmt":"2022-10-21T09:49:49","slug":"gazelle-organisation-2022","status":"publish","type":"post","link":"https:\/\/www.akustikksenter.no\/da\/arkiv\/gasellebedrift-2022\/","title":{"rendered":"Gazelle-organisation 2022"},"content":{"rendered":"<p style=\"font-size:32px\">Vi er meget stolte over at v\u00e6re blevet anerkendt som Seriegazelle af <a href=\"https:\/\/www.dn.no\/gaselle\/\" target=\"_blank\" rel=\"noreferrer noopener\">Dagens N\u00e6ringsliv!<\/a> Det betyder, at vi er blevet anerkendt som Gazelle-virksomhed for fjerde \u00e5r i tr\u00e6k. <\/p>\n\n\n\n<p>Mange tak til vores loyale kunder, partnere og ikke mindst vores h\u00e5rdtarbejdende og dygtige medarbejdere.<\/p>\n\n\n\n<div class=\"wp-block-group has-background\" style=\"background-color:#e6e6e62e\"><div class=\"wp-block-group__inner-container is-layout-flow wp-block-group-is-layout-flow\">\n<h2 class=\"alignwide wp-block-heading\">Hvad er gazellerne?<\/h2>\n\n\n\n<div class=\"wp-block-columns is-layout-flex wp-container-core-columns-is-layout-9d6595d7 wp-block-columns-is-layout-flex\">\n<div class=\"wp-block-column is-layout-flow wp-block-column-is-layout-flow\">\n<h3 class=\"wp-block-heading\">Gazeller - Norges hurtigst voksende virksomheder<\/h3>\n\n\n\n<p><a href=\"https:\/\/www.dn.no\/\">Dagens N\u00e6ringsliv <\/a>har anerkendt landets mest succesfulde virksomheder siden 2003. Gazellerne er Norges hurtigst voksende og mest succesfulde virksomheder. En gazelle skal mindst have fordoblet sin oms\u00e6tning p\u00e5 fire \u00e5r og tjene penge.<\/p>\n<\/div>\n\n\n\n<div class=\"wp-block-column is-layout-flow wp-block-column-is-layout-flow\">\n<h3 class=\"wp-block-heading\">Kriterier for gazellevirksomheder<\/h3>\n\n\n\n<ul class=\"wp-block-list\"><li>Leverede autoriserede konti<\/li><li>Mindst fordoblet oms\u00e6tning over fire \u00e5r<\/li><li>Oms\u00e6tning p\u00e5 mere end NOK 1 million det f\u00f8rste \u00e5r<\/li><li>Positivt samlet driftsresultat<\/li><li>Undgik faldende oms\u00e6tning<\/li><li>Har v\u00e6ret et aktieselskab<\/li><\/ul>\n<\/div>\n<\/div>\n<\/div><\/div>\n\n\n\n<div style=\"height:20px\" aria-hidden=\"true\" class=\"wp-block-spacer\"><\/div>\n\n\n\n<p><a href=\"https:\/\/www.akustikksenter.no\/da\/om-os\/\">Klik her<\/a> for at l\u00e6se mere om os, vores vision og v\u00e6rdier<\/p>\n\n\n\n<figure class=\"wp-block-gallery has-nested-images columns-default is-cropped wp-block-gallery-1 is-layout-flex wp-block-gallery-is-layout-flex\">\n<figure class=\"wp-block-image size-large\"><img decoding=\"async\" width=\"1711\" height=\"1331\" data-id=\"8618\" src=\"https:\/\/www.akustikksenter.no\/wp-content\/uploads\/2022\/07\/Frigg-Hex.jpeg\" alt=\"\" class=\"wp-image-8618\" srcset=\"https:\/\/www.akustikksenter.no\/wp-content\/uploads\/2022\/07\/Frigg-Hex.jpeg 1711w, https:\/\/www.akustikksenter.no\/wp-content\/uploads\/2022\/07\/Frigg-Hex-800x622.jpeg 800w, https:\/\/www.akustikksenter.no\/wp-content\/uploads\/2022\/07\/Frigg-Hex-400x311.jpeg 400w, https:\/\/www.akustikksenter.no\/wp-content\/uploads\/2022\/07\/Frigg-Hex-1024x797.jpeg 1024w, https:\/\/www.akustikksenter.no\/wp-content\/uploads\/2022\/07\/Frigg-Hex-200x156.jpeg 200w, https:\/\/www.akustikksenter.no\/wp-content\/uploads\/2022\/07\/Frigg-Hex-768x597.jpeg 768w, https:\/\/www.akustikksenter.no\/wp-content\/uploads\/2022\/07\/Frigg-Hex-1536x1195.jpeg 1536w\" sizes=\"(max-width: 1711px) 100vw, 1711px\" \/><\/figure>\n\n\n\n<figure class=\"wp-block-image size-large\"><img decoding=\"async\" width=\"2560\" height=\"1707\" data-id=\"9289\" src=\"https:\/\/www.akustikksenter.no\/wp-content\/uploads\/2022\/09\/Flater-og-baffler-scaled.jpg\" alt=\"\" class=\"wp-image-9289\" srcset=\"https:\/\/www.akustikksenter.no\/wp-content\/uploads\/2022\/09\/Flater-og-baffler-scaled.jpg 2560w, https:\/\/www.akustikksenter.no\/wp-content\/uploads\/2022\/09\/Flater-og-baffler-400x267.jpg 400w, https:\/\/www.akustikksenter.no\/wp-content\/uploads\/2022\/09\/Flater-og-baffler-1024x683.jpg 1024w, https:\/\/www.akustikksenter.no\/wp-content\/uploads\/2022\/09\/Flater-og-baffler-200x133.jpg 200w, https:\/\/www.akustikksenter.no\/wp-content\/uploads\/2022\/09\/Flater-og-baffler-768x512.jpg 768w, https:\/\/www.akustikksenter.no\/wp-content\/uploads\/2022\/09\/Flater-og-baffler-1536x1024.jpg 1536w, https:\/\/www.akustikksenter.no\/wp-content\/uploads\/2022\/09\/Flater-og-baffler-2048x1365.jpg 2048w, https:\/\/www.akustikksenter.no\/wp-content\/uploads\/2022\/09\/Flater-og-baffler-800x533.jpg 800w\" sizes=\"(max-width: 2560px) 100vw, 2560px\" \/><\/figure>\n\n\n\n<figure class=\"wp-block-image size-large\"><img decoding=\"async\" width=\"2304\" height=\"1728\" data-id=\"8603\" src=\"https:\/\/www.akustikksenter.no\/wp-content\/uploads\/2019\/10\/IMG_20220422_104121_resized_20220422_104157634.jpg\" alt=\"\" class=\"wp-image-8603\" srcset=\"https:\/\/www.akustikksenter.no\/wp-content\/uploads\/2019\/10\/IMG_20220422_104121_resized_20220422_104157634.jpg 2304w, https:\/\/www.akustikksenter.no\/wp-content\/uploads\/2019\/10\/IMG_20220422_104121_resized_20220422_104157634-800x600.jpg 800w, https:\/\/www.akustikksenter.no\/wp-content\/uploads\/2019\/10\/IMG_20220422_104121_resized_20220422_104157634-400x300.jpg 400w, https:\/\/www.akustikksenter.no\/wp-content\/uploads\/2019\/10\/IMG_20220422_104121_resized_20220422_104157634-1024x768.jpg 1024w, https:\/\/www.akustikksenter.no\/wp-content\/uploads\/2019\/10\/IMG_20220422_104121_resized_20220422_104157634-200x150.jpg 200w, https:\/\/www.akustikksenter.no\/wp-content\/uploads\/2019\/10\/IMG_20220422_104121_resized_20220422_104157634-768x576.jpg 768w, https:\/\/www.akustikksenter.no\/wp-content\/uploads\/2019\/10\/IMG_20220422_104121_resized_20220422_104157634-1536x1152.jpg 1536w, https:\/\/www.akustikksenter.no\/wp-content\/uploads\/2019\/10\/IMG_20220422_104121_resized_20220422_104157634-2048x1536.jpg 2048w\" sizes=\"(max-width: 2304px) 100vw, 2304px\" \/><\/figure>\n\n\n\n<figure class=\"wp-block-image size-large\"><img decoding=\"async\" width=\"1024\" height=\"683\" data-id=\"9347\" src=\"https:\/\/www.akustikksenter.no\/wp-content\/uploads\/2022\/06\/Eira-40-svart-opplimt-i-taket-copy-scaled-1-1024x683.jpg\" alt=\"\" class=\"wp-image-9347\" srcset=\"https:\/\/www.akustikksenter.no\/wp-content\/uploads\/2022\/06\/Eira-40-svart-opplimt-i-taket-copy-scaled-1-1024x683.jpg 1024w, https:\/\/www.akustikksenter.no\/wp-content\/uploads\/2022\/06\/Eira-40-svart-opplimt-i-taket-copy-scaled-1-400x267.jpg 400w, https:\/\/www.akustikksenter.no\/wp-content\/uploads\/2022\/06\/Eira-40-svart-opplimt-i-taket-copy-scaled-1-200x133.jpg 200w, https:\/\/www.akustikksenter.no\/wp-content\/uploads\/2022\/06\/Eira-40-svart-opplimt-i-taket-copy-scaled-1-768x512.jpg 768w, https:\/\/www.akustikksenter.no\/wp-content\/uploads\/2022\/06\/Eira-40-svart-opplimt-i-taket-copy-scaled-1-1536x1025.jpg 1536w, https:\/\/www.akustikksenter.no\/wp-content\/uploads\/2022\/06\/Eira-40-svart-opplimt-i-taket-copy-scaled-1-2048x1366.jpg 2048w, https:\/\/www.akustikksenter.no\/wp-content\/uploads\/2022\/06\/Eira-40-svart-opplimt-i-taket-copy-scaled-1-800x534.jpg 800w\" sizes=\"(max-width: 1024px) 100vw, 1024px\" \/><figcaption>Sabi Enso - Specialproduktion - Loke 40 som spiller<\/figcaption><\/figure>\n\n\n\n<figure class=\"wp-block-image size-large\"><img decoding=\"async\" width=\"2048\" height=\"1536\" data-id=\"9043\" src=\"https:\/\/www.akustikksenter.no\/wp-content\/uploads\/2016\/01\/IMG_1865.jpeg\" alt=\"\" class=\"wp-image-9043\" srcset=\"https:\/\/www.akustikksenter.no\/wp-content\/uploads\/2016\/01\/IMG_1865.jpeg 2048w, https:\/\/www.akustikksenter.no\/wp-content\/uploads\/2016\/01\/IMG_1865-800x600.jpeg 800w, https:\/\/www.akustikksenter.no\/wp-content\/uploads\/2016\/01\/IMG_1865-400x300.jpeg 400w, https:\/\/www.akustikksenter.no\/wp-content\/uploads\/2016\/01\/IMG_1865-1024x768.jpeg 1024w, https:\/\/www.akustikksenter.no\/wp-content\/uploads\/2016\/01\/IMG_1865-200x150.jpeg 200w, https:\/\/www.akustikksenter.no\/wp-content\/uploads\/2016\/01\/IMG_1865-768x576.jpeg 768w, https:\/\/www.akustikksenter.no\/wp-content\/uploads\/2016\/01\/IMG_1865-1536x1152.jpeg 1536w\" sizes=\"(max-width: 2048px) 100vw, 2048px\" \/><\/figure>\n\n\n\n<figure class=\"wp-block-image size-large\"><img decoding=\"async\" width=\"2560\" height=\"1920\" data-id=\"9573\" src=\"https:\/\/www.akustikksenter.no\/wp-content\/uploads\/2022\/10\/Privat-bolig-trapp-scaled.jpg\" alt=\"\" class=\"wp-image-9573\" srcset=\"https:\/\/www.akustikksenter.no\/wp-content\/uploads\/2022\/10\/Privat-bolig-trapp-scaled.jpg 2560w, https:\/\/www.akustikksenter.no\/wp-content\/uploads\/2022\/10\/Privat-bolig-trapp-400x300.jpg 400w, https:\/\/www.akustikksenter.no\/wp-content\/uploads\/2022\/10\/Privat-bolig-trapp-1024x768.jpg 1024w, https:\/\/www.akustikksenter.no\/wp-content\/uploads\/2022\/10\/Privat-bolig-trapp-200x150.jpg 200w, https:\/\/www.akustikksenter.no\/wp-content\/uploads\/2022\/10\/Privat-bolig-trapp-768x576.jpg 768w, https:\/\/www.akustikksenter.no\/wp-content\/uploads\/2022\/10\/Privat-bolig-trapp-1536x1152.jpg 1536w, https:\/\/www.akustikksenter.no\/wp-content\/uploads\/2022\/10\/Privat-bolig-trapp-2048x1536.jpg 2048w, https:\/\/www.akustikksenter.no\/wp-content\/uploads\/2022\/10\/Privat-bolig-trapp-800x600.jpg 800w\" sizes=\"(max-width: 2560px) 100vw, 2560px\" \/><\/figure>\n<\/figure>","protected":false},"excerpt":{"rendered":"<p>Vi er meget stolte over at v\u00e6re blevet anerkendt som Gaselle-virksomhed af Dagens N\u00e6ringsliv! Det betyder, at vi for fjerde \u00e5r i tr\u00e6k er blevet anerkendt som en Gazelle-virksomhed. Mange tak til vores loyale kunder, samarbejdspartnere og ikke mindst vores h\u00e5rdtarbejdende og dygtige medarbejdere. Hvad er Gazellerne? Gazeller - Norges hurtigst voksende virksomheder Dagens...<\/p>","protected":false},"author":1,"featured_media":9632,"comment_status":"closed","ping_status":"open","sticky":false,"template":"","format":"standard","meta":{"_acf_changed":false,"footnotes":""},"categories":[26],"tags":[],"class_list":["post-9599","post","type-post","status-publish","format-standard","has-post-thumbnail","hentry","category-aktuelt"],"acf":[],"yoast_head":"<!-- This site is optimized with the Yoast SEO plugin v27.4 - https:\/\/yoast.com\/product\/yoast-seo-wordpress\/ -->\n<title>Gasellebedrift 2022 - Norsk Akustikksenter<\/title>\n<meta name=\"robots\" content=\"index, follow, max-snippet:-1, max-image-preview:large, max-video-preview:-1\" \/>\n<link rel=\"canonical\" href=\"https:\/\/www.akustikksenter.no\/da\/arkiv\/gazelle-organisation-2022\/\" \/>\n<meta property=\"og:locale\" content=\"da_DK\" \/>\n<meta property=\"og:type\" content=\"article\" \/>\n<meta property=\"og:title\" content=\"Gasellebedrift 2022 - Norsk Akustikksenter\" \/>\n<meta property=\"og:description\" content=\"Vi er veldig stolte av at vi har blitt k\u00e5ret til Serie Gaselle av Dagens N\u00e6ringsliv! Det vil si at vi for fjerde \u00e5r p\u00e5 rad har blitt k\u00e5ret som Gasellebedrift. Tusen takk til trofaste kunder, samarbeidspartnere og ikke minst v\u00e5re hardtarbeidene og dyktige ansatte. Hva er gasellene? Gaseller \u2013 Norges raskest voksende bedrifter Dagens&hellip;\" \/>\n<meta property=\"og:url\" content=\"https:\/\/www.akustikksenter.no\/da\/arkiv\/gazelle-organisation-2022\/\" \/>\n<meta property=\"og:site_name\" content=\"Norsk Akustikksenter\" \/>\n<meta property=\"article:publisher\" content=\"https:\/\/www.facebook.com\/Akustikksenter\/\" \/>\n<meta property=\"article:published_time\" content=\"2022-10-21T09:33:00+00:00\" \/>\n<meta property=\"article:modified_time\" content=\"2022-10-21T09:49:49+00:00\" \/>\n<meta property=\"og:image\" content=\"https:\/\/www.akustikksenter.no\/wp-content\/uploads\/2000\/10\/gaselle.png\" \/>\n\t<meta property=\"og:image:width\" content=\"1200\" \/>\n\t<meta property=\"og:image:height\" content=\"630\" \/>\n\t<meta property=\"og:image:type\" content=\"image\/png\" \/>\n<meta name=\"author\" content=\"administrator\" \/>\n<meta name=\"twitter:label1\" content=\"Skrevet af\" \/>\n\t<meta name=\"twitter:data1\" content=\"administrator\" \/>\n\t<meta name=\"twitter:label2\" content=\"Estimeret l\u00e6setid\" \/>\n\t<meta name=\"twitter:data2\" content=\"1 minut\" \/>\n<script type=\"application\/ld+json\" class=\"yoast-schema-graph\">{\"@context\":\"https:\\\/\\\/schema.org\",\"@graph\":[{\"@type\":\"Article\",\"@id\":\"https:\\\/\\\/www.akustikksenter.no\\\/arkiv\\\/gasellebedrift-2022\\\/#article\",\"isPartOf\":{\"@id\":\"https:\\\/\\\/www.akustikksenter.no\\\/arkiv\\\/gasellebedrift-2022\\\/\"},\"author\":{\"name\":\"administrator\",\"@id\":\"https:\\\/\\\/www.akustikksenter.no\\\/#\\\/schema\\\/person\\\/8211b23de1062ef1805514ef9bdc3d4b\"},\"headline\":\"Gasellebedrift 2022\",\"datePublished\":\"2022-10-21T09:33:00+00:00\",\"dateModified\":\"2022-10-21T09:49:49+00:00\",\"mainEntityOfPage\":{\"@id\":\"https:\\\/\\\/www.akustikksenter.no\\\/arkiv\\\/gasellebedrift-2022\\\/\"},\"wordCount\":142,\"publisher\":{\"@id\":\"https:\\\/\\\/www.akustikksenter.no\\\/#organization\"},\"image\":{\"@id\":\"https:\\\/\\\/www.akustikksenter.no\\\/arkiv\\\/gasellebedrift-2022\\\/#primaryimage\"},\"thumbnailUrl\":\"https:\\\/\\\/www.akustikksenter.no\\\/wp-content\\\/uploads\\\/2000\\\/10\\\/gaselle.png\",\"articleSection\":[\"Aktuelt\"],\"inLanguage\":\"da-DK\"},{\"@type\":\"WebPage\",\"@id\":\"https:\\\/\\\/www.akustikksenter.no\\\/arkiv\\\/gasellebedrift-2022\\\/\",\"url\":\"https:\\\/\\\/www.akustikksenter.no\\\/arkiv\\\/gasellebedrift-2022\\\/\",\"name\":\"Gasellebedrift 2022 - Norsk Akustikksenter\",\"isPartOf\":{\"@id\":\"https:\\\/\\\/www.akustikksenter.no\\\/#website\"},\"primaryImageOfPage\":{\"@id\":\"https:\\\/\\\/www.akustikksenter.no\\\/arkiv\\\/gasellebedrift-2022\\\/#primaryimage\"},\"image\":{\"@id\":\"https:\\\/\\\/www.akustikksenter.no\\\/arkiv\\\/gasellebedrift-2022\\\/#primaryimage\"},\"thumbnailUrl\":\"https:\\\/\\\/www.akustikksenter.no\\\/wp-content\\\/uploads\\\/2000\\\/10\\\/gaselle.png\",\"datePublished\":\"2022-10-21T09:33:00+00:00\",\"dateModified\":\"2022-10-21T09:49:49+00:00\",\"breadcrumb\":{\"@id\":\"https:\\\/\\\/www.akustikksenter.no\\\/arkiv\\\/gasellebedrift-2022\\\/#breadcrumb\"},\"inLanguage\":\"da-DK\",\"potentialAction\":[{\"@type\":\"ReadAction\",\"target\":[\"https:\\\/\\\/www.akustikksenter.no\\\/arkiv\\\/gasellebedrift-2022\\\/\"]}]},{\"@type\":\"ImageObject\",\"inLanguage\":\"da-DK\",\"@id\":\"https:\\\/\\\/www.akustikksenter.no\\\/arkiv\\\/gasellebedrift-2022\\\/#primaryimage\",\"url\":\"https:\\\/\\\/www.akustikksenter.no\\\/wp-content\\\/uploads\\\/2000\\\/10\\\/gaselle.png\",\"contentUrl\":\"https:\\\/\\\/www.akustikksenter.no\\\/wp-content\\\/uploads\\\/2000\\\/10\\\/gaselle.png\",\"width\":1200,\"height\":630},{\"@type\":\"BreadcrumbList\",\"@id\":\"https:\\\/\\\/www.akustikksenter.no\\\/arkiv\\\/gasellebedrift-2022\\\/#breadcrumb\",\"itemListElement\":[{\"@type\":\"ListItem\",\"position\":1,\"name\":\"Hjem\",\"item\":\"https:\\\/\\\/www.akustikksenter.no\\\/\"},{\"@type\":\"ListItem\",\"position\":2,\"name\":\"Aktuelt\",\"item\":\"https:\\\/\\\/www.akustikksenter.no\\\/kategori\\\/aktuelt\\\/\"},{\"@type\":\"ListItem\",\"position\":3,\"name\":\"Gasellebedrift 2022\"}]},{\"@type\":\"WebSite\",\"@id\":\"https:\\\/\\\/www.akustikksenter.no\\\/#website\",\"url\":\"https:\\\/\\\/www.akustikksenter.no\\\/\",\"name\":\"Norsk Akustikksenter\",\"description\":\"Totalleverand\u00f8r av akustikkl\u00f8sninger\",\"publisher\":{\"@id\":\"https:\\\/\\\/www.akustikksenter.no\\\/#organization\"},\"potentialAction\":[{\"@type\":\"SearchAction\",\"target\":{\"@type\":\"EntryPoint\",\"urlTemplate\":\"https:\\\/\\\/www.akustikksenter.no\\\/?s={search_term_string}\"},\"query-input\":{\"@type\":\"PropertyValueSpecification\",\"valueRequired\":true,\"valueName\":\"search_term_string\"}}],\"inLanguage\":\"da-DK\"},{\"@type\":\"Organization\",\"@id\":\"https:\\\/\\\/www.akustikksenter.no\\\/#organization\",\"name\":\"Norsk Akustikksenter\",\"alternateName\":\"Akustikksenter\",\"url\":\"https:\\\/\\\/www.akustikksenter.no\\\/\",\"logo\":{\"@type\":\"ImageObject\",\"inLanguage\":\"da-DK\",\"@id\":\"https:\\\/\\\/www.akustikksenter.no\\\/#\\\/schema\\\/logo\\\/image\\\/\",\"url\":\"https:\\\/\\\/www.akustikksenter.no\\\/wp-content\\\/uploads\\\/2018\\\/02\\\/Norsk-Akkustikksenter_nyLogo_payoff-3-e1518606723632.png\",\"contentUrl\":\"https:\\\/\\\/www.akustikksenter.no\\\/wp-content\\\/uploads\\\/2018\\\/02\\\/Norsk-Akkustikksenter_nyLogo_payoff-3-e1518606723632.png\",\"width\":232,\"height\":93,\"caption\":\"Norsk Akustikksenter\"},\"image\":{\"@id\":\"https:\\\/\\\/www.akustikksenter.no\\\/#\\\/schema\\\/logo\\\/image\\\/\"},\"sameAs\":[\"https:\\\/\\\/www.facebook.com\\\/Akustikksenter\\\/\",\"https:\\\/\\\/www.pinterest.com\\\/akustikksenter\\\/\",\"https:\\\/\\\/www.instagram.com\\\/akustikksenter_norway\\\/\",\"https:\\\/\\\/no.linkedin.com\\\/company\\\/norsk-akustikksenter-as\"]},{\"@type\":\"Person\",\"@id\":\"https:\\\/\\\/www.akustikksenter.no\\\/#\\\/schema\\\/person\\\/8211b23de1062ef1805514ef9bdc3d4b\",\"name\":\"administrator\"}]}<\/script>\n<!-- \/ Yoast SEO plugin. -->","yoast_head_json":{"title":"Gazelle virksomhed 2022 - Norsk Akustik Center","robots":{"index":"index","follow":"follow","max-snippet":"max-snippet:-1","max-image-preview":"max-image-preview:large","max-video-preview":"max-video-preview:-1"},"canonical":"https:\/\/www.akustikksenter.no\/da\/arkiv\/gazelle-organisation-2022\/","og_locale":"da_DK","og_type":"article","og_title":"Gasellebedrift 2022 - Norsk Akustikksenter","og_description":"Vi er veldig stolte av at vi har blitt k\u00e5ret til Serie Gaselle av Dagens N\u00e6ringsliv! Det vil si at vi for fjerde \u00e5r p\u00e5 rad har blitt k\u00e5ret som Gasellebedrift. Tusen takk til trofaste kunder, samarbeidspartnere og ikke minst v\u00e5re hardtarbeidene og dyktige ansatte. Hva er gasellene? Gaseller \u2013 Norges raskest voksende bedrifter Dagens&hellip;","og_url":"https:\/\/www.akustikksenter.no\/da\/arkiv\/gazelle-organisation-2022\/","og_site_name":"Norsk Akustikksenter","article_publisher":"https:\/\/www.facebook.com\/Akustikksenter\/","article_published_time":"2022-10-21T09:33:00+00:00","article_modified_time":"2022-10-21T09:49:49+00:00","og_image":[{"width":1200,"height":630,"url":"https:\/\/www.akustikksenter.no\/wp-content\/uploads\/2000\/10\/gaselle.png","type":"image\/png"}],"author":"administrator","twitter_misc":{"Skrevet af":"administrator","Estimeret l\u00e6setid":"1 minut"},"schema":{"@context":"https:\/\/schema.org","@graph":[{"@type":"Article","@id":"https:\/\/www.akustikksenter.no\/arkiv\/gasellebedrift-2022\/#article","isPartOf":{"@id":"https:\/\/www.akustikksenter.no\/arkiv\/gasellebedrift-2022\/"},"author":{"name":"administrator","@id":"https:\/\/www.akustikksenter.no\/#\/schema\/person\/8211b23de1062ef1805514ef9bdc3d4b"},"headline":"Gasellebedrift 2022","datePublished":"2022-10-21T09:33:00+00:00","dateModified":"2022-10-21T09:49:49+00:00","mainEntityOfPage":{"@id":"https:\/\/www.akustikksenter.no\/arkiv\/gasellebedrift-2022\/"},"wordCount":142,"publisher":{"@id":"https:\/\/www.akustikksenter.no\/#organization"},"image":{"@id":"https:\/\/www.akustikksenter.no\/arkiv\/gasellebedrift-2022\/#primaryimage"},"thumbnailUrl":"https:\/\/www.akustikksenter.no\/wp-content\/uploads\/2000\/10\/gaselle.png","articleSection":["Aktuelt"],"inLanguage":"da-DK"},{"@type":"WebPage","@id":"https:\/\/www.akustikksenter.no\/arkiv\/gasellebedrift-2022\/","url":"https:\/\/www.akustikksenter.no\/arkiv\/gasellebedrift-2022\/","name":"Gazelle virksomhed 2022 - Norsk Akustik Center","isPartOf":{"@id":"https:\/\/www.akustikksenter.no\/#website"},"primaryImageOfPage":{"@id":"https:\/\/www.akustikksenter.no\/arkiv\/gasellebedrift-2022\/#primaryimage"},"image":{"@id":"https:\/\/www.akustikksenter.no\/arkiv\/gasellebedrift-2022\/#primaryimage"},"thumbnailUrl":"https:\/\/www.akustikksenter.no\/wp-content\/uploads\/2000\/10\/gaselle.png","datePublished":"2022-10-21T09:33:00+00:00","dateModified":"2022-10-21T09:49:49+00:00","breadcrumb":{"@id":"https:\/\/www.akustikksenter.no\/arkiv\/gasellebedrift-2022\/#breadcrumb"},"inLanguage":"da-DK","potentialAction":[{"@type":"ReadAction","target":["https:\/\/www.akustikksenter.no\/arkiv\/gasellebedrift-2022\/"]}]},{"@type":"ImageObject","inLanguage":"da-DK","@id":"https:\/\/www.akustikksenter.no\/arkiv\/gasellebedrift-2022\/#primaryimage","url":"https:\/\/www.akustikksenter.no\/wp-content\/uploads\/2000\/10\/gaselle.png","contentUrl":"https:\/\/www.akustikksenter.no\/wp-content\/uploads\/2000\/10\/gaselle.png","width":1200,"height":630},{"@type":"BreadcrumbList","@id":"https:\/\/www.akustikksenter.no\/arkiv\/gasellebedrift-2022\/#breadcrumb","itemListElement":[{"@type":"ListItem","position":1,"name":"Hjem","item":"https:\/\/www.akustikksenter.no\/"},{"@type":"ListItem","position":2,"name":"Aktuelt","item":"https:\/\/www.akustikksenter.no\/kategori\/aktuelt\/"},{"@type":"ListItem","position":3,"name":"Gasellebedrift 2022"}]},{"@type":"WebSite","@id":"https:\/\/www.akustikksenter.no\/#website","url":"https:\/\/www.akustikksenter.no\/","name":"Norsk Akustik Center","description":"Totalleverand\u00f8r af akustiske l\u00f8sninger","publisher":{"@id":"https:\/\/www.akustikksenter.no\/#organization"},"potentialAction":[{"@type":"SearchAction","target":{"@type":"EntryPoint","urlTemplate":"https:\/\/www.akustikksenter.no\/?s={search_term_string}"},"query-input":{"@type":"PropertyValueSpecification","valueRequired":true,"valueName":"search_term_string"}}],"inLanguage":"da-DK"},{"@type":"Organization","@id":"https:\/\/www.akustikksenter.no\/#organization","name":"Norsk Akustik Center","alternateName":"Akustikksenter","url":"https:\/\/www.akustikksenter.no\/","logo":{"@type":"ImageObject","inLanguage":"da-DK","@id":"https:\/\/www.akustikksenter.no\/#\/schema\/logo\/image\/","url":"https:\/\/www.akustikksenter.no\/wp-content\/uploads\/2018\/02\/Norsk-Akkustikksenter_nyLogo_payoff-3-e1518606723632.png","contentUrl":"https:\/\/www.akustikksenter.no\/wp-content\/uploads\/2018\/02\/Norsk-Akkustikksenter_nyLogo_payoff-3-e1518606723632.png","width":232,"height":93,"caption":"Norsk Akustikksenter"},"image":{"@id":"https:\/\/www.akustikksenter.no\/#\/schema\/logo\/image\/"},"sameAs":["https:\/\/www.facebook.com\/Akustikksenter\/","https:\/\/www.pinterest.com\/akustikksenter\/","https:\/\/www.instagram.com\/akustikksenter_norway\/","https:\/\/no.linkedin.com\/company\/norsk-akustikksenter-as"]},{"@type":"Person","@id":"https:\/\/www.akustikksenter.no\/#\/schema\/person\/8211b23de1062ef1805514ef9bdc3d4b","name":"Administrator"}]}},"_links":{"self":[{"href":"https:\/\/www.akustikksenter.no\/da\/wp-json\/wp\/v2\/posts\/9599","targetHints":{"allow":["GET"]}}],"collection":[{"href":"https:\/\/www.akustikksenter.no\/da\/wp-json\/wp\/v2\/posts"}],"about":[{"href":"https:\/\/www.akustikksenter.no\/da\/wp-json\/wp\/v2\/types\/post"}],"author":[{"embeddable":true,"href":"https:\/\/www.akustikksenter.no\/da\/wp-json\/wp\/v2\/users\/1"}],"replies":[{"embeddable":true,"href":"https:\/\/www.akustikksenter.no\/da\/wp-json\/wp\/v2\/comments?post=9599"}],"version-history":[{"count":0,"href":"https:\/\/www.akustikksenter.no\/da\/wp-json\/wp\/v2\/posts\/9599\/revisions"}],"wp:featuredmedia":[{"embeddable":true,"href":"https:\/\/www.akustikksenter.no\/da\/wp-json\/wp\/v2\/media\/9632"}],"wp:attachment":[{"href":"https:\/\/www.akustikksenter.no\/da\/wp-json\/wp\/v2\/media?parent=9599"}],"wp:term":[{"taxonomy":"category","embeddable":true,"href":"https:\/\/www.akustikksenter.no\/da\/wp-json\/wp\/v2\/categories?post=9599"},{"taxonomy":"post_tag","embeddable":true,"href":"https:\/\/www.akustikksenter.no\/da\/wp-json\/wp\/v2\/tags?post=9599"}],"curies":[{"name":"wp","href":"https:\/\/api.w.org\/{rel}","templated":true}]}}