{"id":2251,"date":"2016-03-08T09:24:02","date_gmt":"2016-03-08T08:24:02","guid":{"rendered":"https:\/\/www-akustikksenter.wp3.hcweb.dev\/?p=2251"},"modified":"2022-08-17T14:22:29","modified_gmt":"2022-08-17T12:22:29","slug":"at-klp-in-oslo","status":"publish","type":"post","link":"https:\/\/www.akustikksenter.no\/en\/arkiv\/hos-klp-i-oslo\/","title":{"rendered":"Sound control at KLP in Oslo"},"content":{"rendered":"<p><strong>Sound control of several video conference rooms at KLP in Oslo.<\/strong><\/p>\n<p>Good video conferencing depends on a good picture and the best possible speech clarity and speech perception. The rooms are designed to achieve this. A good-looking installation contributes to a good and comfortable working environment.<\/p>\n\n\t\t<style>\n\t\t\t#gallery-1 {\n\t\t\t\tmargin: auto;\n\t\t\t}\n\t\t\t#gallery-1 .gallery-item {\n\t\t\t\tfloat: left;\n\t\t\t\tmargin-top: 10px;\n\t\t\t\ttext-align: center;\n\t\t\t\twidth: 33%;\n\t\t\t}\n\t\t\t#gallery-1 img {\n\t\t\t\tborder: 2px solid #cfcfcf;\n\t\t\t}\n\t\t\t#gallery-1 .gallery-caption {\n\t\t\t\tmargin-left: 0;\n\t\t\t}\n\t\t\t\/* see gallery_shortcode() in wp-includes\/media.php *\/\n\t\t<\/style>\n\t\t<div id='gallery-1' class='gallery galleryid-2251 gallery-columns-3 gallery-size-thumbnail'><dl class='gallery-item'>\n\t\t\t<dt class='gallery-icon landscape'>\n\t\t\t\t<a href='https:\/\/www.akustikksenter.no\/wp-content\/uploads\/2016\/03\/klp-oslo-vegg.jpg'><img decoding=\"async\" width=\"150\" height=\"150\" src=\"https:\/\/www.akustikksenter.no\/wp-content\/uploads\/2016\/03\/klp-oslo-vegg-150x150.jpg\" class=\"attachment-thumbnail size-thumbnail\" alt=\"\" aria-describedby=\"gallery-1-2255\" srcset=\"https:\/\/www.akustikksenter.no\/wp-content\/uploads\/2016\/03\/klp-oslo-vegg-150x150.jpg 150w, https:\/\/www.akustikksenter.no\/wp-content\/uploads\/2016\/03\/klp-oslo-vegg-450x450.jpg 450w, https:\/\/www.akustikksenter.no\/wp-content\/uploads\/2016\/03\/klp-oslo-vegg-100x100.jpg 100w, https:\/\/www.akustikksenter.no\/wp-content\/uploads\/2016\/03\/klp-oslo-vegg-300x300.jpg 300w, https:\/\/www.akustikksenter.no\/wp-content\/uploads\/2016\/03\/klp-oslo-vegg-500x500.jpg 500w, https:\/\/www.akustikksenter.no\/wp-content\/uploads\/2016\/03\/klp-oslo-vegg-80x80.jpg 80w\" sizes=\"(max-width: 150px) 100vw, 150px\" \/><\/a>\n\t\t\t<\/dt>\n\t\t\t\t<dd class='wp-caption-text gallery-caption' id='gallery-1-2255'>\n\t\t\t\tLoke 40 mm grey and Eira 40 mm black.\n\t\t\t\t<\/dd><\/dl><dl class='gallery-item'>\n\t\t\t<dt class='gallery-icon portrait'>\n\t\t\t\t<a href='https:\/\/www.akustikksenter.no\/wp-content\/uploads\/2016\/03\/klp-oslo.jpg'><img decoding=\"async\" width=\"150\" height=\"150\" src=\"https:\/\/www.akustikksenter.no\/wp-content\/uploads\/2016\/03\/klp-oslo-150x150.jpg\" class=\"attachment-thumbnail size-thumbnail\" alt=\"\" aria-describedby=\"gallery-1-2256\" srcset=\"https:\/\/www.akustikksenter.no\/wp-content\/uploads\/2016\/03\/klp-oslo-150x150.jpg 150w, https:\/\/www.akustikksenter.no\/wp-content\/uploads\/2016\/03\/klp-oslo-450x450.jpg 450w, https:\/\/www.akustikksenter.no\/wp-content\/uploads\/2016\/03\/klp-oslo-100x100.jpg 100w, https:\/\/www.akustikksenter.no\/wp-content\/uploads\/2016\/03\/klp-oslo-300x300.jpg 300w, https:\/\/www.akustikksenter.no\/wp-content\/uploads\/2016\/03\/klp-oslo-500x500.jpg 500w, https:\/\/www.akustikksenter.no\/wp-content\/uploads\/2016\/03\/klp-oslo-80x80.jpg 80w\" sizes=\"(max-width: 150px) 100vw, 150px\" \/><\/a>\n\t\t\t<\/dt>\n\t\t\t\t<dd class='wp-caption-text gallery-caption' id='gallery-1-2256'>\n\t\t\t\tInstallation\n\t\t\t\t<\/dd><\/dl><dl class='gallery-item'>\n\t\t\t<dt class='gallery-icon landscape'>\n\t\t\t\t<a href='https:\/\/www.akustikksenter.no\/wp-content\/uploads\/2016\/03\/klp-oslo-.jpg'><img decoding=\"async\" width=\"150\" height=\"150\" src=\"https:\/\/www.akustikksenter.no\/wp-content\/uploads\/2016\/03\/klp-oslo--150x150.jpg\" class=\"attachment-thumbnail size-thumbnail\" alt=\"\" aria-describedby=\"gallery-1-2257\" srcset=\"https:\/\/www.akustikksenter.no\/wp-content\/uploads\/2016\/03\/klp-oslo--150x150.jpg 150w, https:\/\/www.akustikksenter.no\/wp-content\/uploads\/2016\/03\/klp-oslo--450x450.jpg 450w, https:\/\/www.akustikksenter.no\/wp-content\/uploads\/2016\/03\/klp-oslo--100x100.jpg 100w, https:\/\/www.akustikksenter.no\/wp-content\/uploads\/2016\/03\/klp-oslo--300x300.jpg 300w, https:\/\/www.akustikksenter.no\/wp-content\/uploads\/2016\/03\/klp-oslo--500x500.jpg 500w, https:\/\/www.akustikksenter.no\/wp-content\/uploads\/2016\/03\/klp-oslo--80x80.jpg 80w\" sizes=\"(max-width: 150px) 100vw, 150px\" \/><\/a>\n\t\t\t<\/dt>\n\t\t\t\t<dd class='wp-caption-text gallery-caption' id='gallery-1-2257'>\n\t\t\t\tLoke 40 mm grey and Eira 40 mm black.\n\t\t\t\t<\/dd><\/dl><br style=\"clear: both\" \/>\n\t\t<\/div>\n\n<p>Products are: <a href=\"https:\/\/www.akustikksenter.no\/en\/shop\/sound-absorbing-products\/loke-40mm\/\">Loke\u2122 40 mm Grey<\/a> and <a href=\"https:\/\/www.akustikksenter.no\/en\/shop\/sound-absorbing-products\/eira-40-sort\/\">Eira\u2122 40 mm black<\/a>.<\/p>","protected":false},"excerpt":{"rendered":"<p>Sound control of several video conference rooms at KLP in Oslo. Good video conferencing depends on a good picture and the best possible speech clarity and speech perception. The rooms are regulated to achieve this. A good-looking installation contributes to a good and comfortable working environment. Products are: Loke\u2122 40 mm grey and Eira\u2122 40 mm black.<\/p>","protected":false},"author":1,"featured_media":2257,"comment_status":"closed","ping_status":"closed","sticky":false,"template":"","format":"standard","meta":{"_acf_changed":false,"footnotes":""},"categories":[26,299,28],"tags":[],"class_list":["post-2251","post","type-post","status-publish","format-standard","has-post-thumbnail","hentry","category-aktuelt","category-kontor-moterom-og-kantine","category-referanser"],"acf":[],"yoast_head":"<!-- This site is optimized with the Yoast SEO plugin v27.4 - https:\/\/yoast.com\/product\/yoast-seo-wordpress\/ -->\n<title>Lydregulering hos KLP i Oslo - Norsk Akustikksenter<\/title>\n<meta name=\"robots\" content=\"index, follow, max-snippet:-1, max-image-preview:large, max-video-preview:-1\" \/>\n<link rel=\"canonical\" href=\"https:\/\/www.akustikksenter.no\/en\/archive\/at-klp-in-oslo\/\" \/>\n<meta property=\"og:locale\" content=\"en_GB\" \/>\n<meta property=\"og:type\" content=\"article\" \/>\n<meta property=\"og:title\" content=\"Lydregulering hos KLP i Oslo - Norsk Akustikksenter\" \/>\n<meta property=\"og:description\" content=\"Lydregulering\u00a0 av flere videokonferanserom hos KLP i Oslo. Gode videokonferanser avhenger av bra bilde og best mulig taletydelighet og taleoppfattelse.\u00a0Rommene er regulert for \u00e5 f\u00e5 til dette. At installasjonene ser bra ut bidrar til et bra og komfortabelt arbeidsmilj\u00f8. Produkter er: Loke\u2122 40 mm Gr\u00e5 og Eira\u2122 40 mm svart.\" \/>\n<meta property=\"og:url\" content=\"https:\/\/www.akustikksenter.no\/en\/archive\/at-klp-in-oslo\/\" \/>\n<meta property=\"og:site_name\" content=\"Norsk Akustikksenter\" \/>\n<meta property=\"article:publisher\" content=\"https:\/\/www.facebook.com\/Akustikksenter\/\" \/>\n<meta property=\"article:published_time\" content=\"2016-03-08T08:24:02+00:00\" \/>\n<meta property=\"article:modified_time\" content=\"2022-08-17T12:22:29+00:00\" \/>\n<meta property=\"og:image\" content=\"https:\/\/www.akustikksenter.no\/wp-content\/uploads\/2016\/03\/klp-oslo-.jpg\" \/>\n\t<meta property=\"og:image:width\" content=\"1632\" \/>\n\t<meta property=\"og:image:height\" content=\"1224\" \/>\n\t<meta property=\"og:image:type\" content=\"image\/jpeg\" \/>\n<meta name=\"author\" content=\"administrator\" \/>\n<meta name=\"twitter:label1\" content=\"Written by\" \/>\n\t<meta name=\"twitter:data1\" content=\"administrator\" \/>\n<script type=\"application\/ld+json\" class=\"yoast-schema-graph\">{\"@context\":\"https:\\\/\\\/schema.org\",\"@graph\":[{\"@type\":\"Article\",\"@id\":\"https:\\\/\\\/www.akustikksenter.no\\\/arkiv\\\/hos-klp-i-oslo\\\/#article\",\"isPartOf\":{\"@id\":\"https:\\\/\\\/www.akustikksenter.no\\\/arkiv\\\/hos-klp-i-oslo\\\/\"},\"author\":{\"name\":\"administrator\",\"@id\":\"https:\\\/\\\/www.akustikksenter.no\\\/#\\\/schema\\\/person\\\/8211b23de1062ef1805514ef9bdc3d4b\"},\"headline\":\"Lydregulering hos KLP i Oslo\",\"datePublished\":\"2016-03-08T08:24:02+00:00\",\"dateModified\":\"2022-08-17T12:22:29+00:00\",\"mainEntityOfPage\":{\"@id\":\"https:\\\/\\\/www.akustikksenter.no\\\/arkiv\\\/hos-klp-i-oslo\\\/\"},\"wordCount\":59,\"publisher\":{\"@id\":\"https:\\\/\\\/www.akustikksenter.no\\\/#organization\"},\"image\":{\"@id\":\"https:\\\/\\\/www.akustikksenter.no\\\/arkiv\\\/hos-klp-i-oslo\\\/#primaryimage\"},\"thumbnailUrl\":\"https:\\\/\\\/www.akustikksenter.no\\\/wp-content\\\/uploads\\\/2016\\\/03\\\/klp-oslo-.jpg\",\"articleSection\":[\"Aktuelt\",\"Kontor, m\u00f8terom og kantine\",\"Referanser\"],\"inLanguage\":\"en-GB\"},{\"@type\":\"WebPage\",\"@id\":\"https:\\\/\\\/www.akustikksenter.no\\\/arkiv\\\/hos-klp-i-oslo\\\/\",\"url\":\"https:\\\/\\\/www.akustikksenter.no\\\/arkiv\\\/hos-klp-i-oslo\\\/\",\"name\":\"Lydregulering hos KLP i Oslo - Norsk Akustikksenter\",\"isPartOf\":{\"@id\":\"https:\\\/\\\/www.akustikksenter.no\\\/#website\"},\"primaryImageOfPage\":{\"@id\":\"https:\\\/\\\/www.akustikksenter.no\\\/arkiv\\\/hos-klp-i-oslo\\\/#primaryimage\"},\"image\":{\"@id\":\"https:\\\/\\\/www.akustikksenter.no\\\/arkiv\\\/hos-klp-i-oslo\\\/#primaryimage\"},\"thumbnailUrl\":\"https:\\\/\\\/www.akustikksenter.no\\\/wp-content\\\/uploads\\\/2016\\\/03\\\/klp-oslo-.jpg\",\"datePublished\":\"2016-03-08T08:24:02+00:00\",\"dateModified\":\"2022-08-17T12:22:29+00:00\",\"breadcrumb\":{\"@id\":\"https:\\\/\\\/www.akustikksenter.no\\\/arkiv\\\/hos-klp-i-oslo\\\/#breadcrumb\"},\"inLanguage\":\"en-GB\",\"potentialAction\":[{\"@type\":\"ReadAction\",\"target\":[\"https:\\\/\\\/www.akustikksenter.no\\\/arkiv\\\/hos-klp-i-oslo\\\/\"]}]},{\"@type\":\"ImageObject\",\"inLanguage\":\"en-GB\",\"@id\":\"https:\\\/\\\/www.akustikksenter.no\\\/arkiv\\\/hos-klp-i-oslo\\\/#primaryimage\",\"url\":\"https:\\\/\\\/www.akustikksenter.no\\\/wp-content\\\/uploads\\\/2016\\\/03\\\/klp-oslo-.jpg\",\"contentUrl\":\"https:\\\/\\\/www.akustikksenter.no\\\/wp-content\\\/uploads\\\/2016\\\/03\\\/klp-oslo-.jpg\",\"width\":1632,\"height\":1224,\"caption\":\"Loke 40 mm Gr\u00e5 og Eira 40 mm svart.\"},{\"@type\":\"BreadcrumbList\",\"@id\":\"https:\\\/\\\/www.akustikksenter.no\\\/arkiv\\\/hos-klp-i-oslo\\\/#breadcrumb\",\"itemListElement\":[{\"@type\":\"ListItem\",\"position\":1,\"name\":\"Hjem\",\"item\":\"https:\\\/\\\/www.akustikksenter.no\\\/\"},{\"@type\":\"ListItem\",\"position\":2,\"name\":\"Referanser\",\"item\":\"https:\\\/\\\/www.akustikksenter.no\\\/kategori\\\/referanser\\\/\"},{\"@type\":\"ListItem\",\"position\":3,\"name\":\"Kontor, m\u00f8terom og kantine\",\"item\":\"https:\\\/\\\/www.akustikksenter.no\\\/kategori\\\/referanser\\\/kontor-moterom-og-kantine\\\/\"},{\"@type\":\"ListItem\",\"position\":4,\"name\":\"Lydregulering hos KLP i Oslo\"}]},{\"@type\":\"WebSite\",\"@id\":\"https:\\\/\\\/www.akustikksenter.no\\\/#website\",\"url\":\"https:\\\/\\\/www.akustikksenter.no\\\/\",\"name\":\"Norsk Akustikksenter\",\"description\":\"Totalleverand\u00f8r av akustikkl\u00f8sninger\",\"publisher\":{\"@id\":\"https:\\\/\\\/www.akustikksenter.no\\\/#organization\"},\"potentialAction\":[{\"@type\":\"SearchAction\",\"target\":{\"@type\":\"EntryPoint\",\"urlTemplate\":\"https:\\\/\\\/www.akustikksenter.no\\\/?s={search_term_string}\"},\"query-input\":{\"@type\":\"PropertyValueSpecification\",\"valueRequired\":true,\"valueName\":\"search_term_string\"}}],\"inLanguage\":\"en-GB\"},{\"@type\":\"Organization\",\"@id\":\"https:\\\/\\\/www.akustikksenter.no\\\/#organization\",\"name\":\"Norsk Akustikksenter\",\"alternateName\":\"Akustikksenter\",\"url\":\"https:\\\/\\\/www.akustikksenter.no\\\/\",\"logo\":{\"@type\":\"ImageObject\",\"inLanguage\":\"en-GB\",\"@id\":\"https:\\\/\\\/www.akustikksenter.no\\\/#\\\/schema\\\/logo\\\/image\\\/\",\"url\":\"https:\\\/\\\/www.akustikksenter.no\\\/wp-content\\\/uploads\\\/2018\\\/02\\\/Norsk-Akkustikksenter_nyLogo_payoff-3-e1518606723632.png\",\"contentUrl\":\"https:\\\/\\\/www.akustikksenter.no\\\/wp-content\\\/uploads\\\/2018\\\/02\\\/Norsk-Akkustikksenter_nyLogo_payoff-3-e1518606723632.png\",\"width\":232,\"height\":93,\"caption\":\"Norsk Akustikksenter\"},\"image\":{\"@id\":\"https:\\\/\\\/www.akustikksenter.no\\\/#\\\/schema\\\/logo\\\/image\\\/\"},\"sameAs\":[\"https:\\\/\\\/www.facebook.com\\\/Akustikksenter\\\/\",\"https:\\\/\\\/www.pinterest.com\\\/akustikksenter\\\/\",\"https:\\\/\\\/www.instagram.com\\\/akustikksenter_norway\\\/\",\"https:\\\/\\\/no.linkedin.com\\\/company\\\/norsk-akustikksenter-as\"]},{\"@type\":\"Person\",\"@id\":\"https:\\\/\\\/www.akustikksenter.no\\\/#\\\/schema\\\/person\\\/8211b23de1062ef1805514ef9bdc3d4b\",\"name\":\"administrator\"}]}<\/script>\n<!-- \/ Yoast SEO plugin. -->","yoast_head_json":{"title":"Sound control at KLP in Oslo - Norsk Akustikksenter","robots":{"index":"index","follow":"follow","max-snippet":"max-snippet:-1","max-image-preview":"max-image-preview:large","max-video-preview":"max-video-preview:-1"},"canonical":"https:\/\/www.akustikksenter.no\/en\/archive\/at-klp-in-oslo\/","og_locale":"en_GB","og_type":"article","og_title":"Lydregulering hos KLP i Oslo - Norsk Akustikksenter","og_description":"Lydregulering\u00a0 av flere videokonferanserom hos KLP i Oslo. Gode videokonferanser avhenger av bra bilde og best mulig taletydelighet og taleoppfattelse.\u00a0Rommene er regulert for \u00e5 f\u00e5 til dette. At installasjonene ser bra ut bidrar til et bra og komfortabelt arbeidsmilj\u00f8. Produkter er: Loke\u2122 40 mm Gr\u00e5 og Eira\u2122 40 mm svart.","og_url":"https:\/\/www.akustikksenter.no\/en\/archive\/at-klp-in-oslo\/","og_site_name":"Norsk Akustikksenter","article_publisher":"https:\/\/www.facebook.com\/Akustikksenter\/","article_published_time":"2016-03-08T08:24:02+00:00","article_modified_time":"2022-08-17T12:22:29+00:00","og_image":[{"width":1632,"height":1224,"url":"https:\/\/www.akustikksenter.no\/wp-content\/uploads\/2016\/03\/klp-oslo-.jpg","type":"image\/jpeg"}],"author":"administrator","twitter_misc":{"Written by":"administrator"},"schema":{"@context":"https:\/\/schema.org","@graph":[{"@type":"Article","@id":"https:\/\/www.akustikksenter.no\/arkiv\/hos-klp-i-oslo\/#article","isPartOf":{"@id":"https:\/\/www.akustikksenter.no\/arkiv\/hos-klp-i-oslo\/"},"author":{"name":"administrator","@id":"https:\/\/www.akustikksenter.no\/#\/schema\/person\/8211b23de1062ef1805514ef9bdc3d4b"},"headline":"Lydregulering hos KLP i Oslo","datePublished":"2016-03-08T08:24:02+00:00","dateModified":"2022-08-17T12:22:29+00:00","mainEntityOfPage":{"@id":"https:\/\/www.akustikksenter.no\/arkiv\/hos-klp-i-oslo\/"},"wordCount":59,"publisher":{"@id":"https:\/\/www.akustikksenter.no\/#organization"},"image":{"@id":"https:\/\/www.akustikksenter.no\/arkiv\/hos-klp-i-oslo\/#primaryimage"},"thumbnailUrl":"https:\/\/www.akustikksenter.no\/wp-content\/uploads\/2016\/03\/klp-oslo-.jpg","articleSection":["Aktuelt","Kontor, m\u00f8terom og kantine","Referanser"],"inLanguage":"en-GB"},{"@type":"WebPage","@id":"https:\/\/www.akustikksenter.no\/arkiv\/hos-klp-i-oslo\/","url":"https:\/\/www.akustikksenter.no\/arkiv\/hos-klp-i-oslo\/","name":"Sound control at KLP in Oslo - Norsk Akustikksenter","isPartOf":{"@id":"https:\/\/www.akustikksenter.no\/#website"},"primaryImageOfPage":{"@id":"https:\/\/www.akustikksenter.no\/arkiv\/hos-klp-i-oslo\/#primaryimage"},"image":{"@id":"https:\/\/www.akustikksenter.no\/arkiv\/hos-klp-i-oslo\/#primaryimage"},"thumbnailUrl":"https:\/\/www.akustikksenter.no\/wp-content\/uploads\/2016\/03\/klp-oslo-.jpg","datePublished":"2016-03-08T08:24:02+00:00","dateModified":"2022-08-17T12:22:29+00:00","breadcrumb":{"@id":"https:\/\/www.akustikksenter.no\/arkiv\/hos-klp-i-oslo\/#breadcrumb"},"inLanguage":"en-GB","potentialAction":[{"@type":"ReadAction","target":["https:\/\/www.akustikksenter.no\/arkiv\/hos-klp-i-oslo\/"]}]},{"@type":"ImageObject","inLanguage":"en-GB","@id":"https:\/\/www.akustikksenter.no\/arkiv\/hos-klp-i-oslo\/#primaryimage","url":"https:\/\/www.akustikksenter.no\/wp-content\/uploads\/2016\/03\/klp-oslo-.jpg","contentUrl":"https:\/\/www.akustikksenter.no\/wp-content\/uploads\/2016\/03\/klp-oslo-.jpg","width":1632,"height":1224,"caption":"Loke 40 mm Gr\u00e5 og Eira 40 mm svart."},{"@type":"BreadcrumbList","@id":"https:\/\/www.akustikksenter.no\/arkiv\/hos-klp-i-oslo\/#breadcrumb","itemListElement":[{"@type":"ListItem","position":1,"name":"Hjem","item":"https:\/\/www.akustikksenter.no\/"},{"@type":"ListItem","position":2,"name":"Referanser","item":"https:\/\/www.akustikksenter.no\/kategori\/referanser\/"},{"@type":"ListItem","position":3,"name":"Kontor, m\u00f8terom og kantine","item":"https:\/\/www.akustikksenter.no\/kategori\/referanser\/kontor-moterom-og-kantine\/"},{"@type":"ListItem","position":4,"name":"Lydregulering hos KLP i Oslo"}]},{"@type":"WebSite","@id":"https:\/\/www.akustikksenter.no\/#website","url":"https:\/\/www.akustikksenter.no\/","name":"Norwegian Acoustics Centre","description":"Total supplier of acoustic solutions","publisher":{"@id":"https:\/\/www.akustikksenter.no\/#organization"},"potentialAction":[{"@type":"SearchAction","target":{"@type":"EntryPoint","urlTemplate":"https:\/\/www.akustikksenter.no\/?s={search_term_string}"},"query-input":{"@type":"PropertyValueSpecification","valueRequired":true,"valueName":"search_term_string"}}],"inLanguage":"en-GB"},{"@type":"Organization","@id":"https:\/\/www.akustikksenter.no\/#organization","name":"Norwegian Acoustics Centre","alternateName":"Akustikksenter","url":"https:\/\/www.akustikksenter.no\/","logo":{"@type":"ImageObject","inLanguage":"en-GB","@id":"https:\/\/www.akustikksenter.no\/#\/schema\/logo\/image\/","url":"https:\/\/www.akustikksenter.no\/wp-content\/uploads\/2018\/02\/Norsk-Akkustikksenter_nyLogo_payoff-3-e1518606723632.png","contentUrl":"https:\/\/www.akustikksenter.no\/wp-content\/uploads\/2018\/02\/Norsk-Akkustikksenter_nyLogo_payoff-3-e1518606723632.png","width":232,"height":93,"caption":"Norsk Akustikksenter"},"image":{"@id":"https:\/\/www.akustikksenter.no\/#\/schema\/logo\/image\/"},"sameAs":["https:\/\/www.facebook.com\/Akustikksenter\/","https:\/\/www.pinterest.com\/akustikksenter\/","https:\/\/www.instagram.com\/akustikksenter_norway\/","https:\/\/no.linkedin.com\/company\/norsk-akustikksenter-as"]},{"@type":"Person","@id":"https:\/\/www.akustikksenter.no\/#\/schema\/person\/8211b23de1062ef1805514ef9bdc3d4b","name":"administrator"}]}},"_links":{"self":[{"href":"https:\/\/www.akustikksenter.no\/en\/wp-json\/wp\/v2\/posts\/2251","targetHints":{"allow":["GET"]}}],"collection":[{"href":"https:\/\/www.akustikksenter.no\/en\/wp-json\/wp\/v2\/posts"}],"about":[{"href":"https:\/\/www.akustikksenter.no\/en\/wp-json\/wp\/v2\/types\/post"}],"author":[{"embeddable":true,"href":"https:\/\/www.akustikksenter.no\/en\/wp-json\/wp\/v2\/users\/1"}],"replies":[{"embeddable":true,"href":"https:\/\/www.akustikksenter.no\/en\/wp-json\/wp\/v2\/comments?post=2251"}],"version-history":[{"count":0,"href":"https:\/\/www.akustikksenter.no\/en\/wp-json\/wp\/v2\/posts\/2251\/revisions"}],"wp:featuredmedia":[{"embeddable":true,"href":"https:\/\/www.akustikksenter.no\/en\/wp-json\/wp\/v2\/media\/2257"}],"wp:attachment":[{"href":"https:\/\/www.akustikksenter.no\/en\/wp-json\/wp\/v2\/media?parent=2251"}],"wp:term":[{"taxonomy":"category","embeddable":true,"href":"https:\/\/www.akustikksenter.no\/en\/wp-json\/wp\/v2\/categories?post=2251"},{"taxonomy":"post_tag","embeddable":true,"href":"https:\/\/www.akustikksenter.no\/en\/wp-json\/wp\/v2\/tags?post=2251"}],"curies":[{"name":"wp","href":"https:\/\/api.w.org\/{rel}","templated":true}]}}