{"id":3216,"date":"2017-09-11T15:36:13","date_gmt":"2017-09-11T13:36:13","guid":{"rendered":"https:\/\/www-akustikksenter.wp3.hcweb.dev\/?p=3216"},"modified":"2018-11-15T15:11:06","modified_gmt":"2018-11-15T14:11:06","slug":"soundproofing-of-a-functional-building-in-oslo","status":"publish","type":"post","link":"https:\/\/www.akustikksenter.no\/en\/arkiv\/lydregulering-av-funkisbolig-oslo\/","title":{"rendered":"Soundproofing of a functionalist property in Oslo"},"content":{"rendered":"<p><img decoding=\"async\" class=\"alignnone size-large wp-image-3217\" src=\"https:\/\/www.akustikksenter.no\/wp-content\/uploads\/2017\/09\/image1-1024x768.jpg\" alt=\"\" width=\"960\" height=\"720\" \/><\/p>\n<p>A new and beautiful functionalist house became almost uninhabitable due to too much reverberation. With only hard surfaces, the sound waves bounced around the house and no one could \"rest\".<\/p>\n<p>In addition to the rooms shown here, adjustments have been made in the music room, staircase and basement room. Prior to the adjustment, sound measurements, calculations and a plan for placement were carried out. It was also decided which absorbers would do the job best in terms of effect and aesthetics. The end result was good and customised acoustics in all rooms. A house the family can find peace and live well in.<\/p>\n<p>&nbsp;<\/p>\n<p>The absorbers used are <em><a href=\"https:\/\/www.akustikksenter.no\/en\/shop\/sound-absorbing-products\/eira-40-sort\/\">Eira<sup>TM<\/sup><\/a><\/em> 40 plus <a href=\"https:\/\/www.akustikksenter.no\/en\/shop\/sound-absorbing-products\/wall-absorbent-textile\/\">grey <em>Frigg<sup>TM<\/sup><\/em> 25.<\/a><\/p>\n\n\t\t<style>\n\t\t\t#gallery-1 {\n\t\t\t\tmargin: auto;\n\t\t\t}\n\t\t\t#gallery-1 .gallery-item {\n\t\t\t\tfloat: left;\n\t\t\t\tmargin-top: 10px;\n\t\t\t\ttext-align: center;\n\t\t\t\twidth: 20%;\n\t\t\t}\n\t\t\t#gallery-1 img {\n\t\t\t\tborder: 2px solid #cfcfcf;\n\t\t\t}\n\t\t\t#gallery-1 .gallery-caption {\n\t\t\t\tmargin-left: 0;\n\t\t\t}\n\t\t\t\/* see gallery_shortcode() in wp-includes\/media.php *\/\n\t\t<\/style>\n\t\t<div id='gallery-1' class='gallery galleryid-3216 gallery-columns-5 gallery-size-medium'><dl class='gallery-item'>\n\t\t\t<dt class='gallery-icon landscape'>\n\t\t\t\t<img decoding=\"async\" width=\"300\" height=\"225\" src=\"https:\/\/www.akustikksenter.no\/wp-content\/uploads\/2017\/09\/image4-300x225.jpg\" class=\"attachment-medium size-medium\" alt=\"\" srcset=\"https:\/\/www.akustikksenter.no\/wp-content\/uploads\/2017\/09\/image4-300x225.jpg 300w, https:\/\/www.akustikksenter.no\/wp-content\/uploads\/2017\/09\/image4-e1505136776579-800x600.jpg 800w, https:\/\/www.akustikksenter.no\/wp-content\/uploads\/2017\/09\/image4-768x576.jpg 768w, https:\/\/www.akustikksenter.no\/wp-content\/uploads\/2017\/09\/image4-1024x768.jpg 1024w, https:\/\/www.akustikksenter.no\/wp-content\/uploads\/2017\/09\/image4-250x188.jpg 250w, https:\/\/www.akustikksenter.no\/wp-content\/uploads\/2017\/09\/image4-e1505136776579-500x375.jpg 500w, https:\/\/www.akustikksenter.no\/wp-content\/uploads\/2017\/09\/image4-e1505136776579.jpg 1920w\" sizes=\"(max-width: 300px) 100vw, 300px\" \/>\n\t\t\t<\/dt><\/dl><dl class='gallery-item'>\n\t\t\t<dt class='gallery-icon landscape'>\n\t\t\t\t<img decoding=\"async\" width=\"300\" height=\"225\" src=\"https:\/\/www.akustikksenter.no\/wp-content\/uploads\/2017\/09\/image3-300x225.jpg\" class=\"attachment-medium size-medium\" alt=\"\" srcset=\"https:\/\/www.akustikksenter.no\/wp-content\/uploads\/2017\/09\/image3-300x225.jpg 300w, https:\/\/www.akustikksenter.no\/wp-content\/uploads\/2017\/09\/image3-e1505136791696-800x600.jpg 800w, https:\/\/www.akustikksenter.no\/wp-content\/uploads\/2017\/09\/image3-768x576.jpg 768w, https:\/\/www.akustikksenter.no\/wp-content\/uploads\/2017\/09\/image3-1024x768.jpg 1024w, https:\/\/www.akustikksenter.no\/wp-content\/uploads\/2017\/09\/image3-250x188.jpg 250w, https:\/\/www.akustikksenter.no\/wp-content\/uploads\/2017\/09\/image3-e1505136791696-500x375.jpg 500w, https:\/\/www.akustikksenter.no\/wp-content\/uploads\/2017\/09\/image3-e1505136791696.jpg 1920w\" sizes=\"(max-width: 300px) 100vw, 300px\" \/>\n\t\t\t<\/dt><\/dl><dl class='gallery-item'>\n\t\t\t<dt class='gallery-icon landscape'>\n\t\t\t\t<img decoding=\"async\" width=\"300\" height=\"225\" src=\"https:\/\/www.akustikksenter.no\/wp-content\/uploads\/2017\/09\/image2-300x225.jpg\" class=\"attachment-medium size-medium\" alt=\"\" srcset=\"https:\/\/www.akustikksenter.no\/wp-content\/uploads\/2017\/09\/image2-300x225.jpg 300w, https:\/\/www.akustikksenter.no\/wp-content\/uploads\/2017\/09\/image2-e1505136801595-800x600.jpg 800w, https:\/\/www.akustikksenter.no\/wp-content\/uploads\/2017\/09\/image2-768x576.jpg 768w, https:\/\/www.akustikksenter.no\/wp-content\/uploads\/2017\/09\/image2-1024x768.jpg 1024w, https:\/\/www.akustikksenter.no\/wp-content\/uploads\/2017\/09\/image2-250x188.jpg 250w, https:\/\/www.akustikksenter.no\/wp-content\/uploads\/2017\/09\/image2-e1505136801595-500x375.jpg 500w, https:\/\/www.akustikksenter.no\/wp-content\/uploads\/2017\/09\/image2-e1505136801595.jpg 1920w\" sizes=\"(max-width: 300px) 100vw, 300px\" \/>\n\t\t\t<\/dt><\/dl><dl class='gallery-item'>\n\t\t\t<dt class='gallery-icon landscape'>\n\t\t\t\t<img decoding=\"async\" width=\"300\" height=\"225\" src=\"https:\/\/www.akustikksenter.no\/wp-content\/uploads\/2017\/09\/IMG_0619-300x225.jpg\" class=\"attachment-medium size-medium\" alt=\"\" srcset=\"https:\/\/www.akustikksenter.no\/wp-content\/uploads\/2017\/09\/IMG_0619-300x225.jpg 300w, https:\/\/www.akustikksenter.no\/wp-content\/uploads\/2017\/09\/IMG_0619-e1505136822757-800x600.jpg 800w, https:\/\/www.akustikksenter.no\/wp-content\/uploads\/2017\/09\/IMG_0619-768x576.jpg 768w, https:\/\/www.akustikksenter.no\/wp-content\/uploads\/2017\/09\/IMG_0619-1024x768.jpg 1024w, https:\/\/www.akustikksenter.no\/wp-content\/uploads\/2017\/09\/IMG_0619-250x188.jpg 250w, https:\/\/www.akustikksenter.no\/wp-content\/uploads\/2017\/09\/IMG_0619-e1505136822757-500x375.jpg 500w, https:\/\/www.akustikksenter.no\/wp-content\/uploads\/2017\/09\/IMG_0619-e1505136822757.jpg 1920w\" sizes=\"(max-width: 300px) 100vw, 300px\" \/>\n\t\t\t<\/dt><\/dl><dl class='gallery-item'>\n\t\t\t<dt class='gallery-icon landscape'>\n\t\t\t\t<img decoding=\"async\" width=\"300\" height=\"225\" src=\"https:\/\/www.akustikksenter.no\/wp-content\/uploads\/2017\/09\/IMG_1229-300x225.jpg\" class=\"attachment-medium size-medium\" alt=\"\" srcset=\"https:\/\/www.akustikksenter.no\/wp-content\/uploads\/2017\/09\/IMG_1229-300x225.jpg 300w, https:\/\/www.akustikksenter.no\/wp-content\/uploads\/2017\/09\/IMG_1229-e1505136933360-800x600.jpg 800w, https:\/\/www.akustikksenter.no\/wp-content\/uploads\/2017\/09\/IMG_1229-768x576.jpg 768w, https:\/\/www.akustikksenter.no\/wp-content\/uploads\/2017\/09\/IMG_1229-1024x768.jpg 1024w, https:\/\/www.akustikksenter.no\/wp-content\/uploads\/2017\/09\/IMG_1229-250x188.jpg 250w, https:\/\/www.akustikksenter.no\/wp-content\/uploads\/2017\/09\/IMG_1229-e1505136933360-500x375.jpg 500w, https:\/\/www.akustikksenter.no\/wp-content\/uploads\/2017\/09\/IMG_1229-e1505136933360.jpg 1920w\" sizes=\"(max-width: 300px) 100vw, 300px\" \/>\n\t\t\t<\/dt><\/dl><br style=\"clear: both\" \/>\n\t\t<\/div>\n\n<p>Some photos from the assembly process:<\/p>\n\n\t\t<style>\n\t\t\t#gallery-2 {\n\t\t\t\tmargin: auto;\n\t\t\t}\n\t\t\t#gallery-2 .gallery-item {\n\t\t\t\tfloat: left;\n\t\t\t\tmargin-top: 10px;\n\t\t\t\ttext-align: center;\n\t\t\t\twidth: 33%;\n\t\t\t}\n\t\t\t#gallery-2 img {\n\t\t\t\tborder: 2px solid #cfcfcf;\n\t\t\t}\n\t\t\t#gallery-2 .gallery-caption {\n\t\t\t\tmargin-left: 0;\n\t\t\t}\n\t\t\t\/* see gallery_shortcode() in wp-includes\/media.php *\/\n\t\t<\/style>\n\t\t<div id='gallery-2' class='gallery galleryid-3216 gallery-columns-3 gallery-size-thumbnail'><dl class='gallery-item'>\n\t\t\t<dt class='gallery-icon landscape'>\n\t\t\t\t<img decoding=\"async\" width=\"150\" height=\"150\" src=\"https:\/\/www.akustikksenter.no\/wp-content\/uploads\/2017\/09\/IMG_0586-150x150.jpg\" class=\"attachment-thumbnail size-thumbnail\" alt=\"\" srcset=\"https:\/\/www.akustikksenter.no\/wp-content\/uploads\/2017\/09\/IMG_0586-150x150.jpg 150w, https:\/\/www.akustikksenter.no\/wp-content\/uploads\/2017\/09\/IMG_0586-e1505137071416-450x450.jpg 450w, https:\/\/www.akustikksenter.no\/wp-content\/uploads\/2017\/09\/IMG_0586-e1505137071416-100x100.jpg 100w, https:\/\/www.akustikksenter.no\/wp-content\/uploads\/2017\/09\/IMG_0586-e1505137071416-300x300.jpg 300w, https:\/\/www.akustikksenter.no\/wp-content\/uploads\/2017\/09\/IMG_0586-500x500.jpg 500w, https:\/\/www.akustikksenter.no\/wp-content\/uploads\/2017\/09\/IMG_0586-80x80.jpg 80w\" sizes=\"(max-width: 150px) 100vw, 150px\" \/>\n\t\t\t<\/dt><\/dl><dl class='gallery-item'>\n\t\t\t<dt class='gallery-icon landscape'>\n\t\t\t\t<img decoding=\"async\" width=\"150\" height=\"150\" src=\"https:\/\/www.akustikksenter.no\/wp-content\/uploads\/2017\/09\/image5-150x150.jpg\" class=\"attachment-thumbnail size-thumbnail\" alt=\"\" srcset=\"https:\/\/www.akustikksenter.no\/wp-content\/uploads\/2017\/09\/image5-150x150.jpg 150w, https:\/\/www.akustikksenter.no\/wp-content\/uploads\/2017\/09\/image5-e1505137094957-450x450.jpg 450w, https:\/\/www.akustikksenter.no\/wp-content\/uploads\/2017\/09\/image5-e1505137094957-100x100.jpg 100w, https:\/\/www.akustikksenter.no\/wp-content\/uploads\/2017\/09\/image5-e1505137094957-300x300.jpg 300w, https:\/\/www.akustikksenter.no\/wp-content\/uploads\/2017\/09\/image5-500x500.jpg 500w, https:\/\/www.akustikksenter.no\/wp-content\/uploads\/2017\/09\/image5-80x80.jpg 80w\" sizes=\"(max-width: 150px) 100vw, 150px\" \/>\n\t\t\t<\/dt><\/dl><dl class='gallery-item'>\n\t\t\t<dt class='gallery-icon landscape'>\n\t\t\t\t<img decoding=\"async\" width=\"150\" height=\"150\" src=\"https:\/\/www.akustikksenter.no\/wp-content\/uploads\/2017\/09\/IMG_0597-150x150.jpg\" class=\"attachment-thumbnail size-thumbnail\" alt=\"\" srcset=\"https:\/\/www.akustikksenter.no\/wp-content\/uploads\/2017\/09\/IMG_0597-150x150.jpg 150w, https:\/\/www.akustikksenter.no\/wp-content\/uploads\/2017\/09\/IMG_0597-e1505137103452-450x450.jpg 450w, https:\/\/www.akustikksenter.no\/wp-content\/uploads\/2017\/09\/IMG_0597-e1505137103452-100x100.jpg 100w, https:\/\/www.akustikksenter.no\/wp-content\/uploads\/2017\/09\/IMG_0597-e1505137103452-300x300.jpg 300w, https:\/\/www.akustikksenter.no\/wp-content\/uploads\/2017\/09\/IMG_0597-500x500.jpg 500w, https:\/\/www.akustikksenter.no\/wp-content\/uploads\/2017\/09\/IMG_0597-80x80.jpg 80w\" sizes=\"(max-width: 150px) 100vw, 150px\" \/>\n\t\t\t<\/dt><\/dl><br style=\"clear: both\" \/>\n\t\t<\/div>","protected":false},"excerpt":{"rendered":"<p>Nytt og flott funkishus ble nesten ubeboelig p\u00e5 grunn av alt for mye etterklang. Med bare harde flater spratt lydb\u00f8lgene rundt i huset og ingen fikk \u00abhvile\u00bb. I tillegg til rommene som er vist her er det utf\u00f8rt regulering i musikkrom, trapp og kjeller rom. I forkant av reguleringen ble det utf\u00f8rt lydm\u00e5linger, beregninger og&hellip;<\/p>","protected":false},"author":1,"featured_media":3217,"comment_status":"closed","ping_status":"closed","sticky":false,"template":"","format":"standard","meta":{"_acf_changed":false,"footnotes":""},"categories":[300,28],"tags":[],"class_list":["post-3216","post","type-post","status-publish","format-standard","has-post-thumbnail","hentry","category-bolig","category-referanser"],"acf":[],"yoast_head":"<!-- This site is optimized with the Yoast SEO plugin v27.4 - https:\/\/yoast.com\/product\/yoast-seo-wordpress\/ -->\n<title>Lydregulering av funkisbolig i Oslo - Norsk Akustikksenter<\/title>\n<meta name=\"robots\" content=\"index, follow, max-snippet:-1, max-image-preview:large, max-video-preview:-1\" \/>\n<link rel=\"canonical\" href=\"https:\/\/www.akustikksenter.no\/en\/archive\/soundproofing-of-a-functional-building-in-oslo\/\" \/>\n<meta property=\"og:locale\" content=\"en_GB\" \/>\n<meta property=\"og:type\" content=\"article\" \/>\n<meta property=\"og:title\" content=\"Lydregulering av funkisbolig i Oslo - Norsk Akustikksenter\" \/>\n<meta property=\"og:description\" content=\"Nytt og flott funkishus ble nesten ubeboelig p\u00e5 grunn av alt for mye etterklang. Med bare harde flater spratt lydb\u00f8lgene rundt i huset og ingen fikk \u00abhvile\u00bb. I tillegg til rommene som er vist her er det utf\u00f8rt regulering i musikkrom, trapp og kjeller rom. I forkant av reguleringen ble det utf\u00f8rt lydm\u00e5linger, beregninger og&hellip;\" \/>\n<meta property=\"og:url\" content=\"https:\/\/www.akustikksenter.no\/en\/archive\/soundproofing-of-a-functional-building-in-oslo\/\" \/>\n<meta property=\"og:site_name\" content=\"Norsk Akustikksenter\" \/>\n<meta property=\"article:publisher\" content=\"https:\/\/www.facebook.com\/Akustikksenter\/\" \/>\n<meta property=\"article:published_time\" content=\"2017-09-11T13:36:13+00:00\" \/>\n<meta property=\"article:modified_time\" content=\"2018-11-15T14:11:06+00:00\" \/>\n<meta property=\"og:image\" content=\"https:\/\/www.akustikksenter.no\/wp-content\/uploads\/2017\/09\/image1-e1505136602263.jpg\" \/>\n\t<meta property=\"og:image:width\" content=\"1920\" \/>\n\t<meta property=\"og:image:height\" content=\"1440\" \/>\n\t<meta property=\"og:image:type\" content=\"image\/jpeg\" \/>\n<meta name=\"author\" content=\"administrator\" \/>\n<meta name=\"twitter:label1\" content=\"Written by\" \/>\n\t<meta name=\"twitter:data1\" content=\"administrator\" \/>\n\t<meta name=\"twitter:label2\" content=\"Estimated reading time\" \/>\n\t<meta name=\"twitter:data2\" content=\"1 minute\" \/>\n<script type=\"application\/ld+json\" class=\"yoast-schema-graph\">{\"@context\":\"https:\\\/\\\/schema.org\",\"@graph\":[{\"@type\":\"Article\",\"@id\":\"https:\\\/\\\/www.akustikksenter.no\\\/arkiv\\\/lydregulering-av-funkisbolig-oslo\\\/#article\",\"isPartOf\":{\"@id\":\"https:\\\/\\\/www.akustikksenter.no\\\/arkiv\\\/lydregulering-av-funkisbolig-oslo\\\/\"},\"author\":{\"name\":\"administrator\",\"@id\":\"https:\\\/\\\/www.akustikksenter.no\\\/#\\\/schema\\\/person\\\/8211b23de1062ef1805514ef9bdc3d4b\"},\"headline\":\"Lydregulering av funkisbolig i Oslo\",\"datePublished\":\"2017-09-11T13:36:13+00:00\",\"dateModified\":\"2018-11-15T14:11:06+00:00\",\"mainEntityOfPage\":{\"@id\":\"https:\\\/\\\/www.akustikksenter.no\\\/arkiv\\\/lydregulering-av-funkisbolig-oslo\\\/\"},\"wordCount\":132,\"publisher\":{\"@id\":\"https:\\\/\\\/www.akustikksenter.no\\\/#organization\"},\"image\":{\"@id\":\"https:\\\/\\\/www.akustikksenter.no\\\/arkiv\\\/lydregulering-av-funkisbolig-oslo\\\/#primaryimage\"},\"thumbnailUrl\":\"https:\\\/\\\/www.akustikksenter.no\\\/wp-content\\\/uploads\\\/2017\\\/09\\\/image1-e1505136602263.jpg\",\"articleSection\":[\"Privat bolig\",\"Referanser\"],\"inLanguage\":\"en-GB\"},{\"@type\":\"WebPage\",\"@id\":\"https:\\\/\\\/www.akustikksenter.no\\\/arkiv\\\/lydregulering-av-funkisbolig-oslo\\\/\",\"url\":\"https:\\\/\\\/www.akustikksenter.no\\\/arkiv\\\/lydregulering-av-funkisbolig-oslo\\\/\",\"name\":\"Lydregulering av funkisbolig i Oslo - Norsk Akustikksenter\",\"isPartOf\":{\"@id\":\"https:\\\/\\\/www.akustikksenter.no\\\/#website\"},\"primaryImageOfPage\":{\"@id\":\"https:\\\/\\\/www.akustikksenter.no\\\/arkiv\\\/lydregulering-av-funkisbolig-oslo\\\/#primaryimage\"},\"image\":{\"@id\":\"https:\\\/\\\/www.akustikksenter.no\\\/arkiv\\\/lydregulering-av-funkisbolig-oslo\\\/#primaryimage\"},\"thumbnailUrl\":\"https:\\\/\\\/www.akustikksenter.no\\\/wp-content\\\/uploads\\\/2017\\\/09\\\/image1-e1505136602263.jpg\",\"datePublished\":\"2017-09-11T13:36:13+00:00\",\"dateModified\":\"2018-11-15T14:11:06+00:00\",\"breadcrumb\":{\"@id\":\"https:\\\/\\\/www.akustikksenter.no\\\/arkiv\\\/lydregulering-av-funkisbolig-oslo\\\/#breadcrumb\"},\"inLanguage\":\"en-GB\",\"potentialAction\":[{\"@type\":\"ReadAction\",\"target\":[\"https:\\\/\\\/www.akustikksenter.no\\\/arkiv\\\/lydregulering-av-funkisbolig-oslo\\\/\"]}]},{\"@type\":\"ImageObject\",\"inLanguage\":\"en-GB\",\"@id\":\"https:\\\/\\\/www.akustikksenter.no\\\/arkiv\\\/lydregulering-av-funkisbolig-oslo\\\/#primaryimage\",\"url\":\"https:\\\/\\\/www.akustikksenter.no\\\/wp-content\\\/uploads\\\/2017\\\/09\\\/image1-e1505136602263.jpg\",\"contentUrl\":\"https:\\\/\\\/www.akustikksenter.no\\\/wp-content\\\/uploads\\\/2017\\\/09\\\/image1-e1505136602263.jpg\",\"width\":1920,\"height\":1440},{\"@type\":\"BreadcrumbList\",\"@id\":\"https:\\\/\\\/www.akustikksenter.no\\\/arkiv\\\/lydregulering-av-funkisbolig-oslo\\\/#breadcrumb\",\"itemListElement\":[{\"@type\":\"ListItem\",\"position\":1,\"name\":\"Hjem\",\"item\":\"https:\\\/\\\/www.akustikksenter.no\\\/\"},{\"@type\":\"ListItem\",\"position\":2,\"name\":\"Referanser\",\"item\":\"https:\\\/\\\/www.akustikksenter.no\\\/kategori\\\/referanser\\\/\"},{\"@type\":\"ListItem\",\"position\":3,\"name\":\"Lydregulering av funkisbolig i Oslo\"}]},{\"@type\":\"WebSite\",\"@id\":\"https:\\\/\\\/www.akustikksenter.no\\\/#website\",\"url\":\"https:\\\/\\\/www.akustikksenter.no\\\/\",\"name\":\"Norsk Akustikksenter\",\"description\":\"Totalleverand\u00f8r av akustikkl\u00f8sninger\",\"publisher\":{\"@id\":\"https:\\\/\\\/www.akustikksenter.no\\\/#organization\"},\"potentialAction\":[{\"@type\":\"SearchAction\",\"target\":{\"@type\":\"EntryPoint\",\"urlTemplate\":\"https:\\\/\\\/www.akustikksenter.no\\\/?s={search_term_string}\"},\"query-input\":{\"@type\":\"PropertyValueSpecification\",\"valueRequired\":true,\"valueName\":\"search_term_string\"}}],\"inLanguage\":\"en-GB\"},{\"@type\":\"Organization\",\"@id\":\"https:\\\/\\\/www.akustikksenter.no\\\/#organization\",\"name\":\"Norsk Akustikksenter\",\"alternateName\":\"Akustikksenter\",\"url\":\"https:\\\/\\\/www.akustikksenter.no\\\/\",\"logo\":{\"@type\":\"ImageObject\",\"inLanguage\":\"en-GB\",\"@id\":\"https:\\\/\\\/www.akustikksenter.no\\\/#\\\/schema\\\/logo\\\/image\\\/\",\"url\":\"https:\\\/\\\/www.akustikksenter.no\\\/wp-content\\\/uploads\\\/2018\\\/02\\\/Norsk-Akkustikksenter_nyLogo_payoff-3-e1518606723632.png\",\"contentUrl\":\"https:\\\/\\\/www.akustikksenter.no\\\/wp-content\\\/uploads\\\/2018\\\/02\\\/Norsk-Akkustikksenter_nyLogo_payoff-3-e1518606723632.png\",\"width\":232,\"height\":93,\"caption\":\"Norsk Akustikksenter\"},\"image\":{\"@id\":\"https:\\\/\\\/www.akustikksenter.no\\\/#\\\/schema\\\/logo\\\/image\\\/\"},\"sameAs\":[\"https:\\\/\\\/www.facebook.com\\\/Akustikksenter\\\/\",\"https:\\\/\\\/www.pinterest.com\\\/akustikksenter\\\/\",\"https:\\\/\\\/www.instagram.com\\\/akustikksenter_norway\\\/\",\"https:\\\/\\\/no.linkedin.com\\\/company\\\/norsk-akustikksenter-as\"]},{\"@type\":\"Person\",\"@id\":\"https:\\\/\\\/www.akustikksenter.no\\\/#\\\/schema\\\/person\\\/8211b23de1062ef1805514ef9bdc3d4b\",\"name\":\"administrator\"}]}<\/script>\n<!-- \/ Yoast SEO plugin. -->","yoast_head_json":{"title":"Sound control of a functionalist house in Oslo - Norsk Akustikksenter","robots":{"index":"index","follow":"follow","max-snippet":"max-snippet:-1","max-image-preview":"max-image-preview:large","max-video-preview":"max-video-preview:-1"},"canonical":"https:\/\/www.akustikksenter.no\/en\/archive\/soundproofing-of-a-functional-building-in-oslo\/","og_locale":"en_GB","og_type":"article","og_title":"Lydregulering av funkisbolig i Oslo - Norsk Akustikksenter","og_description":"Nytt og flott funkishus ble nesten ubeboelig p\u00e5 grunn av alt for mye etterklang. Med bare harde flater spratt lydb\u00f8lgene rundt i huset og ingen fikk \u00abhvile\u00bb. I tillegg til rommene som er vist her er det utf\u00f8rt regulering i musikkrom, trapp og kjeller rom. I forkant av reguleringen ble det utf\u00f8rt lydm\u00e5linger, beregninger og&hellip;","og_url":"https:\/\/www.akustikksenter.no\/en\/archive\/soundproofing-of-a-functional-building-in-oslo\/","og_site_name":"Norsk Akustikksenter","article_publisher":"https:\/\/www.facebook.com\/Akustikksenter\/","article_published_time":"2017-09-11T13:36:13+00:00","article_modified_time":"2018-11-15T14:11:06+00:00","og_image":[{"width":1920,"height":1440,"url":"https:\/\/www.akustikksenter.no\/wp-content\/uploads\/2017\/09\/image1-e1505136602263.jpg","type":"image\/jpeg"}],"author":"administrator","twitter_misc":{"Written by":"administrator","Estimated reading time":"1 minute"},"schema":{"@context":"https:\/\/schema.org","@graph":[{"@type":"Article","@id":"https:\/\/www.akustikksenter.no\/arkiv\/lydregulering-av-funkisbolig-oslo\/#article","isPartOf":{"@id":"https:\/\/www.akustikksenter.no\/arkiv\/lydregulering-av-funkisbolig-oslo\/"},"author":{"name":"administrator","@id":"https:\/\/www.akustikksenter.no\/#\/schema\/person\/8211b23de1062ef1805514ef9bdc3d4b"},"headline":"Lydregulering av funkisbolig i Oslo","datePublished":"2017-09-11T13:36:13+00:00","dateModified":"2018-11-15T14:11:06+00:00","mainEntityOfPage":{"@id":"https:\/\/www.akustikksenter.no\/arkiv\/lydregulering-av-funkisbolig-oslo\/"},"wordCount":132,"publisher":{"@id":"https:\/\/www.akustikksenter.no\/#organization"},"image":{"@id":"https:\/\/www.akustikksenter.no\/arkiv\/lydregulering-av-funkisbolig-oslo\/#primaryimage"},"thumbnailUrl":"https:\/\/www.akustikksenter.no\/wp-content\/uploads\/2017\/09\/image1-e1505136602263.jpg","articleSection":["Privat bolig","Referanser"],"inLanguage":"en-GB"},{"@type":"WebPage","@id":"https:\/\/www.akustikksenter.no\/arkiv\/lydregulering-av-funkisbolig-oslo\/","url":"https:\/\/www.akustikksenter.no\/arkiv\/lydregulering-av-funkisbolig-oslo\/","name":"Sound control of a functionalist house in Oslo - Norsk Akustikksenter","isPartOf":{"@id":"https:\/\/www.akustikksenter.no\/#website"},"primaryImageOfPage":{"@id":"https:\/\/www.akustikksenter.no\/arkiv\/lydregulering-av-funkisbolig-oslo\/#primaryimage"},"image":{"@id":"https:\/\/www.akustikksenter.no\/arkiv\/lydregulering-av-funkisbolig-oslo\/#primaryimage"},"thumbnailUrl":"https:\/\/www.akustikksenter.no\/wp-content\/uploads\/2017\/09\/image1-e1505136602263.jpg","datePublished":"2017-09-11T13:36:13+00:00","dateModified":"2018-11-15T14:11:06+00:00","breadcrumb":{"@id":"https:\/\/www.akustikksenter.no\/arkiv\/lydregulering-av-funkisbolig-oslo\/#breadcrumb"},"inLanguage":"en-GB","potentialAction":[{"@type":"ReadAction","target":["https:\/\/www.akustikksenter.no\/arkiv\/lydregulering-av-funkisbolig-oslo\/"]}]},{"@type":"ImageObject","inLanguage":"en-GB","@id":"https:\/\/www.akustikksenter.no\/arkiv\/lydregulering-av-funkisbolig-oslo\/#primaryimage","url":"https:\/\/www.akustikksenter.no\/wp-content\/uploads\/2017\/09\/image1-e1505136602263.jpg","contentUrl":"https:\/\/www.akustikksenter.no\/wp-content\/uploads\/2017\/09\/image1-e1505136602263.jpg","width":1920,"height":1440},{"@type":"BreadcrumbList","@id":"https:\/\/www.akustikksenter.no\/arkiv\/lydregulering-av-funkisbolig-oslo\/#breadcrumb","itemListElement":[{"@type":"ListItem","position":1,"name":"Hjem","item":"https:\/\/www.akustikksenter.no\/"},{"@type":"ListItem","position":2,"name":"Referanser","item":"https:\/\/www.akustikksenter.no\/kategori\/referanser\/"},{"@type":"ListItem","position":3,"name":"Lydregulering av funkisbolig i Oslo"}]},{"@type":"WebSite","@id":"https:\/\/www.akustikksenter.no\/#website","url":"https:\/\/www.akustikksenter.no\/","name":"Norwegian Acoustics Centre","description":"Total supplier of acoustic solutions","publisher":{"@id":"https:\/\/www.akustikksenter.no\/#organization"},"potentialAction":[{"@type":"SearchAction","target":{"@type":"EntryPoint","urlTemplate":"https:\/\/www.akustikksenter.no\/?s={search_term_string}"},"query-input":{"@type":"PropertyValueSpecification","valueRequired":true,"valueName":"search_term_string"}}],"inLanguage":"en-GB"},{"@type":"Organization","@id":"https:\/\/www.akustikksenter.no\/#organization","name":"Norwegian Acoustics Centre","alternateName":"Akustikksenter","url":"https:\/\/www.akustikksenter.no\/","logo":{"@type":"ImageObject","inLanguage":"en-GB","@id":"https:\/\/www.akustikksenter.no\/#\/schema\/logo\/image\/","url":"https:\/\/www.akustikksenter.no\/wp-content\/uploads\/2018\/02\/Norsk-Akkustikksenter_nyLogo_payoff-3-e1518606723632.png","contentUrl":"https:\/\/www.akustikksenter.no\/wp-content\/uploads\/2018\/02\/Norsk-Akkustikksenter_nyLogo_payoff-3-e1518606723632.png","width":232,"height":93,"caption":"Norsk Akustikksenter"},"image":{"@id":"https:\/\/www.akustikksenter.no\/#\/schema\/logo\/image\/"},"sameAs":["https:\/\/www.facebook.com\/Akustikksenter\/","https:\/\/www.pinterest.com\/akustikksenter\/","https:\/\/www.instagram.com\/akustikksenter_norway\/","https:\/\/no.linkedin.com\/company\/norsk-akustikksenter-as"]},{"@type":"Person","@id":"https:\/\/www.akustikksenter.no\/#\/schema\/person\/8211b23de1062ef1805514ef9bdc3d4b","name":"administrator"}]}},"_links":{"self":[{"href":"https:\/\/www.akustikksenter.no\/en\/wp-json\/wp\/v2\/posts\/3216","targetHints":{"allow":["GET"]}}],"collection":[{"href":"https:\/\/www.akustikksenter.no\/en\/wp-json\/wp\/v2\/posts"}],"about":[{"href":"https:\/\/www.akustikksenter.no\/en\/wp-json\/wp\/v2\/types\/post"}],"author":[{"embeddable":true,"href":"https:\/\/www.akustikksenter.no\/en\/wp-json\/wp\/v2\/users\/1"}],"replies":[{"embeddable":true,"href":"https:\/\/www.akustikksenter.no\/en\/wp-json\/wp\/v2\/comments?post=3216"}],"version-history":[{"count":0,"href":"https:\/\/www.akustikksenter.no\/en\/wp-json\/wp\/v2\/posts\/3216\/revisions"}],"wp:featuredmedia":[{"embeddable":true,"href":"https:\/\/www.akustikksenter.no\/en\/wp-json\/wp\/v2\/media\/3217"}],"wp:attachment":[{"href":"https:\/\/www.akustikksenter.no\/en\/wp-json\/wp\/v2\/media?parent=3216"}],"wp:term":[{"taxonomy":"category","embeddable":true,"href":"https:\/\/www.akustikksenter.no\/en\/wp-json\/wp\/v2\/categories?post=3216"},{"taxonomy":"post_tag","embeddable":true,"href":"https:\/\/www.akustikksenter.no\/en\/wp-json\/wp\/v2\/tags?post=3216"}],"curies":[{"name":"wp","href":"https:\/\/api.w.org\/{rel}","templated":true}]}}