{"id":6245,"date":"2019-08-29T08:57:36","date_gmt":"2019-08-29T06:57:36","guid":{"rendered":"https:\/\/www-akustikksenter.wp3.hcweb.dev\/?p=6245"},"modified":"2025-10-13T14:02:43","modified_gmt":"2025-10-13T12:02:43","slug":"oslo-bus-terminal-in-a-new-look","status":"publish","type":"post","link":"https:\/\/www.akustikksenter.no\/en\/arkiv\/oslo-bussterminal-i-ny-drakt\/","title":{"rendered":"Oslo Bus Terminal in a new look"},"content":{"rendered":"<h3 class=\"wp-block-heading\">Soundproofing of the new Oslo Bus Terminal<\/h3>\n\n\n\n<p>We are proud to have contributed to <a rel=\"noreferrer noopener\" href=\"https:\/\/obtblogg.no\/\" target=\"_blank\">Oslo Bus Terminals<\/a> facelift and, not least, contributed to much better acoustics at the terminal. Customised absorbers were supplied in the form of suspended baffles. <\/p>\n\n\n\n<p> The product chosen is a customised <a href=\"https:\/\/www.akustikksenter.no\/en\/shop\/wall-and-ceiling-absorbers\/eira-40-sort\/\">Eira<\/a><sup><a href=\"https:\/\/www.akustikksenter.no\/en\/shop\/wall-and-ceiling-absorbers\/eira-40-sort\/\">TM<\/a><\/sup><a href=\"https:\/\/www.akustikksenter.no\/en\/shop\/wall-and-ceiling-absorbers\/eira-40-sort\/\">black <\/a>40mm. Class A. <a href=\"https:\/\/www.akustikksenter.no\/en\/shop\/wall-and-ceiling-absorbers\/vertical-silencer\/\">Vertical baffle.<\/a> Mounted with steel wire.<\/p>\n\n\n\n<p style=\"color:#e2570f\" class=\"has-text-color has-background has-very-light-gray-background-color\"><em>We thank you for the assignment<\/em>!<\/p>\n\n\n\n<ul class=\"wp-block-gallery columns-3 is-cropped wp-block-gallery-1 is-layout-flex wp-block-gallery-is-layout-flex\"><li class=\"blocks-gallery-item\"><figure><img decoding=\"async\" width=\"768\" height=\"1024\" src=\"https:\/\/www.akustikksenter.no\/wp-content\/uploads\/2019\/08\/Bilde-4-copy-768x1024.jpg\" alt=\"\" data-id=\"6247\" data-link=\"https:\/\/www.akustikksenter.no\/?attachment_id=6247\" class=\"wp-image-6247\" srcset=\"https:\/\/www.akustikksenter.no\/wp-content\/uploads\/2019\/08\/Bilde-4-copy-768x1024.jpg 768w, https:\/\/www.akustikksenter.no\/wp-content\/uploads\/2019\/08\/Bilde-4-copy-scaled-800x1067.jpg 800w, https:\/\/www.akustikksenter.no\/wp-content\/uploads\/2019\/08\/Bilde-4-copy-225x300.jpg 225w, https:\/\/www.akustikksenter.no\/wp-content\/uploads\/2019\/08\/Bilde-4-copy-250x333.jpg 250w, https:\/\/www.akustikksenter.no\/wp-content\/uploads\/2019\/08\/Bilde-4-copy-scaled-500x667.jpg 500w, https:\/\/www.akustikksenter.no\/wp-content\/uploads\/2019\/08\/Bilde-4-copy-scaled.jpg 1920w\" sizes=\"(max-width: 768px) 100vw, 768px\" \/><\/figure><\/li><li class=\"blocks-gallery-item\"><figure><img decoding=\"async\" width=\"1024\" height=\"768\" src=\"https:\/\/www.akustikksenter.no\/wp-content\/uploads\/2019\/08\/Bilde-5-copy-1024x768.jpg\" alt=\"\" data-id=\"6248\" data-link=\"https:\/\/www.akustikksenter.no\/?attachment_id=6248\" class=\"wp-image-6248\" srcset=\"https:\/\/www.akustikksenter.no\/wp-content\/uploads\/2019\/08\/Bilde-5-copy-1024x768.jpg 1024w, https:\/\/www.akustikksenter.no\/wp-content\/uploads\/2019\/08\/Bilde-5-copy-scaled-800x600.jpg 800w, https:\/\/www.akustikksenter.no\/wp-content\/uploads\/2019\/08\/Bilde-5-copy-300x225.jpg 300w, https:\/\/www.akustikksenter.no\/wp-content\/uploads\/2019\/08\/Bilde-5-copy-768x576.jpg 768w, https:\/\/www.akustikksenter.no\/wp-content\/uploads\/2019\/08\/Bilde-5-copy-250x188.jpg 250w, https:\/\/www.akustikksenter.no\/wp-content\/uploads\/2019\/08\/Bilde-5-copy-scaled-500x375.jpg 500w\" sizes=\"(max-width: 1024px) 100vw, 1024px\" \/><\/figure><\/li><li class=\"blocks-gallery-item\"><figure><img decoding=\"async\" width=\"1024\" height=\"768\" src=\"https:\/\/www.akustikksenter.no\/wp-content\/uploads\/2019\/08\/Bilde-2-copy-1024x768.jpg\" alt=\"\" data-id=\"6250\" data-link=\"https:\/\/www.akustikksenter.no\/?attachment_id=6250\" class=\"wp-image-6250\" srcset=\"https:\/\/www.akustikksenter.no\/wp-content\/uploads\/2019\/08\/Bilde-2-copy-1024x768.jpg 1024w, https:\/\/www.akustikksenter.no\/wp-content\/uploads\/2019\/08\/Bilde-2-copy-scaled-800x600.jpg 800w, https:\/\/www.akustikksenter.no\/wp-content\/uploads\/2019\/08\/Bilde-2-copy-300x225.jpg 300w, https:\/\/www.akustikksenter.no\/wp-content\/uploads\/2019\/08\/Bilde-2-copy-768x576.jpg 768w, https:\/\/www.akustikksenter.no\/wp-content\/uploads\/2019\/08\/Bilde-2-copy-250x188.jpg 250w, https:\/\/www.akustikksenter.no\/wp-content\/uploads\/2019\/08\/Bilde-2-copy-scaled-500x375.jpg 500w\" sizes=\"(max-width: 1024px) 100vw, 1024px\" \/><\/figure><\/li><li class=\"blocks-gallery-item\"><figure><img decoding=\"async\" width=\"1024\" height=\"768\" src=\"https:\/\/www.akustikksenter.no\/wp-content\/uploads\/2019\/08\/Bilde-3-copy-1024x768.jpg\" alt=\"\" data-id=\"6251\" data-link=\"https:\/\/www.akustikksenter.no\/?attachment_id=6251\" class=\"wp-image-6251\" srcset=\"https:\/\/www.akustikksenter.no\/wp-content\/uploads\/2019\/08\/Bilde-3-copy-1024x768.jpg 1024w, https:\/\/www.akustikksenter.no\/wp-content\/uploads\/2019\/08\/Bilde-3-copy-scaled-800x600.jpg 800w, https:\/\/www.akustikksenter.no\/wp-content\/uploads\/2019\/08\/Bilde-3-copy-300x225.jpg 300w, https:\/\/www.akustikksenter.no\/wp-content\/uploads\/2019\/08\/Bilde-3-copy-768x576.jpg 768w, https:\/\/www.akustikksenter.no\/wp-content\/uploads\/2019\/08\/Bilde-3-copy-250x188.jpg 250w, https:\/\/www.akustikksenter.no\/wp-content\/uploads\/2019\/08\/Bilde-3-copy-scaled-500x375.jpg 500w\" sizes=\"(max-width: 1024px) 100vw, 1024px\" \/><\/figure><\/li><\/ul>","protected":false},"excerpt":{"rendered":"<p>Soundproofing of the new Oslo Bus Terminal We are proud to have contributed to Oslo Bus Terminal's facelift and not least contributed to much better acoustics at the terminal. Specially produced absorbers in the form of hanging baffles were supplied. The product chosen is a customised EiraTMblack 40mm. Class A. Vertical baffle. Mounted with steel wire. We...<\/p>","protected":false},"author":1,"featured_media":6254,"comment_status":"closed","ping_status":"closed","sticky":false,"template":"","format":"standard","meta":{"_acf_changed":false,"footnotes":""},"categories":[26,368,28],"tags":[],"class_list":["post-6245","post","type-post","status-publish","format-standard","has-post-thumbnail","hentry","category-aktuelt","category-offentlig-industri-og-naeringsbygg","category-referanser"],"acf":[],"yoast_head":"<!-- This site is optimized with the Yoast SEO plugin v27.4 - https:\/\/yoast.com\/product\/yoast-seo-wordpress\/ -->\n<title>Oslo Bussterminal i ny drakt - Norsk Akustikksenter<\/title>\n<meta name=\"robots\" content=\"index, follow, max-snippet:-1, max-image-preview:large, max-video-preview:-1\" \/>\n<link rel=\"canonical\" href=\"https:\/\/www.akustikksenter.no\/en\/archive\/oslo-bus-terminal-in-a-new-look\/\" \/>\n<meta property=\"og:locale\" content=\"en_GB\" \/>\n<meta property=\"og:type\" content=\"article\" \/>\n<meta property=\"og:title\" content=\"Oslo Bussterminal i ny drakt - Norsk Akustikksenter\" \/>\n<meta property=\"og:description\" content=\"Lyddemping av nye Oslo Bussterminal Vi er stolte av \u00e5 ha bidratt til Oslo Bussterminals ansiktsl\u00f8ft og ikke minst bidratt til en mye bedre akustikk p\u00e5 terminalen. Her ble det levert spesialproduserte absorbenter i form av hengende baffler. Produktet som ble valgt er en spesialtilpasset EiraTMsvart 40mm. Klasse A. Vertikal baffel. Montert med st\u00e5lwire. Vi&hellip;\" \/>\n<meta property=\"og:url\" content=\"https:\/\/www.akustikksenter.no\/en\/archive\/oslo-bus-terminal-in-a-new-look\/\" \/>\n<meta property=\"og:site_name\" content=\"Norsk Akustikksenter\" \/>\n<meta property=\"article:publisher\" content=\"https:\/\/www.facebook.com\/Akustikksenter\/\" \/>\n<meta property=\"article:published_time\" content=\"2019-08-29T06:57:36+00:00\" \/>\n<meta property=\"article:modified_time\" content=\"2025-10-13T12:02:43+00:00\" \/>\n<meta property=\"og:image\" content=\"https:\/\/www.akustikksenter.no\/wp-content\/uploads\/2019\/08\/Hovedbilde-1-Oslo-Bussterminal_med-logo-scaled.jpg\" \/>\n\t<meta property=\"og:image:width\" content=\"2560\" \/>\n\t<meta property=\"og:image:height\" content=\"1636\" \/>\n\t<meta property=\"og:image:type\" content=\"image\/jpeg\" \/>\n<meta name=\"author\" content=\"administrator\" \/>\n<meta name=\"twitter:label1\" content=\"Written by\" \/>\n\t<meta name=\"twitter:data1\" content=\"administrator\" \/>\n<script type=\"application\/ld+json\" class=\"yoast-schema-graph\">{\"@context\":\"https:\\\/\\\/schema.org\",\"@graph\":[{\"@type\":\"Article\",\"@id\":\"https:\\\/\\\/www.akustikksenter.no\\\/arkiv\\\/oslo-bussterminal-i-ny-drakt\\\/#article\",\"isPartOf\":{\"@id\":\"https:\\\/\\\/www.akustikksenter.no\\\/arkiv\\\/oslo-bussterminal-i-ny-drakt\\\/\"},\"author\":{\"name\":\"administrator\",\"@id\":\"https:\\\/\\\/www.akustikksenter.no\\\/#\\\/schema\\\/person\\\/8211b23de1062ef1805514ef9bdc3d4b\"},\"headline\":\"Oslo Bussterminal i ny drakt\",\"datePublished\":\"2019-08-29T06:57:36+00:00\",\"dateModified\":\"2025-10-13T12:02:43+00:00\",\"mainEntityOfPage\":{\"@id\":\"https:\\\/\\\/www.akustikksenter.no\\\/arkiv\\\/oslo-bussterminal-i-ny-drakt\\\/\"},\"wordCount\":66,\"publisher\":{\"@id\":\"https:\\\/\\\/www.akustikksenter.no\\\/#organization\"},\"image\":{\"@id\":\"https:\\\/\\\/www.akustikksenter.no\\\/arkiv\\\/oslo-bussterminal-i-ny-drakt\\\/#primaryimage\"},\"thumbnailUrl\":\"https:\\\/\\\/www.akustikksenter.no\\\/wp-content\\\/uploads\\\/2019\\\/08\\\/Hovedbilde-1-Oslo-Bussterminal_med-logo-scaled.jpg\",\"articleSection\":[\"Aktuelt\",\"Offentlig, industri og n\u00e6ringsbygg\",\"Referanser\"],\"inLanguage\":\"en-GB\"},{\"@type\":\"WebPage\",\"@id\":\"https:\\\/\\\/www.akustikksenter.no\\\/arkiv\\\/oslo-bussterminal-i-ny-drakt\\\/\",\"url\":\"https:\\\/\\\/www.akustikksenter.no\\\/arkiv\\\/oslo-bussterminal-i-ny-drakt\\\/\",\"name\":\"Oslo Bussterminal i ny drakt - Norsk Akustikksenter\",\"isPartOf\":{\"@id\":\"https:\\\/\\\/www.akustikksenter.no\\\/#website\"},\"primaryImageOfPage\":{\"@id\":\"https:\\\/\\\/www.akustikksenter.no\\\/arkiv\\\/oslo-bussterminal-i-ny-drakt\\\/#primaryimage\"},\"image\":{\"@id\":\"https:\\\/\\\/www.akustikksenter.no\\\/arkiv\\\/oslo-bussterminal-i-ny-drakt\\\/#primaryimage\"},\"thumbnailUrl\":\"https:\\\/\\\/www.akustikksenter.no\\\/wp-content\\\/uploads\\\/2019\\\/08\\\/Hovedbilde-1-Oslo-Bussterminal_med-logo-scaled.jpg\",\"datePublished\":\"2019-08-29T06:57:36+00:00\",\"dateModified\":\"2025-10-13T12:02:43+00:00\",\"breadcrumb\":{\"@id\":\"https:\\\/\\\/www.akustikksenter.no\\\/arkiv\\\/oslo-bussterminal-i-ny-drakt\\\/#breadcrumb\"},\"inLanguage\":\"en-GB\",\"potentialAction\":[{\"@type\":\"ReadAction\",\"target\":[\"https:\\\/\\\/www.akustikksenter.no\\\/arkiv\\\/oslo-bussterminal-i-ny-drakt\\\/\"]}]},{\"@type\":\"ImageObject\",\"inLanguage\":\"en-GB\",\"@id\":\"https:\\\/\\\/www.akustikksenter.no\\\/arkiv\\\/oslo-bussterminal-i-ny-drakt\\\/#primaryimage\",\"url\":\"https:\\\/\\\/www.akustikksenter.no\\\/wp-content\\\/uploads\\\/2019\\\/08\\\/Hovedbilde-1-Oslo-Bussterminal_med-logo-scaled.jpg\",\"contentUrl\":\"https:\\\/\\\/www.akustikksenter.no\\\/wp-content\\\/uploads\\\/2019\\\/08\\\/Hovedbilde-1-Oslo-Bussterminal_med-logo-scaled.jpg\",\"width\":2560,\"height\":1636},{\"@type\":\"BreadcrumbList\",\"@id\":\"https:\\\/\\\/www.akustikksenter.no\\\/arkiv\\\/oslo-bussterminal-i-ny-drakt\\\/#breadcrumb\",\"itemListElement\":[{\"@type\":\"ListItem\",\"position\":1,\"name\":\"Hjem\",\"item\":\"https:\\\/\\\/www.akustikksenter.no\\\/\"},{\"@type\":\"ListItem\",\"position\":2,\"name\":\"Aktuelt\",\"item\":\"https:\\\/\\\/www.akustikksenter.no\\\/kategori\\\/aktuelt\\\/\"},{\"@type\":\"ListItem\",\"position\":3,\"name\":\"Oslo Bussterminal i ny drakt\"}]},{\"@type\":\"WebSite\",\"@id\":\"https:\\\/\\\/www.akustikksenter.no\\\/#website\",\"url\":\"https:\\\/\\\/www.akustikksenter.no\\\/\",\"name\":\"Norsk Akustikksenter\",\"description\":\"Totalleverand\u00f8r av akustikkl\u00f8sninger\",\"publisher\":{\"@id\":\"https:\\\/\\\/www.akustikksenter.no\\\/#organization\"},\"potentialAction\":[{\"@type\":\"SearchAction\",\"target\":{\"@type\":\"EntryPoint\",\"urlTemplate\":\"https:\\\/\\\/www.akustikksenter.no\\\/?s={search_term_string}\"},\"query-input\":{\"@type\":\"PropertyValueSpecification\",\"valueRequired\":true,\"valueName\":\"search_term_string\"}}],\"inLanguage\":\"en-GB\"},{\"@type\":\"Organization\",\"@id\":\"https:\\\/\\\/www.akustikksenter.no\\\/#organization\",\"name\":\"Norsk Akustikksenter\",\"alternateName\":\"Akustikksenter\",\"url\":\"https:\\\/\\\/www.akustikksenter.no\\\/\",\"logo\":{\"@type\":\"ImageObject\",\"inLanguage\":\"en-GB\",\"@id\":\"https:\\\/\\\/www.akustikksenter.no\\\/#\\\/schema\\\/logo\\\/image\\\/\",\"url\":\"https:\\\/\\\/www.akustikksenter.no\\\/wp-content\\\/uploads\\\/2018\\\/02\\\/Norsk-Akkustikksenter_nyLogo_payoff-3-e1518606723632.png\",\"contentUrl\":\"https:\\\/\\\/www.akustikksenter.no\\\/wp-content\\\/uploads\\\/2018\\\/02\\\/Norsk-Akkustikksenter_nyLogo_payoff-3-e1518606723632.png\",\"width\":232,\"height\":93,\"caption\":\"Norsk Akustikksenter\"},\"image\":{\"@id\":\"https:\\\/\\\/www.akustikksenter.no\\\/#\\\/schema\\\/logo\\\/image\\\/\"},\"sameAs\":[\"https:\\\/\\\/www.facebook.com\\\/Akustikksenter\\\/\",\"https:\\\/\\\/www.pinterest.com\\\/akustikksenter\\\/\",\"https:\\\/\\\/www.instagram.com\\\/akustikksenter_norway\\\/\",\"https:\\\/\\\/no.linkedin.com\\\/company\\\/norsk-akustikksenter-as\"]},{\"@type\":\"Person\",\"@id\":\"https:\\\/\\\/www.akustikksenter.no\\\/#\\\/schema\\\/person\\\/8211b23de1062ef1805514ef9bdc3d4b\",\"name\":\"administrator\"}]}<\/script>\n<!-- \/ Yoast SEO plugin. -->","yoast_head_json":{"title":"Oslo Bus Terminal in a new look - Norwegian Acoustics Centre","robots":{"index":"index","follow":"follow","max-snippet":"max-snippet:-1","max-image-preview":"max-image-preview:large","max-video-preview":"max-video-preview:-1"},"canonical":"https:\/\/www.akustikksenter.no\/en\/archive\/oslo-bus-terminal-in-a-new-look\/","og_locale":"en_GB","og_type":"article","og_title":"Oslo Bussterminal i ny drakt - Norsk Akustikksenter","og_description":"Lyddemping av nye Oslo Bussterminal Vi er stolte av \u00e5 ha bidratt til Oslo Bussterminals ansiktsl\u00f8ft og ikke minst bidratt til en mye bedre akustikk p\u00e5 terminalen. Her ble det levert spesialproduserte absorbenter i form av hengende baffler. Produktet som ble valgt er en spesialtilpasset EiraTMsvart 40mm. Klasse A. Vertikal baffel. Montert med st\u00e5lwire. Vi&hellip;","og_url":"https:\/\/www.akustikksenter.no\/en\/archive\/oslo-bus-terminal-in-a-new-look\/","og_site_name":"Norsk Akustikksenter","article_publisher":"https:\/\/www.facebook.com\/Akustikksenter\/","article_published_time":"2019-08-29T06:57:36+00:00","article_modified_time":"2025-10-13T12:02:43+00:00","og_image":[{"width":2560,"height":1636,"url":"https:\/\/www.akustikksenter.no\/wp-content\/uploads\/2019\/08\/Hovedbilde-1-Oslo-Bussterminal_med-logo-scaled.jpg","type":"image\/jpeg"}],"author":"administrator","twitter_misc":{"Written by":"administrator"},"schema":{"@context":"https:\/\/schema.org","@graph":[{"@type":"Article","@id":"https:\/\/www.akustikksenter.no\/arkiv\/oslo-bussterminal-i-ny-drakt\/#article","isPartOf":{"@id":"https:\/\/www.akustikksenter.no\/arkiv\/oslo-bussterminal-i-ny-drakt\/"},"author":{"name":"administrator","@id":"https:\/\/www.akustikksenter.no\/#\/schema\/person\/8211b23de1062ef1805514ef9bdc3d4b"},"headline":"Oslo Bussterminal i ny drakt","datePublished":"2019-08-29T06:57:36+00:00","dateModified":"2025-10-13T12:02:43+00:00","mainEntityOfPage":{"@id":"https:\/\/www.akustikksenter.no\/arkiv\/oslo-bussterminal-i-ny-drakt\/"},"wordCount":66,"publisher":{"@id":"https:\/\/www.akustikksenter.no\/#organization"},"image":{"@id":"https:\/\/www.akustikksenter.no\/arkiv\/oslo-bussterminal-i-ny-drakt\/#primaryimage"},"thumbnailUrl":"https:\/\/www.akustikksenter.no\/wp-content\/uploads\/2019\/08\/Hovedbilde-1-Oslo-Bussterminal_med-logo-scaled.jpg","articleSection":["Aktuelt","Offentlig, industri og n\u00e6ringsbygg","Referanser"],"inLanguage":"en-GB"},{"@type":"WebPage","@id":"https:\/\/www.akustikksenter.no\/arkiv\/oslo-bussterminal-i-ny-drakt\/","url":"https:\/\/www.akustikksenter.no\/arkiv\/oslo-bussterminal-i-ny-drakt\/","name":"Oslo Bus Terminal in a new look - Norwegian Acoustics Centre","isPartOf":{"@id":"https:\/\/www.akustikksenter.no\/#website"},"primaryImageOfPage":{"@id":"https:\/\/www.akustikksenter.no\/arkiv\/oslo-bussterminal-i-ny-drakt\/#primaryimage"},"image":{"@id":"https:\/\/www.akustikksenter.no\/arkiv\/oslo-bussterminal-i-ny-drakt\/#primaryimage"},"thumbnailUrl":"https:\/\/www.akustikksenter.no\/wp-content\/uploads\/2019\/08\/Hovedbilde-1-Oslo-Bussterminal_med-logo-scaled.jpg","datePublished":"2019-08-29T06:57:36+00:00","dateModified":"2025-10-13T12:02:43+00:00","breadcrumb":{"@id":"https:\/\/www.akustikksenter.no\/arkiv\/oslo-bussterminal-i-ny-drakt\/#breadcrumb"},"inLanguage":"en-GB","potentialAction":[{"@type":"ReadAction","target":["https:\/\/www.akustikksenter.no\/arkiv\/oslo-bussterminal-i-ny-drakt\/"]}]},{"@type":"ImageObject","inLanguage":"en-GB","@id":"https:\/\/www.akustikksenter.no\/arkiv\/oslo-bussterminal-i-ny-drakt\/#primaryimage","url":"https:\/\/www.akustikksenter.no\/wp-content\/uploads\/2019\/08\/Hovedbilde-1-Oslo-Bussterminal_med-logo-scaled.jpg","contentUrl":"https:\/\/www.akustikksenter.no\/wp-content\/uploads\/2019\/08\/Hovedbilde-1-Oslo-Bussterminal_med-logo-scaled.jpg","width":2560,"height":1636},{"@type":"BreadcrumbList","@id":"https:\/\/www.akustikksenter.no\/arkiv\/oslo-bussterminal-i-ny-drakt\/#breadcrumb","itemListElement":[{"@type":"ListItem","position":1,"name":"Hjem","item":"https:\/\/www.akustikksenter.no\/"},{"@type":"ListItem","position":2,"name":"Aktuelt","item":"https:\/\/www.akustikksenter.no\/kategori\/aktuelt\/"},{"@type":"ListItem","position":3,"name":"Oslo Bussterminal i ny drakt"}]},{"@type":"WebSite","@id":"https:\/\/www.akustikksenter.no\/#website","url":"https:\/\/www.akustikksenter.no\/","name":"Norwegian Acoustics Centre","description":"Total supplier of acoustic solutions","publisher":{"@id":"https:\/\/www.akustikksenter.no\/#organization"},"potentialAction":[{"@type":"SearchAction","target":{"@type":"EntryPoint","urlTemplate":"https:\/\/www.akustikksenter.no\/?s={search_term_string}"},"query-input":{"@type":"PropertyValueSpecification","valueRequired":true,"valueName":"search_term_string"}}],"inLanguage":"en-GB"},{"@type":"Organization","@id":"https:\/\/www.akustikksenter.no\/#organization","name":"Norwegian Acoustics Centre","alternateName":"Akustikksenter","url":"https:\/\/www.akustikksenter.no\/","logo":{"@type":"ImageObject","inLanguage":"en-GB","@id":"https:\/\/www.akustikksenter.no\/#\/schema\/logo\/image\/","url":"https:\/\/www.akustikksenter.no\/wp-content\/uploads\/2018\/02\/Norsk-Akkustikksenter_nyLogo_payoff-3-e1518606723632.png","contentUrl":"https:\/\/www.akustikksenter.no\/wp-content\/uploads\/2018\/02\/Norsk-Akkustikksenter_nyLogo_payoff-3-e1518606723632.png","width":232,"height":93,"caption":"Norsk Akustikksenter"},"image":{"@id":"https:\/\/www.akustikksenter.no\/#\/schema\/logo\/image\/"},"sameAs":["https:\/\/www.facebook.com\/Akustikksenter\/","https:\/\/www.pinterest.com\/akustikksenter\/","https:\/\/www.instagram.com\/akustikksenter_norway\/","https:\/\/no.linkedin.com\/company\/norsk-akustikksenter-as"]},{"@type":"Person","@id":"https:\/\/www.akustikksenter.no\/#\/schema\/person\/8211b23de1062ef1805514ef9bdc3d4b","name":"administrator"}]}},"_links":{"self":[{"href":"https:\/\/www.akustikksenter.no\/en\/wp-json\/wp\/v2\/posts\/6245","targetHints":{"allow":["GET"]}}],"collection":[{"href":"https:\/\/www.akustikksenter.no\/en\/wp-json\/wp\/v2\/posts"}],"about":[{"href":"https:\/\/www.akustikksenter.no\/en\/wp-json\/wp\/v2\/types\/post"}],"author":[{"embeddable":true,"href":"https:\/\/www.akustikksenter.no\/en\/wp-json\/wp\/v2\/users\/1"}],"replies":[{"embeddable":true,"href":"https:\/\/www.akustikksenter.no\/en\/wp-json\/wp\/v2\/comments?post=6245"}],"version-history":[{"count":1,"href":"https:\/\/www.akustikksenter.no\/en\/wp-json\/wp\/v2\/posts\/6245\/revisions"}],"predecessor-version":[{"id":13736,"href":"https:\/\/www.akustikksenter.no\/en\/wp-json\/wp\/v2\/posts\/6245\/revisions\/13736"}],"wp:featuredmedia":[{"embeddable":true,"href":"https:\/\/www.akustikksenter.no\/en\/wp-json\/wp\/v2\/media\/6254"}],"wp:attachment":[{"href":"https:\/\/www.akustikksenter.no\/en\/wp-json\/wp\/v2\/media?parent=6245"}],"wp:term":[{"taxonomy":"category","embeddable":true,"href":"https:\/\/www.akustikksenter.no\/en\/wp-json\/wp\/v2\/categories?post=6245"},{"taxonomy":"post_tag","embeddable":true,"href":"https:\/\/www.akustikksenter.no\/en\/wp-json\/wp\/v2\/tags?post=6245"}],"curies":[{"name":"wp","href":"https:\/\/api.w.org\/{rel}","templated":true}]}}